{"id":8565,"date":"2017-04-11T07:24:40","date_gmt":"2017-04-11T07:24:40","guid":{"rendered":"https:\/\/infotorrent.es\/uncategorized\/alimentacion-saludable-y-agricultura-sostenible-en-torrent-con-el-programa-llars-verds\/"},"modified":"2017-04-11T07:22:39","modified_gmt":"2017-04-11T07:22:39","slug":"alimentacion-saludable-y-agricultura-sostenible-en-torrent-con-el-programa-llars-verds","status":"publish","type":"post","link":"https:\/\/infotorrent.es\/ca\/noticies\/alimentacion-saludable-y-agricultura-sostenible-en-torrent-con-el-programa-llars-verds\/","title":{"rendered":"Alimentaci\u00f3 saludable i agricultura sostenible a Torrent amb el programa Llars Verdes"},"content":{"rendered":"<p style=\"text-align: justify;\">La Casa de la Cultura va acollir, la vesprada de dijous, la tercera sessi\u00f3 del programa Llars Verdes; una activitat que t\u00e9 com a objectiu ajudar les fam\u00edlies a fer un consum racional de l\u2019energia, de l\u2019aigua i dels elements que generen residus urbans, i a utilitzar-ne d\u2019altres que milloren el medi ambient i motiven els h\u00e0bits saludables en les fam\u00edlies. La sessi\u00f3 va tractar l\u2019alimentaci\u00f3 saludable i l\u2019agricultura sostenible; un tema molt interessant i actual, ja que Val\u00e8ncia ha sigut nomenada Capital Mundial de l\u2019Alimentaci\u00f3 Sostenible per les Nacions Unides.<\/p>\n","protected":false},"excerpt":{"rendered":"<p>La Casa de la Cultura va acollir, la vesprada de dijous, la tercera sessi\u00f3 del programa Llars Verdes; una activitat que t\u00e9 com a objectiu ajudar les fam\u00edlies a fer un consum racional de l\u2019energia, de l\u2019aigua i dels elements que generen residus urbans, i a utilitzar-ne d\u2019altres que milloren el medi ambient i motiven [&hellip;]<\/p>\n","protected":false},"author":4,"featured_media":1137,"comment_status":"open","ping_status":"open","sticky":false,"template":"","format":"standard","meta":{"_acf_changed":false,"footnotes":""},"categories":[119,116],"tags":[],"class_list":["post-8565","post","type-post","status-publish","format-standard","has-post-thumbnail","hentry","category-medi-ambient","category-noticies"],"acf":[],"_links":{"self":[{"href":"https:\/\/infotorrent.es\/ca\/wp-json\/wp\/v2\/posts\/8565","targetHints":{"allow":["GET"]}}],"collection":[{"href":"https:\/\/infotorrent.es\/ca\/wp-json\/wp\/v2\/posts"}],"about":[{"href":"https:\/\/infotorrent.es\/ca\/wp-json\/wp\/v2\/types\/post"}],"author":[{"embeddable":true,"href":"https:\/\/infotorrent.es\/ca\/wp-json\/wp\/v2\/users\/4"}],"replies":[{"embeddable":true,"href":"https:\/\/infotorrent.es\/ca\/wp-json\/wp\/v2\/comments?post=8565"}],"version-history":[{"count":0,"href":"https:\/\/infotorrent.es\/ca\/wp-json\/wp\/v2\/posts\/8565\/revisions"}],"wp:featuredmedia":[{"embeddable":true,"href":"https:\/\/infotorrent.es\/ca\/wp-json\/wp\/v2\/media\/1137"}],"wp:attachment":[{"href":"https:\/\/infotorrent.es\/ca\/wp-json\/wp\/v2\/media?parent=8565"}],"wp:term":[{"taxonomy":"category","embeddable":true,"href":"https:\/\/infotorrent.es\/ca\/wp-json\/wp\/v2\/categories?post=8565"},{"taxonomy":"post_tag","embeddable":true,"href":"https:\/\/infotorrent.es\/ca\/wp-json\/wp\/v2\/tags?post=8565"}],"curies":[{"name":"wp","href":"https:\/\/api.w.org\/{rel}","templated":true}]}}