{"id":8562,"date":"2017-04-07T09:45:15","date_gmt":"2017-04-07T09:45:15","guid":{"rendered":"https:\/\/infotorrent.es\/uncategorized\/ramon-sanchis-cuenta-la-historia-del-agla\/"},"modified":"2017-04-07T09:45:15","modified_gmt":"2017-04-07T09:45:15","slug":"ramon-sanchis-cuenta-la-historia-del-agla","status":"publish","type":"post","link":"https:\/\/infotorrent.es\/ca\/noticies\/ramon-sanchis-cuenta-la-historia-del-agla\/","title":{"rendered":"Ram\u00f3n Sanchis explica la hist\u00f2ria de l\u2019AGLA"},"content":{"rendered":"<p style=\"text-align: justify;\">La vesprada de dimecres, la sala d\u2019exposicions de l\u2019Espai va acollir la xarrada sobre l\u2019AGLA (Agrupaci\u00f3 Guerrillera de Llevant i Arag\u00f3) oferida per Ram\u00f3n Sanchis; una activitat que s\u2019engloba dins dels actes organitzats amb motiu de l\u2019exposici\u00f3 \u201cImatges d\u2019una trag\u00e8dia\u201d, que es pot visitar fins al dia 8 d\u2019abril. La xarrada oferida per l\u2019investigador i comissari de les commemoracions del 750 aniversari de la Carta de Poblament de Torrent, Ram\u00f3n Sanchis, va explicar, entre altres coses, la hist\u00f2ria detallada dels maquis de la zona de Llevant, des de 1944 fins a 1952. A m\u00e9s, va relatar una s\u00e8rie d\u2019an\u00e8cdotes i esdeveniments que van viure els protagonistes d\u2019esta \u00e8poca, des d\u2019una perspectiva en primera persona. Les activitats\u00a0continuaren ahir a la\u00a0vesprada\u00a0amb una lectura de text, a les 18.30 h, a la sala de l\u2019Espai i hui\u00a0amb un videof\u00f2rum basat en el documental La memoria perdida de Torrent, de Beatriz Villarroya, a la mateixa hora i lloc.<\/p>\n","protected":false},"excerpt":{"rendered":"<p>La vesprada de dimecres, la sala d\u2019exposicions de l\u2019Espai va acollir la xarrada sobre l\u2019AGLA (Agrupaci\u00f3 Guerrillera de Llevant i Arag\u00f3) oferida per Ram\u00f3n Sanchis; una activitat que s\u2019engloba dins dels actes organitzats amb motiu de l\u2019exposici\u00f3 \u201cImatges d\u2019una trag\u00e8dia\u201d, que es pot visitar fins al dia 8 d\u2019abril. La xarrada oferida per l\u2019investigador i [&hellip;]<\/p>\n","protected":false},"author":4,"featured_media":1137,"comment_status":"open","ping_status":"open","sticky":false,"template":"","format":"standard","meta":{"_acf_changed":false,"footnotes":""},"categories":[117,116],"tags":[],"class_list":["post-8562","post","type-post","status-publish","format-standard","has-post-thumbnail","hentry","category-cultura","category-noticies"],"acf":[],"_links":{"self":[{"href":"https:\/\/infotorrent.es\/ca\/wp-json\/wp\/v2\/posts\/8562","targetHints":{"allow":["GET"]}}],"collection":[{"href":"https:\/\/infotorrent.es\/ca\/wp-json\/wp\/v2\/posts"}],"about":[{"href":"https:\/\/infotorrent.es\/ca\/wp-json\/wp\/v2\/types\/post"}],"author":[{"embeddable":true,"href":"https:\/\/infotorrent.es\/ca\/wp-json\/wp\/v2\/users\/4"}],"replies":[{"embeddable":true,"href":"https:\/\/infotorrent.es\/ca\/wp-json\/wp\/v2\/comments?post=8562"}],"version-history":[{"count":0,"href":"https:\/\/infotorrent.es\/ca\/wp-json\/wp\/v2\/posts\/8562\/revisions"}],"wp:featuredmedia":[{"embeddable":true,"href":"https:\/\/infotorrent.es\/ca\/wp-json\/wp\/v2\/media\/1137"}],"wp:attachment":[{"href":"https:\/\/infotorrent.es\/ca\/wp-json\/wp\/v2\/media?parent=8562"}],"wp:term":[{"taxonomy":"category","embeddable":true,"href":"https:\/\/infotorrent.es\/ca\/wp-json\/wp\/v2\/categories?post=8562"},{"taxonomy":"post_tag","embeddable":true,"href":"https:\/\/infotorrent.es\/ca\/wp-json\/wp\/v2\/tags?post=8562"}],"curies":[{"name":"wp","href":"https:\/\/api.w.org\/{rel}","templated":true}]}}