{"id":8556,"date":"2017-04-07T07:17:45","date_gmt":"2017-04-07T07:17:45","guid":{"rendered":"https:\/\/infotorrent.es\/uncategorized\/torrent-liderara-loferta-cultural-amb-ladhesio-al-programa-platea\/"},"modified":"2017-04-07T07:17:45","modified_gmt":"2017-04-07T07:17:45","slug":"torrent-liderara-loferta-cultural-amb-ladhesio-al-programa-platea","status":"publish","type":"post","link":"https:\/\/infotorrent.es\/ca\/noticies\/torrent-liderara-loferta-cultural-amb-ladhesio-al-programa-platea\/","title":{"rendered":"Torrent liderar\u00e0 l\u2019oferta cultural amb l\u2019adhesi\u00f3 al programa PLATEA"},"content":{"rendered":"<p style=\"text-align: center;\"><strong>Un total de huit espectacles se sumen a la programaci\u00f3 habitual de l\u2019Auditori i el convertixen, aix\u00ed, en referent per la quantitat i la qualitat dels espectacles<\/strong><\/p>\n<p style=\"text-align: center;\"><strong>Luis Merlo, Adriana Ozores, Fernando Tejero, Jos\u00e9 Luis Gil, Antonio Molero i Ana Ruiz seran alguns dels actors i actrius que visiten Torrent<\/strong><\/p>\n<p style=\"text-align: justify;\">L\u2019Ajuntament de Torrent s\u2019ha adherit per primera vegada al Programa Estatal de Circulaci\u00f3 d&#8217;Espectacles d&#8217;Arts Esc\u00e8niques en Espais de les Entitats Locals (PLATEA); un programa nacional que es desenvolupar\u00e0 en l\u2019Auditori i que portar\u00e0 al municipi un total de huit espectacles de programaci\u00f3 art\u00edstica professional. Tots se sumen a la programaci\u00f3 habitual que este contenidor cultural tenia previst dur a terme durant el segon semestre de l\u2019any i sobre la qual s\u2019est\u00e0 treballant en estos moments.<br \/>\nEl programa portar\u00e0 a la ciutat de Torrent actors i actrius de renom com ara Luis Merlo, Adriana Ozores, Fernando Tejero, Jos\u00e9 Luis Gil, Antonio Molero i Ana Ruiz entre molts m\u00e9s, que hi actuaran amb les seues grans produccions nacionals. Com ha assenyalat el regidor de l&#8217;\u00c0rea de Cultura, Alfred Costa, en el desdejuni amb la premsa este mat\u00ed: \u201ceste programa permetr\u00e0 convertir l\u2019Auditori i Torrent en un referent cultural, no sols per la quantitat d\u2019espectacles programats, sin\u00f3 per la qualitat de la programaci\u00f3\u201d.<\/p>\n<p style=\"text-align: justify;\">L\u2019aposta de la Delegaci\u00f3 de Cultura per incrementar el nombre de produccions en valenci\u00e0, amb produccions, t\u00e8cnics i artistes valencians des de l\u2019inici de la nova legislatura, permet incorporar estes produccions de caixet nacional i mantindre els percentatges equilibrats de programaci\u00f3 en origen i idioma de les obres. A m\u00e9s, el programa no suposa cap despesa per al consistori, ja que l\u2019adhesi\u00f3 a PLATEA es du a terme a trav\u00e9s d\u2019Olympia Metropolitana, gestora de l\u2019Auditori, qui assumix els costos que pogueren derivar-se\u2019n, at\u00e9s que la major part s\u00f3n assumits pel mateix Institut Nacional d&#8217;Arts Esc\u00e8niques, que garantix el 65 % del caixet a les companyies, i la resta s\u00f3n assumits al 50 % per l\u2019Olympia i les companyies art\u00edstiques contractades.<br \/>\nVora 70.000 euros \u00e9s el valor de les produccions que visitaran Torrent amb l\u2019adhesi\u00f3 a PLATEA, de les quals podr\u00e0 gaudir la capital de la comarca de l&#8217;Horta entre els mesos de juliol i desembre sense cost afegit per a les arques municipals, de manera que es complementa encara m\u00e9s, si aix\u00f2 \u00e9s possible, la prestigiosa oferta cultural de la ciutat i del seu Auditori.<\/p>\n","protected":false},"excerpt":{"rendered":"<p>Un total de huit espectacles se sumen a la programaci\u00f3 habitual de l\u2019Auditori i el convertixen, aix\u00ed, en referent per la quantitat i la qualitat dels espectacles Luis Merlo, Adriana Ozores, Fernando Tejero, Jos\u00e9 Luis Gil, Antonio Molero i Ana Ruiz seran alguns dels actors i actrius que visiten Torrent L\u2019Ajuntament de Torrent s\u2019ha adherit [&hellip;]<\/p>\n","protected":false},"author":4,"featured_media":1137,"comment_status":"open","ping_status":"open","sticky":false,"template":"","format":"standard","meta":{"_acf_changed":false,"footnotes":""},"categories":[117,116],"tags":[],"class_list":["post-8556","post","type-post","status-publish","format-standard","has-post-thumbnail","hentry","category-cultura","category-noticies"],"acf":[],"_links":{"self":[{"href":"https:\/\/infotorrent.es\/ca\/wp-json\/wp\/v2\/posts\/8556","targetHints":{"allow":["GET"]}}],"collection":[{"href":"https:\/\/infotorrent.es\/ca\/wp-json\/wp\/v2\/posts"}],"about":[{"href":"https:\/\/infotorrent.es\/ca\/wp-json\/wp\/v2\/types\/post"}],"author":[{"embeddable":true,"href":"https:\/\/infotorrent.es\/ca\/wp-json\/wp\/v2\/users\/4"}],"replies":[{"embeddable":true,"href":"https:\/\/infotorrent.es\/ca\/wp-json\/wp\/v2\/comments?post=8556"}],"version-history":[{"count":0,"href":"https:\/\/infotorrent.es\/ca\/wp-json\/wp\/v2\/posts\/8556\/revisions"}],"wp:featuredmedia":[{"embeddable":true,"href":"https:\/\/infotorrent.es\/ca\/wp-json\/wp\/v2\/media\/1137"}],"wp:attachment":[{"href":"https:\/\/infotorrent.es\/ca\/wp-json\/wp\/v2\/media?parent=8556"}],"wp:term":[{"taxonomy":"category","embeddable":true,"href":"https:\/\/infotorrent.es\/ca\/wp-json\/wp\/v2\/categories?post=8556"},{"taxonomy":"post_tag","embeddable":true,"href":"https:\/\/infotorrent.es\/ca\/wp-json\/wp\/v2\/tags?post=8556"}],"curies":[{"name":"wp","href":"https:\/\/api.w.org\/{rel}","templated":true}]}}