{"id":85537,"date":"2025-09-08T13:28:41","date_gmt":"2025-09-08T11:28:41","guid":{"rendered":"https:\/\/infotorrent.es\/?p=85537"},"modified":"2025-09-08T13:31:10","modified_gmt":"2025-09-08T11:31:10","slug":"lajuntament-de-torrent-garantix-linici-segur-del-curs-escolar-en-el-ceip-joan-xxiii-amb-transport-especial-dautobusos","status":"publish","type":"post","link":"https:\/\/infotorrent.es\/ca\/noticies\/lajuntament-de-torrent-garantix-linici-segur-del-curs-escolar-en-el-ceip-joan-xxiii-amb-transport-especial-dautobusos\/","title":{"rendered":"L&#8217;ajuntament de Torrent garantix l&#8217;inici segur del curs escolar en el CEIP Joan XXIII amb transport especial d&#8217;autobusos"},"content":{"rendered":"\n<p><strong>Una obertura del curs amb il\u00b7lusi\u00f3 i seguretat gr\u00e0cies al dispositiu d&#8217;autobusos municipals, agents de Policia Local i monitors escolars<\/strong><\/p>\n\n\n\n<p><strong>Torrent, 08 de setembre de 2025.-<\/strong> Torrent ha donat hui la benvinguda al nou curs escolar amb l&#8217;obertura de les aules del CEIP Joan XXIII, un centre educatiu de refer\u00e8ncia a la ciutat que enguany rep a centenars d&#8217;alumnes d&#8217;Infantil i Prim\u00e0ria. La jornada ha transcorregut amb normalitat i amb la il\u00b7lusi\u00f3 pr\u00f2pia del primer dia de classe, tant per part dels xiquets i xiquetes com de les seues fam\u00edlies i del professorat.<\/p>\n\n\n\n<p>L&#8217;inici de curs en el Joan XXIII ha estat marcat per una circumst\u00e0ncia especial: la passarel\u00b7la per als vianants d&#8217;acc\u00e9s al centre greument danyada per la Dana, que es troba en fase de construcci\u00f3. Conscients de la import\u00e0ncia de garantir la seguretat dels escolars i la tranquil\u00b7litat de les fam\u00edlies, l&#8217;Ajuntament de Torrent ha articulat un pla de transport alternatiu mitjan\u00e7ant el servici d&#8217;autobusos discrecional, que des de primera hora del mat\u00ed han traslladat als alumnes fins al col\u00b7legi.<\/p>\n\n\n\n<p>L&#8217;alcaldessa Amparo Folgado, ha manifestat que <strong>\u201cHui hem volgut que el curs escolar en el CEIP Joan XXIII arrancada amb la mateixa il\u00b7lusi\u00f3 de sempre, per\u00f2 tamb\u00e9 amb la tranquil\u00b7litat i seguretat de les fam\u00edlies, sabent que els seus fills compten amb un transport segur al col\u00b7legi.\u201d<\/strong><\/p>\n\n\n\n<p><strong>Transport amb autob\u00fas com a soluci\u00f3 provisional<\/strong><\/p>\n\n\n\n<p>En total, dos autobusos han prestat servici en esta primera jornada escolar, partint des de l&#8217;Escola Infantil de Prim\u00e0ria Joan XXIII cantonada amb el carrer Val\u00e8ncia fins a les instal\u00b7lacions del col\u00b7legi. No es tracta d&#8217;autobusos de l\u00ednia regular, sin\u00f3 d&#8217;un servici espec\u00edfic habilitat exclusivament per als alumnes del centre, com van demanar els pares a l&#8217;alcaldessa.<\/p>\n\n\n\n<p>En esta primera jornada han sigut 99 alumnes de Prim\u00e0ria (de primer a sext) els que han fet \u00fas del servici especial de transport, garantint el seu transport segur i puntual al centre educatiu.<\/p>\n\n\n\n<p>El dispositiu inclou tamb\u00e9 la pres\u00e8ncia de monitors escolars, contractats per l&#8217;ajuntament, de manera independent a l&#8217;empresa de transport, la missi\u00f3 del qual \u00e9s acompanyar als menors en cada trajecte i vetlar per la seua seguretat durant els despla\u00e7aments. Esta mesura ha sigut molt ben rebuda pels pares i mares, en aportar un valor afegit de confian\u00e7a i control en els trasllats.<\/p>\n\n\n\n<p><strong>Seguretat refor\u00e7ada en els accessos<\/strong><\/p>\n\n\n\n<p>A m\u00e9s, durant tota la recollida dels alumnes, dos agents de la Policia Local de Torrent han col\u00b7laborat en l&#8217;operatiu, regulant el tr\u00e0nsit i garantint l&#8217;eixida i l&#8217;acc\u00e9s segur al col\u00b7legi. La coordinaci\u00f3 entre Policia Local, Ajuntament, professorat i fam\u00edlies ha perm\u00e9s que l&#8217;arribada dels alumnes s&#8217;haja desenrotllat amb absoluta normalitat, evitant aglomeracions i possibles incid\u00e8ncies.<\/p>\n\n\n\n<p>El trajecte dels autobusos escolars ha transcorregut a trav\u00e9s del recentment inaugurat pont d&#8217;Alaqu\u00e0s, una infraestructura clau per a millorar la mobilitat en esta zona. A m\u00e9s, la Conselleria va habilitar un pas per als vianants alternatiu pel carrer Maestro Fortea, que pot ser utilitzat per aquelles fam\u00edlies que preferixen acompanyar als seus fills a peu fins al centre educatiu, garantint aix\u00ed diferents opcions d&#8217;acc\u00e9s segures al col\u00b7legi.<\/p>\n\n\n\n<p>L&#8217;alcaldessa, Amparo Folgado destacat que <strong>\u201cla prioritat de l&#8217;Ajuntament \u00e9s que tots els alumnes del Joan XXIII comencen el curs amb total seguretat. Encara que la passarel\u00b7la no estiga encara finalitzada, hem posat a disposici\u00f3 tots els recursos i hem escoltat les fam\u00edlies, per a garantir que els xiquets i xiquetes acudisquen a classe amb totes les garanties de seguretat i des del principi hem buscat solucions immediates que garantisquen la tranquil\u00b7litat de les fam\u00edlies i el benestar dels alumnes\u201d.<\/strong><\/p>\n\n\n\n<p><strong>Un inici de curs amb il\u00b7lusi\u00f3 i responsabilitat<\/strong><\/p>\n\n\n\n<p>El CEIP Joan XXIII ha iniciat hui les seues classes en un ambient d&#8217;entusiasme i retrobament. Els m\u00e9s xicotets han omplit de vida les aules, retrobant-se amb els seus companys i estrenant material escolar. Malgrat les obres a l&#8217;entorn del centre, el curs comen\u00e7a amb les m\u00e0ximes garanties educatives i de seguretat.<\/p>\n\n\n\n<p>Folgado, ha subratllat que <strong>\u201cl&#8217;Ajuntament est\u00e0 bolcat a oferir les millors condicions als alumnes del Joan XXIII. La passarel\u00b7la ser\u00e0 una millora molt significativa i definitiva en la seguretat dels accessos, per\u00f2 mentrestant, este servici de transport especial assegura que el curs arranque sense complicacions i amb tota la confian\u00e7a de les fam\u00edlies\u201d.<\/strong><\/p>\n\n\n\n<p><strong>Comprom\u00eds amb la comunitat educativa<\/strong><\/p>\n\n\n\n<p>L&#8217;Ajuntament de Torrent mant\u00e9 un contacte permanent amb la direcci\u00f3 del centre per a avaluar el funcionament del transport especial, que continuar\u00e0 actiu mentres duren les obres de la passarel\u00b7la, que desitgem que com m\u00e9s prompte millor recupere la normalitat.<\/p>\n\n\n\n<figure class=\"wp-block-image size-large\"><img fetchpriority=\"high\" decoding=\"async\" width=\"1024\" height=\"682\" src=\"https:\/\/infotorrent.es\/wp-content\/uploads\/2025\/09\/6-1024x682.jpg\" alt=\"\" class=\"wp-image-85534\" srcset=\"https:\/\/infotorrent.es\/wp-content\/uploads\/2025\/09\/6-1024x682.jpg 1024w, https:\/\/infotorrent.es\/wp-content\/uploads\/2025\/09\/6-300x200.jpg 300w, https:\/\/infotorrent.es\/wp-content\/uploads\/2025\/09\/6-768x512.jpg 768w, https:\/\/infotorrent.es\/wp-content\/uploads\/2025\/09\/6-1536x1023.jpg 1536w, https:\/\/infotorrent.es\/wp-content\/uploads\/2025\/09\/6.jpg 1600w\" sizes=\"(max-width: 1024px) 100vw, 1024px\" \/><\/figure>\n","protected":false},"excerpt":{"rendered":"<p>Una obertura del curs amb il\u00b7lusi\u00f3 i seguretat gr\u00e0cies al dispositiu d&#8217;autobusos municipals, agents de Policia Local i monitors escolars Torrent, 08 de setembre de 2025.- Torrent ha donat hui la benvinguda al nou curs escolar amb l&#8217;obertura de les aules del CEIP Joan XXIII, un centre educatiu de refer\u00e8ncia a la ciutat que enguany [&hellip;]<\/p>\n","protected":false},"author":21,"featured_media":85534,"comment_status":"open","ping_status":"open","sticky":false,"template":"","format":"standard","meta":{"_acf_changed":false,"footnotes":""},"categories":[116,141,1190,121,132,1158,1192,127],"tags":[],"class_list":["post-85537","post","type-post","status-publish","format-standard","has-post-thumbnail","hentry","category-noticies","category-alcaldia-2","category-ayuntamiento-de-torrent-ca","category-educacio","category-educacion-2","category-educacion-noticias-ca","category-familia-e-infancia-ca","category-noticias-2"],"acf":[],"_links":{"self":[{"href":"https:\/\/infotorrent.es\/ca\/wp-json\/wp\/v2\/posts\/85537","targetHints":{"allow":["GET"]}}],"collection":[{"href":"https:\/\/infotorrent.es\/ca\/wp-json\/wp\/v2\/posts"}],"about":[{"href":"https:\/\/infotorrent.es\/ca\/wp-json\/wp\/v2\/types\/post"}],"author":[{"embeddable":true,"href":"https:\/\/infotorrent.es\/ca\/wp-json\/wp\/v2\/users\/21"}],"replies":[{"embeddable":true,"href":"https:\/\/infotorrent.es\/ca\/wp-json\/wp\/v2\/comments?post=85537"}],"version-history":[{"count":1,"href":"https:\/\/infotorrent.es\/ca\/wp-json\/wp\/v2\/posts\/85537\/revisions"}],"predecessor-version":[{"id":85539,"href":"https:\/\/infotorrent.es\/ca\/wp-json\/wp\/v2\/posts\/85537\/revisions\/85539"}],"wp:featuredmedia":[{"embeddable":true,"href":"https:\/\/infotorrent.es\/ca\/wp-json\/wp\/v2\/media\/85534"}],"wp:attachment":[{"href":"https:\/\/infotorrent.es\/ca\/wp-json\/wp\/v2\/media?parent=85537"}],"wp:term":[{"taxonomy":"category","embeddable":true,"href":"https:\/\/infotorrent.es\/ca\/wp-json\/wp\/v2\/categories?post=85537"},{"taxonomy":"post_tag","embeddable":true,"href":"https:\/\/infotorrent.es\/ca\/wp-json\/wp\/v2\/tags?post=85537"}],"curies":[{"name":"wp","href":"https:\/\/api.w.org\/{rel}","templated":true}]}}