{"id":8553,"date":"2017-04-07T07:06:04","date_gmt":"2017-04-07T07:06:04","guid":{"rendered":"https:\/\/infotorrent.es\/uncategorized\/torrent-inaugura-la-semana-de-la-republica\/"},"modified":"2017-04-07T07:06:04","modified_gmt":"2017-04-07T07:06:04","slug":"torrent-inaugura-la-semana-de-la-republica","status":"publish","type":"post","link":"https:\/\/infotorrent.es\/ca\/noticies\/torrent-inaugura-la-semana-de-la-republica\/","title":{"rendered":"Torrent inaugura la Setmana de la Rep\u00fablica"},"content":{"rendered":"<div style=\"text-align: center;\">\n<p><strong>S\u2019inaugura l\u2019exposici\u00f3 \u201cImatges d\u2019una trag\u00e8dia\u201d<\/strong><\/p>\n<p><strong>Esta vesprada tindr\u00e0 lloc el recital po\u00e8tic de la Generaci\u00f3 del 27 Pon tu voz, on es llegiran obres de Federico Garc\u00eda Lorca, Miguel Hern\u00e1ndez o Vicente Aleixandre, entre d\u2019altres <\/strong><\/p>\n<p><strong>La col\u00b7lecci\u00f3 de 22 acr\u00edlics sobre llen\u00e7 s\u00f3n obra de Miguel March i estan instal\u2022lats a l\u2019Espai de l&#8217;Edifici Metro<\/strong><\/p>\n<p style=\"text-align: justify;\">La plataforma 14 d\u2019Abril de Torrent, amb motiu de la commemoraci\u00f3 del Dia de la Rep\u00fablica que recorda cada any el 14 d\u2019abril, ha organitzat una setmana amb diferents activitats que tenen com a eix central la Rep\u00fablica. El consistori ha col\u2022laborat en estes jornades dirigides a tots els ve\u00efns de la ciutat que se celebraran del 3 al 8 d\u2019abril a les 18.30 hores en l\u2019Espai de l\u2019edifici Metro.<\/p>\n<p style=\"text-align: justify;\">La plataforma 14 d\u2019Abril celebra que l\u2019Ajuntament de Torrent comence a complir la llei de mem\u00f2ria hist\u00f2rica, ja que el passat 13 de mar\u00e7 la Junta de Govern va acordar el canvi de denominaci\u00f3 d\u2019alguns dels carrers franquistes i, com van indicar els representants de la plataforma republicana en la jornada inaugural: \u201cesperem que, a poc a poc, se li retorne a Torrent la dignitat eliminant dels seus carrers els noms i la simbologia dels colpistes\u201d.<\/p>\n<p style=\"text-align: justify;\">Esta setmana commemorativa s\u2019inaugur\u00e0 amb l\u2019exposici\u00f3 Imatges d\u2019una trag\u00e8dia de l&#8217;artista Miguel March, llicenciat en Belles Arts i professor de disseny i dibuix, que ha dedicat gran part de la seua carrera professional a la creaci\u00f3 d\u2019obres d\u2019art que reflectixen extractes hist\u00f2rics i personals del nostre pa\u00eds en la Guerra Civil Espanyola. Imatges d\u2019una trag\u00e8dia, que est\u00e0 composta per 22 obres acr\u00edliques sobre llen\u00e7 de gran format, es podr\u00e0 visitar de 18.00 h a 20.00 h, i en horari de mat\u00ed concertant una cita pr\u00e8via a: 3republicatorrent@gmail.com. Els assistents a la inauguraci\u00f3 pogueren con\u00e9ixer ahir tota l\u2019obra gr\u00e0cies a l\u2019autor, que va explicar als presents les localitzacions de cada una de les obres i els esdeveniments hist\u00f2rics en el context en el qual s\u2019emmarquen.<\/p>\n<p style=\"text-align: justify;\">Esta vesprada tindr\u00e0 lloc el recital po\u00e8tic de la Generaci\u00f3 del 27 Pon tu voz, on es recitaran poemes de Rafael Alberti, Federico Garc\u00eda Lorca, Miguel Hern\u00e1ndez, Vicente Aleixandre i Luis Cernuda, entre d\u2019altres. Els assistents que ho desitgen podran posar veu a tots estos poemes que formen part de la hist\u00f2ria i la literatura del nostre pa\u00eds.<\/p>\n<p style=\"text-align: justify;\">Dimecres tindr\u00e0 lloc una xarrada sobre l\u2019AGLA (Agrupaci\u00f3 Guerrillera de Llevant i Arag\u00f3) a c\u00e0rrec de Ram\u00f3n Sanchis, autor del llibre AGLA, i dijous s\u2019efectuar\u00e0 una lectura de textos republicans.<\/p>\n<p style=\"text-align: justify;\">Per a finalitzar les activitats d\u2019esta setmana commemorativa, es far\u00e0 un videof\u00f2rum del documental La memoria perdida de Torrent.<\/p>\n<p style=\"text-align: justify;\">Estes jornades acabaran el dissabte 8 d\u2019abril amb la clausura de l\u2019exposici\u00f3 Imatges d\u2019una trag\u00e8dia, que explica, a m\u00e9s, amb tres panells informatius sobre la ciutat de Torrent creats per la plataforma 14 d&#8217;Abril, els noms dels h\u00f2mens i dones de la nostra ciutat afusellats pel r\u00e8gim franquista, els noms dels alcaldes i regidors des del 18 de juliol de 1936 fins a l&#8217;1 d\u2019abril de 1939 i els empla\u00e7aments m\u00e9s representatius de la ciutat durant la Rep\u00fablica i la Guerra Civil. Totes les activitats tindran lloc del 3 al 8 d\u2019abril a partir de les 18.30 h.<\/p>\n<\/div>\n<div><\/div>\n","protected":false},"excerpt":{"rendered":"<p>S\u2019inaugura l\u2019exposici\u00f3 \u201cImatges d\u2019una trag\u00e8dia\u201d Esta vesprada tindr\u00e0 lloc el recital po\u00e8tic de la Generaci\u00f3 del 27 Pon tu voz, on es llegiran obres de Federico Garc\u00eda Lorca, Miguel Hern\u00e1ndez o Vicente Aleixandre, entre d\u2019altres La col\u00b7lecci\u00f3 de 22 acr\u00edlics sobre llen\u00e7 s\u00f3n obra de Miguel March i estan instal\u2022lats a l\u2019Espai de l&#8217;Edifici Metro [&hellip;]<\/p>\n","protected":false},"author":4,"featured_media":1137,"comment_status":"open","ping_status":"open","sticky":false,"template":"","format":"standard","meta":{"_acf_changed":false,"footnotes":""},"categories":[117,116],"tags":[],"class_list":["post-8553","post","type-post","status-publish","format-standard","has-post-thumbnail","hentry","category-cultura","category-noticies"],"acf":[],"_links":{"self":[{"href":"https:\/\/infotorrent.es\/ca\/wp-json\/wp\/v2\/posts\/8553","targetHints":{"allow":["GET"]}}],"collection":[{"href":"https:\/\/infotorrent.es\/ca\/wp-json\/wp\/v2\/posts"}],"about":[{"href":"https:\/\/infotorrent.es\/ca\/wp-json\/wp\/v2\/types\/post"}],"author":[{"embeddable":true,"href":"https:\/\/infotorrent.es\/ca\/wp-json\/wp\/v2\/users\/4"}],"replies":[{"embeddable":true,"href":"https:\/\/infotorrent.es\/ca\/wp-json\/wp\/v2\/comments?post=8553"}],"version-history":[{"count":0,"href":"https:\/\/infotorrent.es\/ca\/wp-json\/wp\/v2\/posts\/8553\/revisions"}],"wp:featuredmedia":[{"embeddable":true,"href":"https:\/\/infotorrent.es\/ca\/wp-json\/wp\/v2\/media\/1137"}],"wp:attachment":[{"href":"https:\/\/infotorrent.es\/ca\/wp-json\/wp\/v2\/media?parent=8553"}],"wp:term":[{"taxonomy":"category","embeddable":true,"href":"https:\/\/infotorrent.es\/ca\/wp-json\/wp\/v2\/categories?post=8553"},{"taxonomy":"post_tag","embeddable":true,"href":"https:\/\/infotorrent.es\/ca\/wp-json\/wp\/v2\/tags?post=8553"}],"curies":[{"name":"wp","href":"https:\/\/api.w.org\/{rel}","templated":true}]}}