{"id":85478,"date":"2025-09-05T14:28:46","date_gmt":"2025-09-05T12:28:46","guid":{"rendered":"https:\/\/infotorrent.es\/?p=85478"},"modified":"2025-09-05T14:30:54","modified_gmt":"2025-09-05T12:30:54","slug":"lajuntament-de-torrent-convoca-les-beques-de-material-escolar-per-al-curs-2025-2026","status":"publish","type":"post","link":"https:\/\/infotorrent.es\/ca\/noticies\/lajuntament-de-torrent-convoca-les-beques-de-material-escolar-per-al-curs-2025-2026\/","title":{"rendered":"L&#8217;Ajuntament de Torrent convoca les beques de material escolar per al curs 2025\/2026"},"content":{"rendered":"\n<p><strong>Torrent destina 115.800 euros en ajudes per a llibres i material escolar<\/strong><\/p>\n\n\n\n<p><strong>Torrent, 05 de setembre de 2025.-<\/strong> L&#8217;Ajuntament de Torrent obrir\u00e0 dilluns que ve, el termini de la convocat\u00f2ria de beques de material escolar destinades a les fam\u00edlies de la ciutat per al pr\u00f2xim curs 2025\/2026. Amb estes ajudes econ\u00f2miques, el consistori busca garantir la igualtat d&#8217;oportunitats en l&#8217;acc\u00e9s a l&#8217;educaci\u00f3 i fer costat a les fam\u00edlies en l&#8217;adquisici\u00f3 dels recursos b\u00e0sics que els seus fills i filles necessiten per a desenrotllar la seua formaci\u00f3 en les millors condicions.<\/p>\n\n\n\n<p><strong>Un suport directe a les fam\u00edlies<\/strong><\/p>\n\n\n\n<p>L&#8217;objectiu d&#8217;estes beques \u00e9s pal\u00b7liar les desigualtats socials que afecten l&#8217;alumnat i facilitar que tots els estudiants disposen del material did\u00e0ctic necessari. Es tracta d&#8217;una mesura de car\u00e0cter social que afavorix a aquelles fam\u00edlies amb menor capacitat econ\u00f2mica, atenent criteris de renda i necessitats espec\u00edfiques.<\/p>\n\n\n\n<p>La regidora d&#8217;Educaci\u00f3, Mar\u00eda del Rosario Fern\u00e1ndez Aracil, ha subratllat que <strong>\u201camb esta convocat\u00f2ria reafirmem el comprom\u00eds de l&#8217;Ajuntament de Torrent amb l&#8217;educaci\u00f3 equitativa, perqu\u00e8 creiem fermament que cap xiquet ha de quedar-se arrere per no disposar dels recursos b\u00e0sics per a estudiar\u201d.<\/strong><\/p>\n\n\n\n<p><strong>Destinataris de les ajudes<\/strong><\/p>\n\n\n\n<p>Podran beneficiar-se d&#8217;estes beques l&#8217;alumnat matriculat en els centres educatius de Torrent en els seg\u00fcents nivells:<\/p>\n\n\n\n<p>\u2022&nbsp;&nbsp;&nbsp;&nbsp;&nbsp;&nbsp;&nbsp; Educaci\u00f3 Infantil: alumnat del primer cicle a l&#8217;Escola Infantil Polzet, de les unitats de 2 anys en CEIPs, i de segon cicle d&#8217;Infantil.<\/p>\n\n\n\n<p>\u2022&nbsp;&nbsp;&nbsp;&nbsp;&nbsp;&nbsp;&nbsp; Educaci\u00f3 Prim\u00e0ria: estudiants de col\u00b7legis sostinguts amb fons p\u00fablics.<\/p>\n\n\n\n<p>\u2022&nbsp;&nbsp;&nbsp;&nbsp;&nbsp;&nbsp;&nbsp; Educaci\u00f3 Secund\u00e0ria Obligat\u00f2ria (ESO): alumnat matriculat en instituts p\u00fablics de la ciutat.<\/p>\n\n\n\n<p>\u2022&nbsp;&nbsp;&nbsp;&nbsp;&nbsp;&nbsp;&nbsp; Ensenyances art\u00edstiques: tamb\u00e9 s&#8217;inclouen ajudes per a estudiants de m\u00fasica i dansa en conservatoris oficials i centres autoritzats.<\/p>\n\n\n\n<p><strong>Dest\u00ed de les ajudes<\/strong><\/p>\n\n\n\n<p>Les beques estan destinades preferentment a la compra de material escolar i did\u00e0ctic, com a quaderns, llapis, diccionaris o llibres de lectura. Excepcionalment, tamb\u00e9 podran emprar-se per a adquirir llibres de text. En el cas dels estudis de m\u00fasica i dansa, l&#8217;ajuda es podr\u00e0 destinar a sufragar els gastos de matr\u00edcula i inscripci\u00f3 en els centres oficials.<\/p>\n\n\n\n<p><strong>Dotaci\u00f3 econ\u00f2mica i distribuci\u00f3<\/strong><\/p>\n\n\n\n<p>L&#8217;Ajuntament ha previst un pressupost total de 115.800 euros per a esta convocat\u00f2ria, que es distribuir\u00e0 de la manera seg\u00fcent:<\/p>\n\n\n\n<p>\u2022&nbsp;&nbsp;&nbsp;&nbsp;&nbsp;&nbsp;&nbsp; 32.000 \u20ac per a Educaci\u00f3 Infantil.<\/p>\n\n\n\n<p>\u2022&nbsp;&nbsp;&nbsp;&nbsp;&nbsp;&nbsp;&nbsp; 56.100 \u20ac per a Educaci\u00f3 Prim\u00e0ria.<\/p>\n\n\n\n<p>\u2022&nbsp;&nbsp;&nbsp;&nbsp;&nbsp;&nbsp;&nbsp; 24.000 \u20ac per a Educaci\u00f3 Secund\u00e0ria Obligat\u00f2ria.<\/p>\n\n\n\n<p>\u2022&nbsp;&nbsp;&nbsp;&nbsp;&nbsp;&nbsp;&nbsp; 3.700 \u20ac per a estudis de m\u00fasica i dansa.<\/p>\n\n\n\n<p>Cada beca tindr\u00e0 un import m\u00e0xim de 50 euros per alumne, que s&#8217;abonar\u00e0 una vegada presentada la corresponent factura del material adquirit en establiments de Torrent.<\/p>\n\n\n\n<p><strong>Terminis i sol\u00b7licitud<\/strong><\/p>\n\n\n\n<p>Les fam\u00edlies interessades disposaran de 15 dies h\u00e0bils a partir del dilluns 8 de setembre per a presentar la seua sol\u00b7licitud.<\/p>\n\n\n\n<p>Les sol\u00b7licituds es podran realitzar de manera preferent a trav\u00e9s de la seu electr\u00f2nica de l&#8217;Ajuntament (tr\u00e0mit EDUC-001: Beques escolars), encara que tamb\u00e9 s&#8217;acceptaran en els registres i oficines habilitades.<\/p>\n\n\n\n<p><strong>Igualtat d&#8217;oportunitats<\/strong><\/p>\n\n\n\n<p>Estes beques s&#8217;emmarquen en el Pla Estrat\u00e8gic de Subvencions 2024-2026 de l&#8217;Ajuntament de Torrent, dins de la l\u00ednia estrat\u00e8gica per a garantir una educaci\u00f3 equitativa i de qualitat. El consistori posa d&#8217;esta manera a la disposici\u00f3 de la ciutadania recursos que contribu\u00efxen a la cohesi\u00f3 social i a la millora del rendiment escolar, afavorint que tot l&#8217;alumnat puga afrontar el curs en igualtat de condicions.<\/p>\n\n\n\n<p>La regidora ha assenyalat que <strong>\u201cestes ajudes s\u00f3n una ferramenta essencial perqu\u00e8 l&#8217;educaci\u00f3 continue sent un dret real i accessible a totes les fam\u00edlies torrentinas, refor\u00e7ant aix\u00ed el nostre comprom\u00eds amb el futur dels m\u00e9s j\u00f3vens\u201d.<\/strong><\/p>\n\n\n\n<figure class=\"wp-block-image size-large\"><img fetchpriority=\"high\" decoding=\"async\" width=\"1024\" height=\"682\" src=\"https:\/\/infotorrent.es\/wp-content\/uploads\/2025\/09\/Foto-Ayuntamiento-Torrent-Becas-Educacion-1024x682.jpeg\" alt=\"\" class=\"wp-image-85475\" srcset=\"https:\/\/infotorrent.es\/wp-content\/uploads\/2025\/09\/Foto-Ayuntamiento-Torrent-Becas-Educacion-1024x682.jpeg 1024w, https:\/\/infotorrent.es\/wp-content\/uploads\/2025\/09\/Foto-Ayuntamiento-Torrent-Becas-Educacion-300x200.jpeg 300w, https:\/\/infotorrent.es\/wp-content\/uploads\/2025\/09\/Foto-Ayuntamiento-Torrent-Becas-Educacion-768x512.jpeg 768w, https:\/\/infotorrent.es\/wp-content\/uploads\/2025\/09\/Foto-Ayuntamiento-Torrent-Becas-Educacion-1536x1023.jpeg 1536w, https:\/\/infotorrent.es\/wp-content\/uploads\/2025\/09\/Foto-Ayuntamiento-Torrent-Becas-Educacion.jpeg 1600w\" sizes=\"(max-width: 1024px) 100vw, 1024px\" \/><\/figure>\n","protected":false},"excerpt":{"rendered":"<p>Torrent destina 115.800 euros en ajudes per a llibres i material escolar Torrent, 05 de setembre de 2025.- L&#8217;Ajuntament de Torrent obrir\u00e0 dilluns que ve, el termini de la convocat\u00f2ria de beques de material escolar destinades a les fam\u00edlies de la ciutat per al pr\u00f2xim curs 2025\/2026. Amb estes ajudes econ\u00f2miques, el consistori busca garantir [&hellip;]<\/p>\n","protected":false},"author":21,"featured_media":85475,"comment_status":"open","ping_status":"open","sticky":false,"template":"","format":"standard","meta":{"_acf_changed":false,"footnotes":""},"categories":[121,132,1158,1180,116],"tags":[],"class_list":["post-85478","post","type-post","status-publish","format-standard","has-post-thumbnail","hentry","category-educacio","category-educacion-2","category-educacion-noticias-ca","category-formacion-educacion-y-formacion-ca","category-noticies"],"acf":[],"_links":{"self":[{"href":"https:\/\/infotorrent.es\/ca\/wp-json\/wp\/v2\/posts\/85478","targetHints":{"allow":["GET"]}}],"collection":[{"href":"https:\/\/infotorrent.es\/ca\/wp-json\/wp\/v2\/posts"}],"about":[{"href":"https:\/\/infotorrent.es\/ca\/wp-json\/wp\/v2\/types\/post"}],"author":[{"embeddable":true,"href":"https:\/\/infotorrent.es\/ca\/wp-json\/wp\/v2\/users\/21"}],"replies":[{"embeddable":true,"href":"https:\/\/infotorrent.es\/ca\/wp-json\/wp\/v2\/comments?post=85478"}],"version-history":[{"count":1,"href":"https:\/\/infotorrent.es\/ca\/wp-json\/wp\/v2\/posts\/85478\/revisions"}],"predecessor-version":[{"id":85480,"href":"https:\/\/infotorrent.es\/ca\/wp-json\/wp\/v2\/posts\/85478\/revisions\/85480"}],"wp:featuredmedia":[{"embeddable":true,"href":"https:\/\/infotorrent.es\/ca\/wp-json\/wp\/v2\/media\/85475"}],"wp:attachment":[{"href":"https:\/\/infotorrent.es\/ca\/wp-json\/wp\/v2\/media?parent=85478"}],"wp:term":[{"taxonomy":"category","embeddable":true,"href":"https:\/\/infotorrent.es\/ca\/wp-json\/wp\/v2\/categories?post=85478"},{"taxonomy":"post_tag","embeddable":true,"href":"https:\/\/infotorrent.es\/ca\/wp-json\/wp\/v2\/tags?post=85478"}],"curies":[{"name":"wp","href":"https:\/\/api.w.org\/{rel}","templated":true}]}}