{"id":8547,"date":"2017-04-07T06:18:27","date_gmt":"2017-04-07T06:18:27","guid":{"rendered":"https:\/\/infotorrent.es\/uncategorized\/torrent-posa-les-mans-al-riu-en-favor-de-la-conservacio-del-medi-ambient-de-la-ciutat\/"},"modified":"2017-04-07T06:18:27","modified_gmt":"2017-04-07T06:18:27","slug":"torrent-posa-les-mans-al-riu-en-favor-de-la-conservacio-del-medi-ambient-de-la-ciutat","status":"publish","type":"post","link":"https:\/\/infotorrent.es\/ca\/noticies\/torrent-posa-les-mans-al-riu-en-favor-de-la-conservacio-del-medi-ambient-de-la-ciutat\/","title":{"rendered":"Torrent posa les \u201cMans al Riu\u201d en favor de la conservaci\u00f3 del medi ambient de la ciutat"},"content":{"rendered":"<p style=\"text-align: justify;\">L \u2019Ajuntament de Torrent, juntament amb Aig\u00fces de l&#8217;Horta, s\u2019ha sumat enguany a la neteja de residus \u201cMans al Riu\u201d, que des de l\u2019any 2010 organitza regularment la Fundaci\u00f3 Limne amb l\u2019objectiu de fomentar la participaci\u00f3 ciutadana en la conservaci\u00f3 i millora dels nostres rius i barrancs.<\/p>\n<p style=\"text-align: justify;\">Esta activitat ha aconseguit enguany la participaci\u00f3 dels municipis d&#8217;Alboraig, Alcoi, Algemes\u00ed, Almassora, Alqueria d&#8217;Asnar, Alzira, Borriana, Bunyol, Canals, Cullera, Elx, Gata de Gorgos, Guadassuar, l&#8217;Eliana, Llombai, Muro d&#8217;Alcoi, Orba, Paterna, Pego, Riba-roja de T\u00faria, Sueca, Vila d&#8217;Agres, Xeraco i Torrent on, com ha indicat la regidora de Medi Ambient, Inma Amat: \u201cel nombre de ve\u00efns i ve\u00efnes que han col\u2022laborat ha sigut alt tenint en compte que \u00e9s la primera vegada que es realitza esta activitat. La col\u00b7laboraci\u00f3 ciutadana en la conservaci\u00f3 del medi ambient \u00e9s fonamental i esperem rebre m\u00e9s torrentins en les pr\u00f2ximes edicions\u201d.<\/p>\n<p><iframe title=\"Mans al riu\" width=\"800\" height=\"450\" src=\"https:\/\/www.youtube.com\/embed\/JS1GyjMVHPA?feature=oembed\" frameborder=\"0\" allow=\"accelerometer; autoplay; clipboard-write; encrypted-media; gyroscope; picture-in-picture\" allowfullscreen><\/iframe><\/p>\n<p style=\"text-align: justify;\">\u201cMans al Riu\u201d va ser una activitat de car\u00e0cter l\u00fadic i sobretot did\u00e0ctic, on els voluntaris que van acudir diumenge al mat\u00ed al barranc de l&#8217;Horteta van aprendre els diferents tipus de reciclatge, a m\u00e9s de con\u00e9ixer els mitjans que hi ha hui dia per a gestionar els residus. L\u2019alcalde, Jes\u00fas Ros, acompanyat per l\u2019equip de govern, no va voler perdre&#8217;s esta cita i va destacar \u201cla import\u00e0ncia de la uni\u00f3 de tots els ve\u00efns i ve\u00efnes de Torrent en esta activitat, que s\u2019han comprom\u00e9s activament amb el medi ambient, a m\u00e9s de passar una estona l\u00fadica amb els altres ve\u00efns de la ciutat\u201d.<\/p>\n<p style=\"text-align: justify;\">Els voluntaris van pentinar la zona repartits en diferents grups de manera que van reciclar els diferents residus en paper, pl\u00e0stic, envasos, residus org\u00e0nics i altres residus -com ara aparells electr\u00f2nics o pneum\u00e0tics-. S\u2019hi van arreplegar un total de 1.000 kg de residus, que es van dipositar en un contenidor de 20 metres c\u00fabics, i 40 pneum\u00e0tics.<\/p>\n","protected":false},"excerpt":{"rendered":"<p>L \u2019Ajuntament de Torrent, juntament amb Aig\u00fces de l&#8217;Horta, s\u2019ha sumat enguany a la neteja de residus \u201cMans al Riu\u201d, que des de l\u2019any 2010 organitza regularment la Fundaci\u00f3 Limne amb l\u2019objectiu de fomentar la participaci\u00f3 ciutadana en la conservaci\u00f3 i millora dels nostres rius i barrancs. Esta activitat ha aconseguit enguany la participaci\u00f3 dels [&hellip;]<\/p>\n","protected":false},"author":4,"featured_media":1137,"comment_status":"open","ping_status":"open","sticky":false,"template":"","format":"standard","meta":{"_acf_changed":false,"footnotes":""},"categories":[119,116],"tags":[],"class_list":["post-8547","post","type-post","status-publish","format-standard","has-post-thumbnail","hentry","category-medi-ambient","category-noticies"],"acf":[],"_links":{"self":[{"href":"https:\/\/infotorrent.es\/ca\/wp-json\/wp\/v2\/posts\/8547","targetHints":{"allow":["GET"]}}],"collection":[{"href":"https:\/\/infotorrent.es\/ca\/wp-json\/wp\/v2\/posts"}],"about":[{"href":"https:\/\/infotorrent.es\/ca\/wp-json\/wp\/v2\/types\/post"}],"author":[{"embeddable":true,"href":"https:\/\/infotorrent.es\/ca\/wp-json\/wp\/v2\/users\/4"}],"replies":[{"embeddable":true,"href":"https:\/\/infotorrent.es\/ca\/wp-json\/wp\/v2\/comments?post=8547"}],"version-history":[{"count":0,"href":"https:\/\/infotorrent.es\/ca\/wp-json\/wp\/v2\/posts\/8547\/revisions"}],"wp:featuredmedia":[{"embeddable":true,"href":"https:\/\/infotorrent.es\/ca\/wp-json\/wp\/v2\/media\/1137"}],"wp:attachment":[{"href":"https:\/\/infotorrent.es\/ca\/wp-json\/wp\/v2\/media?parent=8547"}],"wp:term":[{"taxonomy":"category","embeddable":true,"href":"https:\/\/infotorrent.es\/ca\/wp-json\/wp\/v2\/categories?post=8547"},{"taxonomy":"post_tag","embeddable":true,"href":"https:\/\/infotorrent.es\/ca\/wp-json\/wp\/v2\/tags?post=8547"}],"curies":[{"name":"wp","href":"https:\/\/api.w.org\/{rel}","templated":true}]}}