{"id":85456,"date":"2025-09-05T12:12:10","date_gmt":"2025-09-05T10:12:10","guid":{"rendered":"https:\/\/infotorrent.es\/?p=85456"},"modified":"2025-09-05T12:14:06","modified_gmt":"2025-09-05T10:14:06","slug":"lautentic-tardeo-remember-arriba-per-primera-vegada-a-torrent-el-4-doctubre","status":"publish","type":"post","link":"https:\/\/infotorrent.es\/ca\/noticias-2\/lautentic-tardeo-remember-arriba-per-primera-vegada-a-torrent-el-4-doctubre\/","title":{"rendered":"L\u2019aut\u00e8ntic Tardeo Remember\u00ae arriba per primera vegada a Torrent el 4 d\u2019octubre"},"content":{"rendered":"\n<p><strong>El recinte de l\u2019\u00c0gora acollir\u00e0 un espectacle \u00fanic amb els millors Djs de l\u2019escena remember<\/strong><\/p>\n\n\n\n<p><strong>La cita, que coincidix amb la vespra del 9 d\u2019octubre, reunir\u00e0 diferents generacions entorn de la m\u00fasica dels 90 i 2000<\/strong><\/p>\n\n\n\n<p><strong>Torrent, 5 de setembre de 2025<\/strong> \u2013 Torrent es prepara per a viure una jornada musical hist\u00f2rica amb l\u2019arribada, per primera vegada, de l\u2019aut\u00e8ntic i original Tardeo Remember\u00ae, un esdeveniment que s\u2019ha consolidat a la Comunitat Valenciana com a referent de l\u2019oci intergeneracional i que aterra a la ciutat el pr\u00f2xim dissabte 4 d\u2019octubre de 2025, a partir de les 17.00 hores, en el recinte de l\u2019\u00c0gora.<\/p>\n\n\n\n<p>L\u2019espectacle reunir\u00e0 damunt de l\u2019escenari alguns dels noms m\u00e9s destacats de l\u2019escena valenciana: <strong>V\u00edctor P\u00e9rez<\/strong> (The Face \/ Sonido de Valencia), <strong>Vicente Ferrer<\/strong> (Bananas \/ Homenaje a la Ruta), Arturo Roger (A.C.T.V.), <strong>Coqui Selection<\/strong> (The Face), <strong>Inma Eyes<\/strong> (Dona Festival \/ ProDj), <strong>Jes\u00fas Brisa<\/strong> (Espiral) i <strong>Sergi Val<\/strong> (Remember de Les Arts). Un cartell de luxe que promet fer vibrar el p\u00fablic amb els grans himnes dels anys 90 i 2000.<\/p>\n\n\n\n<p>L\u2019alcaldessa de Torrent, Amparo Folgado Tonda, ha subratllat el valor d\u2019este esdeveniment per a la ciutat: <strong>\u201cEl Tardeo Remember \u00e9s molt m\u00e9s que un concert, \u00e9s una experi\u00e8ncia que unix generacions. Pares i fills podran disfrutar junts de la m\u00fasica que va marcar una \u00e8poca i que continua sent part de la nostra mem\u00f2ria col\u00b7lectiva. Per a Torrent \u00e9s un orgull poder acollir per primera vegada un esdeveniment d\u2019esta magnitud, que ens situa en el mapa cultural i festiu de tota la Comunitat Valenciana\u201d.<\/strong><\/p>\n\n\n\n<p>L\u2019acte comptar\u00e0 amb un gran desplegament t\u00e8cnic, amb so professional, il\u00b7luminaci\u00f3 d\u2019\u00faltima generaci\u00f3 i un muntatge pensat perqu\u00e8 els assistents visquen una aut\u00e8ntica experi\u00e8ncia sensorial. A m\u00e9s, s\u2019habilitar\u00e0 una zona gastron\u00f2mica dins del recinte, que permetr\u00e0 sopar sense perdre\u2019s cap de les actuacions.<\/p>\n\n\n\n<p>Per la seua banda, el regidor de Cultura, Aitor S\u00e1nchez, ha destacat l\u2019esfor\u00e7 del consistori per oferir propostes culturals de primer nivell: <strong>\u201cEstem apostant per una programaci\u00f3 cultural diversa i de qualitat que fa\u00e7a de Torrent un referent. El Tardeo Remember \u00e9s un exemple de com podem atraure un p\u00fablic ampli, de diferents edats, i al mateix temps projectar la imatge de Torrent com a ciutat din\u00e0mica, festiva i oberta a noves experi\u00e8ncies. Volem que el p\u00fablic visca una vesprada i una nit inoblidables\u201d.<\/strong><\/p>\n\n\n\n<p>M\u00e9s enll\u00e0 de la m\u00fasica, l\u2019organitzaci\u00f3 ha dissenyat una experi\u00e8ncia completa, en la qual el p\u00fablic ser\u00e0 el vertader protagonista. Tal com ocorre en altres edicions, s\u2019espera una gran participaci\u00f3, amb l\u2019entrega i l\u2019energia dels assistents com a segell distintiu de l\u2019esdeveniment.<\/p>\n\n\n\n<p>L\u2019elecci\u00f3 del recinte de l\u2019\u00c0gora, al costat del Parc Central, facilita l\u2019accessibilitat a l\u2019acte, ja que es troba ben connectat tant en transport p\u00fablic com privat. La L\u00ednia Verda de TorrentBus, amb parada en Parc Central, i les estacions de MetroValencia Torrent i Torrent Avinguda permetran un acc\u00e9s c\u00f2mode des de tota la ciutat i localitats pr\u00f2ximes. A m\u00e9s, el recinte compta amb aparcament en les immediacions i parada de taxis pr\u00f2xima, encara que es recomana l\u2019\u00fas del transport p\u00fablic o del cotxe compartit per a afavorir la sostenibilitat i la comoditat dels assistents.<\/p>\n\n\n\n<p>Amb l\u2019arribada del \u2018Tardeo Remember Torrent\u2019, la ciutat suma una nova fita en la seua programaci\u00f3 cultural, convertint-se en escenari d\u2019una cita que far\u00e0 hist\u00f2ria i que promet consolidar-se en pr\u00f2ximes edicions.<\/p>\n\n\n\n<p><strong>INFORMACI\u00d3 DE L\u2019ESDEVENIMENT<\/strong><\/p>\n\n\n\n<p>Data: dissabte 4 d\u2019octubre de 2025<\/p>\n\n\n\n<p>Hora d\u2019inici: 17.00 h<\/p>\n\n\n\n<p>Lloc: Recinte de l\u2019\u00c0gora (junt al Parc Central)<\/p>\n\n\n\n<p>Artistes confirmats: V\u00edctor P\u00e9rez, Vicente Ferrer, Arturo Roger, Coqui Selection, Inma Eyes, Jes\u00fas Brisa i Sergi Val<\/p>\n\n\n\n<p>Entrades: disponibles en enterticket.es (es recomana compra anticipada)<\/p>\n\n\n\n<p>Acc\u00e9s:<\/p>\n\n\n\n<ul class=\"wp-block-list\">\n<li>Transport p\u00fablic: TorrentBus (L\u00ednia Verda, parada Parc Central) i MetroValencia (Torrent i Torrent Avinguda, l\u00ednies 1, 2 i 7).<\/li>\n<\/ul>\n\n\n\n<ul class=\"wp-block-list\">\n<li>Vehicle privat: aparcament en les immediacions i parada de taxis pr\u00f2xima.<\/li>\n<\/ul>\n\n\n\n<figure class=\"wp-block-image size-large\"><img fetchpriority=\"high\" decoding=\"async\" width=\"819\" height=\"1024\" src=\"https:\/\/infotorrent.es\/wp-content\/uploads\/2025\/09\/CARTEL-TardeoRemember_4oct_Torrent-v4-819x1024.jpg\" alt=\"\" class=\"wp-image-85453\" srcset=\"https:\/\/infotorrent.es\/wp-content\/uploads\/2025\/09\/CARTEL-TardeoRemember_4oct_Torrent-v4-819x1024.jpg 819w, https:\/\/infotorrent.es\/wp-content\/uploads\/2025\/09\/CARTEL-TardeoRemember_4oct_Torrent-v4-240x300.jpg 240w, https:\/\/infotorrent.es\/wp-content\/uploads\/2025\/09\/CARTEL-TardeoRemember_4oct_Torrent-v4-768x960.jpg 768w, https:\/\/infotorrent.es\/wp-content\/uploads\/2025\/09\/CARTEL-TardeoRemember_4oct_Torrent-v4.jpg 1080w\" sizes=\"(max-width: 819px) 100vw, 819px\" \/><\/figure>\n","protected":false},"excerpt":{"rendered":"<p>El recinte de l\u2019\u00c0gora acollir\u00e0 un espectacle \u00fanic amb els millors Djs de l\u2019escena remember La cita, que coincidix amb la vespra del 9 d\u2019octubre, reunir\u00e0 diferents generacions entorn de la m\u00fasica dels 90 i 2000 Torrent, 5 de setembre de 2025 \u2013 Torrent es prepara per a viure una jornada musical hist\u00f2rica amb l\u2019arribada, [&hellip;]<\/p>\n","protected":false},"author":21,"featured_media":85453,"comment_status":"open","ping_status":"open","sticky":false,"template":"","format":"standard","meta":{"_acf_changed":false,"footnotes":""},"categories":[1132,756,136,156,143,127],"tags":[],"class_list":["post-85456","post","type-post","status-publish","format-standard","has-post-thumbnail","hentry","category-cultura-ca","category-cultura-noticias-2","category-festes-i-turisme","category-festes-i-tradicions-2","category-fiestas-y-tradiciones","category-noticias-2"],"acf":[],"_links":{"self":[{"href":"https:\/\/infotorrent.es\/ca\/wp-json\/wp\/v2\/posts\/85456","targetHints":{"allow":["GET"]}}],"collection":[{"href":"https:\/\/infotorrent.es\/ca\/wp-json\/wp\/v2\/posts"}],"about":[{"href":"https:\/\/infotorrent.es\/ca\/wp-json\/wp\/v2\/types\/post"}],"author":[{"embeddable":true,"href":"https:\/\/infotorrent.es\/ca\/wp-json\/wp\/v2\/users\/21"}],"replies":[{"embeddable":true,"href":"https:\/\/infotorrent.es\/ca\/wp-json\/wp\/v2\/comments?post=85456"}],"version-history":[{"count":1,"href":"https:\/\/infotorrent.es\/ca\/wp-json\/wp\/v2\/posts\/85456\/revisions"}],"predecessor-version":[{"id":85458,"href":"https:\/\/infotorrent.es\/ca\/wp-json\/wp\/v2\/posts\/85456\/revisions\/85458"}],"wp:featuredmedia":[{"embeddable":true,"href":"https:\/\/infotorrent.es\/ca\/wp-json\/wp\/v2\/media\/85453"}],"wp:attachment":[{"href":"https:\/\/infotorrent.es\/ca\/wp-json\/wp\/v2\/media?parent=85456"}],"wp:term":[{"taxonomy":"category","embeddable":true,"href":"https:\/\/infotorrent.es\/ca\/wp-json\/wp\/v2\/categories?post=85456"},{"taxonomy":"post_tag","embeddable":true,"href":"https:\/\/infotorrent.es\/ca\/wp-json\/wp\/v2\/tags?post=85456"}],"curies":[{"name":"wp","href":"https:\/\/api.w.org\/{rel}","templated":true}]}}