{"id":85412,"date":"2025-09-04T12:17:51","date_gmt":"2025-09-04T10:17:51","guid":{"rendered":"https:\/\/infotorrent.es\/?p=85412"},"modified":"2025-09-04T12:20:11","modified_gmt":"2025-09-04T10:20:11","slug":"torrent-inicia-el-campionat-de-raspall-infantil-amb-la-participacio-de-les-comissions-falleres","status":"publish","type":"post","link":"https:\/\/infotorrent.es\/ca\/cultura-es-2\/torrent-inicia-el-campionat-de-raspall-infantil-amb-la-participacio-de-les-comissions-falleres\/","title":{"rendered":"Torrent inicia el Campionat de Raspall Infantil amb la participaci\u00f3 de les comissions falleres"},"content":{"rendered":"\n<p><strong>La Falla Cam\u00ed Reial impulsa este torneig que fomenta la pr\u00e0ctica i la transmissi\u00f3 de l\u2019esport aut\u00f2cton valenci\u00e0 entre els m\u00e9s menuts<\/strong><\/p>\n\n\n\n<p><strong>Torrent, 4 de setembre de 2025<\/strong> \u2013 Torrent dona inici al Campionat de Raspall Infantil, una iniciativa organitzada per la Falla Cam\u00ed Reial que compta amb la participaci\u00f3 de diverses comissions falleres de la ciutat. La primera partida enfronta la Falla Sants Patrons i la pr\u00f2pia Falla Cam\u00ed Reial, en una trobada que marca l\u2019inici d\u2019un torneig pensat per a promocionar l\u2019esport aut\u00f2cton valenci\u00e0 entre els m\u00e9s xicotets.<\/p>\n\n\n\n<p>L\u2019alcaldessa de Torrent, Amparo Folgado Tonda, ha volgut transmetre un missatge de suport a tots els participants: <strong>\u201cVull traslladar tot el meu \u00e0nim als xiquets i xiquetes que participen en este campionat i agrair tant a la Falla Cam\u00ed Reial com a totes les comissions implicades el seu comprom\u00eds per mantindre viu i impulsar el nostre esport aut\u00f2cton valenci\u00e0. Este tipus d\u2019iniciatives s\u00f3n fonamentals per a garantir que les nostres tradicions esportives es transmeten a les noves generacions. Molta sort a tots\u201d.<\/strong><\/p>\n\n\n\n<p>Per la seua banda, el regidor de Falles, Aitor S\u00e1nchez, ha posat en valor l\u2019estreta relaci\u00f3 entre el m\u00f3n faller i l\u2019esport tradicional: <strong>\u201cLes Falles de Torrent no s\u00f3n nom\u00e9s cultura i festa, tamb\u00e9 s\u00f3n motor social i esportiu. Gr\u00e0cies a l\u2019esfor\u00e7 de la Falla Cam\u00ed Reial i de la resta de comissions participants, este campionat infantil de raspall es convertix en una oportunitat perqu\u00e8 els m\u00e9s menuts aprenguen valors com l\u2019esfor\u00e7, la companyonia i l\u2019orgull de practicar un esport que forma part de la nostra identitat com a poble\u201d.<\/strong><\/p>\n\n\n\n<p>A la partida inaugural van assistir l\u2019alcaldessa de Torrent, Amparo Folgado, i el regidor de Falles, Aitor S\u00e1nchez, acompanyats per la Fallera Major Infantil de la Falla Cam\u00ed Reial, Ainhoa Sevilla, el president infantil, Iv\u00e1n S\u00e1nchez, la Fallera Major, Cristina Mu\u00f1oz, i el president, Jos\u00e9 Chuli\u00e1, que van animar als jugadors i van mostrar el seu suport a esta iniciativa que unix tradici\u00f3, esport i falles.<\/p>\n\n\n\n<p>El raspall, una de les modalitats m\u00e9s emblem\u00e0tiques de la pilota valenciana, destaca pel seu dinamisme i accessibilitat, cosa que el convertix en un esport especialment atractiu per als m\u00e9s joves. Amb campionats com este, Torrent referma el seu comprom\u00eds amb la promoci\u00f3 de la cultura i l\u2019esport tradicional, garantint la seua continu\u00eftat en el temps.<\/p>\n\n\n\n<figure class=\"wp-block-image size-large\"><img fetchpriority=\"high\" decoding=\"async\" width=\"1024\" height=\"683\" src=\"https:\/\/infotorrent.es\/wp-content\/uploads\/2025\/09\/Torrent-inicia-el-Campeonato-de-Raspall-Infantil-con-la-participacion-de-las-comisiones-falleras-1024x683.jpg\" alt=\"\" class=\"wp-image-85409\" srcset=\"https:\/\/infotorrent.es\/wp-content\/uploads\/2025\/09\/Torrent-inicia-el-Campeonato-de-Raspall-Infantil-con-la-participacion-de-las-comisiones-falleras-1024x683.jpg 1024w, https:\/\/infotorrent.es\/wp-content\/uploads\/2025\/09\/Torrent-inicia-el-Campeonato-de-Raspall-Infantil-con-la-participacion-de-las-comisiones-falleras-300x200.jpg 300w, https:\/\/infotorrent.es\/wp-content\/uploads\/2025\/09\/Torrent-inicia-el-Campeonato-de-Raspall-Infantil-con-la-participacion-de-las-comisiones-falleras-768x512.jpg 768w, https:\/\/infotorrent.es\/wp-content\/uploads\/2025\/09\/Torrent-inicia-el-Campeonato-de-Raspall-Infantil-con-la-participacion-de-las-comisiones-falleras.jpg 1365w\" sizes=\"(max-width: 1024px) 100vw, 1024px\" \/><\/figure>\n","protected":false},"excerpt":{"rendered":"<p>La Falla Cam\u00ed Reial impulsa este torneig que fomenta la pr\u00e0ctica i la transmissi\u00f3 de l\u2019esport aut\u00f2cton valenci\u00e0 entre els m\u00e9s menuts Torrent, 4 de setembre de 2025 \u2013 Torrent dona inici al Campionat de Raspall Infantil, una iniciativa organitzada per la Falla Cam\u00ed Reial que compta amb la participaci\u00f3 de diverses comissions falleres de [&hellip;]<\/p>\n","protected":false},"author":21,"featured_media":85409,"comment_status":"open","ping_status":"open","sticky":false,"template":"","format":"standard","meta":{"_acf_changed":false,"footnotes":""},"categories":[126,1186,1171],"tags":[],"class_list":["post-85412","post","type-post","status-publish","format-standard","has-post-thumbnail","hentry","category-cultura-es-2","category-deporte-ca","category-fallas-ca"],"acf":[],"_links":{"self":[{"href":"https:\/\/infotorrent.es\/ca\/wp-json\/wp\/v2\/posts\/85412","targetHints":{"allow":["GET"]}}],"collection":[{"href":"https:\/\/infotorrent.es\/ca\/wp-json\/wp\/v2\/posts"}],"about":[{"href":"https:\/\/infotorrent.es\/ca\/wp-json\/wp\/v2\/types\/post"}],"author":[{"embeddable":true,"href":"https:\/\/infotorrent.es\/ca\/wp-json\/wp\/v2\/users\/21"}],"replies":[{"embeddable":true,"href":"https:\/\/infotorrent.es\/ca\/wp-json\/wp\/v2\/comments?post=85412"}],"version-history":[{"count":1,"href":"https:\/\/infotorrent.es\/ca\/wp-json\/wp\/v2\/posts\/85412\/revisions"}],"predecessor-version":[{"id":85414,"href":"https:\/\/infotorrent.es\/ca\/wp-json\/wp\/v2\/posts\/85412\/revisions\/85414"}],"wp:featuredmedia":[{"embeddable":true,"href":"https:\/\/infotorrent.es\/ca\/wp-json\/wp\/v2\/media\/85409"}],"wp:attachment":[{"href":"https:\/\/infotorrent.es\/ca\/wp-json\/wp\/v2\/media?parent=85412"}],"wp:term":[{"taxonomy":"category","embeddable":true,"href":"https:\/\/infotorrent.es\/ca\/wp-json\/wp\/v2\/categories?post=85412"},{"taxonomy":"post_tag","embeddable":true,"href":"https:\/\/infotorrent.es\/ca\/wp-json\/wp\/v2\/tags?post=85412"}],"curies":[{"name":"wp","href":"https:\/\/api.w.org\/{rel}","templated":true}]}}