{"id":85267,"date":"2025-08-27T11:16:13","date_gmt":"2025-08-27T09:16:13","guid":{"rendered":"https:\/\/infotorrent.es\/?p=85267"},"modified":"2025-08-27T11:19:03","modified_gmt":"2025-08-27T09:19:03","slug":"torrent-reforca-la-seguretat-viaria-amb-un-nou-pas-de-vianants-intelligent","status":"publish","type":"post","link":"https:\/\/infotorrent.es\/ca\/mobilitat\/torrent-reforca-la-seguretat-viaria-amb-un-nou-pas-de-vianants-intelligent\/","title":{"rendered":"Torrent refor\u00e7a la seguretat vi\u00e0ria amb un nou pas de vianants intel\u00b7ligent"},"content":{"rendered":"\n<p><strong>La instal\u00b7laci\u00f3 s\u2019ha realitzat al carrer Azor\u00edn cantonada amb Francisco T\u00e1rrega, punt seleccionat pel seu significatiu tr\u00e0nsit de vianants.<\/strong><\/p>\n\n\n\n<p>L\u2019Ajuntament de Torrent fa un nou pas en la seua estrat\u00e8gia per a millorar la mobilitat urbana i refor\u00e7ar la seguretat vi\u00e0ria de la ciutadania. Ja estan en funcionament sis passos de vianants intel\u00b7ligents en punts estrat\u00e8gics del municipi, i el consistori ha iniciat la instal\u00b7laci\u00f3 d\u2019un nou pas de vianants intel\u00b7ligent al carrer Azor\u00edn cantonada amb Francisco T\u00e1rrega, ampliant aix\u00ed la cobertura d\u2019esta tecnologia a la ciutat.<\/p>\n\n\n\n<p>L\u2019alcaldessa Amparo Folgado junt amb la regidora de Mobilitat, Adelina Gonz\u00e1lez, ha visitat la instal\u00b7laci\u00f3 d\u2019este pas de vianants intel\u00b7ligent que estar\u00e0 connectat en els pr\u00f2xims dies.<\/p>\n\n\n\n<p>Este projecte forma part d\u2019una intervenci\u00f3 m\u00e9s \u00e0mplia que tamb\u00e9 contempla la implantaci\u00f3 de sistemes de&nbsp;<em>smartparking<\/em>&nbsp;i sensors d\u2019aparcament per a persones amb mobilitat redu\u00efda, amb l\u2019objectiu de convertir Torrent en una ciutat m\u00e9s segura, connectada i eficient.<\/p>\n\n\n\n<p><strong>Tecnologia capdavantera al servici del vianant<\/strong><\/p>\n\n\n\n<p>Els passos de vianants intel\u00b7ligents instal\u00b7lats incorporen un conjunt integrat d\u2019elements tecnol\u00f2gics dissenyats per a augmentar la visibilitat i reduir el risc d\u2019accidents:<\/p>\n\n\n\n<ul class=\"wp-block-list\">\n<li><strong>C\u00e0meres de detecci\u00f3 de vianants<\/strong>: dotades de programari de reconeixement que detecta autom\u00e0ticament quan una persona s\u2019aproxima al pas, activant el sistema de senyalitzaci\u00f3 lluminosa i els captafars. Tamb\u00e9 permeten registrar dades estad\u00edstiques sobre l\u2019\u00fas del pas i el flux de vehicles.<\/li>\n\n\n\n<li><strong>Captafars LED encastats al paviment<\/strong>: balises lluminoses d\u2019alta resist\u00e8ncia, visibles tant de dia com de nit, que emeten llum en direcci\u00f3 al conductor i al vianant. Estos elements s\u2019activen \u00fanicament quan hi ha pres\u00e8ncia de persones que aniran a creuar, millorant l\u2019efici\u00e8ncia energ\u00e8tica.<\/li>\n\n\n\n<li><strong>Senyalitzaci\u00f3 vertical lluminosa LED<\/strong>: instal\u00b7lada sobre pals d\u2019alumini, emet llum d\u2019alta intensitat, visible fins a 800 metres en condicions nocturnes, refor\u00e7ant l\u2019advert\u00e8ncia als conductors.<\/li>\n\n\n\n<li><strong>Il\u00b7luminaci\u00f3 refor\u00e7ada del pas de zebra<\/strong>: projectors LED que incrementen el flux lum\u00ednic quan detecten vianants, millorant la visibilitat en episodis de baixa il\u00b7luminaci\u00f3 o climatologia adversa.<\/li>\n\n\n\n<li><strong>Comunicaci\u00f3 i integraci\u00f3 digital<\/strong>: tots els elements estan connectats mitjan\u00e7ant tecnologia 4G\/5G i s\u2019integren en la plataforma municipal Sentilo, la qual cosa permet la recollida, an\u00e0lisi i transmissi\u00f3 de dades en temps real per a la seua explotaci\u00f3 en la gesti\u00f3 global de la mobilitat.<\/li>\n<\/ul>\n\n\n\n<p><strong>Ubicacions ja operatives<\/strong><\/p>\n\n\n\n<p>Els sis passos de vianants intel\u00b7ligents que es van ubicar, al juny de 2024, en llocs d\u2019alta densitat de tr\u00e0nsit de vianants i rodat, especialment a l\u2019Avinguda al Vedat, principal eix viari de la ciutat, s\u00f3n:<\/p>\n\n\n\n<ul class=\"wp-block-list\">\n<li>Avda. al Vedat n\u00ba 16 \u2013 Sentit pujada (1 pas, amb 5 captafars).<\/li>\n\n\n\n<li>Avda. al Vedat n\u00ba 70 \u2013 Ambd\u00f3s costats de l\u2019avinguda (2 passos, amb 5 captafars cadascun).<\/li>\n\n\n\n<li>Avda. al Vedat n\u00ba 88 \u2013 Sentit pujada (1 pas, amb 6 captafars).<\/li>\n\n\n\n<li>Avda. al Vedat n\u00ba 155 \u2013 Sentit baixada (1 pas, amb 6 captafars).<\/li>\n\n\n\n<li>C\/ Londres n\u00ba 48 \u2013 Sota la passarel\u00b7la de creuament amb Av. Ol\u00edmpica (1 pas, amb 6 captafars).<\/li>\n<\/ul>\n\n\n\n<p><strong>Nova instal\u00b7laci\u00f3 Carrer Azor\u00edn cantonada Francisco T\u00e1rrega<\/strong><\/p>\n\n\n\n<p>Els nous dispositius s\u2019han instal\u00b7lat al carrer Azor\u00edn cantonada amb Francisco T\u00e1rrega, un punt amb tr\u00e0nsit d\u2019un sol sentit i tr\u00e0nsit de vianants significatiu en trobar-se ubicat al costat del CEIP Antonio Machado. La ubicaci\u00f3 ha sigut seleccionada per criteris de seguretat, visibilitat i connectivitat amb l\u2019entorn. S\u2019ha adaptat la posici\u00f3 de les senyals per a evitar obstruccions i s\u2019optimitza l\u2019enllumenat per a maximitzar l\u2019efic\u00e0cia del sistema.<\/p>\n\n\n\n<p><strong>Beneficis per a la ciutat<\/strong><\/p>\n\n\n\n<p>Amb esta iniciativa, Torrent:<\/p>\n\n\n\n<ul class=\"wp-block-list\">\n<li>Refor\u00e7a la seguretat dels creuaments m\u00e9s transitats.<\/li>\n\n\n\n<li>Augmenta la visibilitat dels vianants en qualsevol condici\u00f3 lum\u00ednica o meteorol\u00f2gica.<\/li>\n\n\n\n<li>Disposa de dades en temps real per a la planificaci\u00f3 i gesti\u00f3 de la mobilitat.<\/li>\n\n\n\n<li>Integra la seua infraestructura vi\u00e0ria en una estrat\u00e8gia global de ciutat intel\u00b7ligent (<em>Smart City<\/em>).<\/li>\n\n\n\n<li>\u00a0<\/li>\n<\/ul>\n\n\n\n<p><strong>Accessibilitat i tecnologia al servici de les persones<\/strong><\/p>\n\n\n\n<p>Esta aposta per la mobilitat intel\u00b7ligent es complementa amb la recent instal\u00b7laci\u00f3 de 169 sensors en places d\u2019aparcament reservades per a persones amb mobilitat redu\u00efda (PMR) en tot el municipi. Estos dispositius, basats en tecnologia NB-IoT i amb protecci\u00f3 antivand\u00e0lica, detecten en temps real si la pla\u00e7a est\u00e0 ocupada o lliure, transmetent la informaci\u00f3 a la plataforma municipal i a una aplicaci\u00f3 m\u00f2bil per a la seua consulta per la ciutadania.<\/p>\n\n\n\n<p>Gr\u00e0cies a este sistema, s\u2019eviten despla\u00e7aments innecessaris, es redueix la congesti\u00f3 del tr\u00e0nsit i es facilita l\u2019acc\u00e9s a l\u2019estacionament a qui m\u00e9s ho necessita, alhora que la Policia Local pot refor\u00e7ar el control d\u2019usos indeguts.<\/p>\n\n\n\n<p>Quant a l\u2019aparcament general, l\u2019ajuntament t\u00e9 configurades un total de 126 places d\u2019aparcament intel\u00b7ligents (<em>smartparking<\/em>). Estes places s\u00f3n capaces de detectar el seu estat d\u2019ocupaci\u00f3 i reflectir esta informaci\u00f3 en un sistema inform\u00e0tic accessible per als ciutadans en temps real. Este sistema est\u00e0 dissenyat espec\u00edficament per a abordar les problem\u00e0tiques de c\u00e0rrega\/desc\u00e0rrega i mobilitat redu\u00efda. \u201cAmb el sistema de&nbsp;<em>smartparking<\/em>, es busca facilitar el dia a dia dels nostres residents, permetent-los trobar aparcament de manera r\u00e0pida i eficient. Esta xarxa sensorizada, junt als nous passos de vianants intel\u00b7ligents, consolida Torrent com una ciutat cada vegada m\u00e9s accessible, segura i connectada\u201d, ha afegit la regidora de Mobilitat, Adelina S\u00e1nchez.<\/p>\n\n\n\n<p><strong>Comprom\u00eds amb la sostenibilitat<\/strong><\/p>\n\n\n\n<p>Els nous sistemes, dels passos de vianants intel\u00b7ligents, incorporen tecnologia LED de baix consum, la qual cosa redueix de manera significativa la despesa energ\u00e8tica respecte a sistemes d\u2019il\u00b7luminaci\u00f3 convencionals. A m\u00e9s, l\u2019encesa adaptativa, que s\u2019activa \u00fanicament amb pres\u00e8ncia de vianants, optimitza l\u2019\u00fas de recursos i contribu\u00efx a la reducci\u00f3 d\u2019emissions de CO\u2082.<\/p>\n\n\n\n<p>La integraci\u00f3 en la plataforma Sentilo permet un control remot que evita despla\u00e7aments innecessaris per a labors de manteniment, reduint aix\u00ed l\u2019impacte ambiental.<\/p>\n\n\n\n<p>La regidora de Mobilitat, Adelina Gonz\u00e1lez, ha destacat que \u201cla instal\u00b7laci\u00f3 d\u2019estos passos de vianants intel\u00b7ligents \u00e9s un exemple de com la tecnologia pot millorar la seguretat dels ciutadans. Apostem per una ciutat moderna i segura, on la innovaci\u00f3 es posa al servici de les persones\u201d.<\/p>\n\n\n\n<p>\u201cEsta actuaci\u00f3 no \u00e9s un fet a\u00efllat, sin\u00f3 part d\u2019un pla integral que inclou tamb\u00e9 l\u2019aparcament intel\u00b7ligent i la instal\u00b7laci\u00f3 de sensors per a persones amb mobilitat redu\u00efda, sempre amb un objectiu com\u00fa: millorar la seguretat vi\u00e0ria i la qualitat de vida a Torrent\u201d, ha afegit Gonz\u00e1lez.<\/p>\n\n\n\n<figure class=\"wp-block-gallery has-nested-images columns-default is-cropped wp-block-gallery-1 is-layout-flex wp-block-gallery-is-layout-flex\">\n<figure class=\"wp-block-image size-large\"><img fetchpriority=\"high\" decoding=\"async\" width=\"1024\" height=\"682\" data-id=\"85264\" src=\"https:\/\/infotorrent.es\/wp-content\/uploads\/2025\/08\/Imagen-de-WhatsApp-2025-08-27-a-las-09.10.49_3591e11f-1024x682.png\" alt=\"\" class=\"wp-image-85264\" srcset=\"https:\/\/infotorrent.es\/wp-content\/uploads\/2025\/08\/Imagen-de-WhatsApp-2025-08-27-a-las-09.10.49_3591e11f-1024x682.png 1024w, https:\/\/infotorrent.es\/wp-content\/uploads\/2025\/08\/Imagen-de-WhatsApp-2025-08-27-a-las-09.10.49_3591e11f-300x200.png 300w, https:\/\/infotorrent.es\/wp-content\/uploads\/2025\/08\/Imagen-de-WhatsApp-2025-08-27-a-las-09.10.49_3591e11f-768x512.png 768w, https:\/\/infotorrent.es\/wp-content\/uploads\/2025\/08\/Imagen-de-WhatsApp-2025-08-27-a-las-09.10.49_3591e11f-1536x1023.png 1536w, https:\/\/infotorrent.es\/wp-content\/uploads\/2025\/08\/Imagen-de-WhatsApp-2025-08-27-a-las-09.10.49_3591e11f.png 1600w\" sizes=\"(max-width: 1024px) 100vw, 1024px\" \/><\/figure>\n\n\n\n<figure class=\"wp-block-image size-large\"><img decoding=\"async\" width=\"1024\" height=\"682\" data-id=\"85262\" src=\"https:\/\/infotorrent.es\/wp-content\/uploads\/2025\/08\/Imagen-de-WhatsApp-2025-08-27-a-las-09.10.49_762cef0b-1024x682.jpg\" alt=\"\" class=\"wp-image-85262\" srcset=\"https:\/\/infotorrent.es\/wp-content\/uploads\/2025\/08\/Imagen-de-WhatsApp-2025-08-27-a-las-09.10.49_762cef0b-1024x682.jpg 1024w, https:\/\/infotorrent.es\/wp-content\/uploads\/2025\/08\/Imagen-de-WhatsApp-2025-08-27-a-las-09.10.49_762cef0b-300x200.jpg 300w, https:\/\/infotorrent.es\/wp-content\/uploads\/2025\/08\/Imagen-de-WhatsApp-2025-08-27-a-las-09.10.49_762cef0b-768x512.jpg 768w, https:\/\/infotorrent.es\/wp-content\/uploads\/2025\/08\/Imagen-de-WhatsApp-2025-08-27-a-las-09.10.49_762cef0b-1536x1023.jpg 1536w, https:\/\/infotorrent.es\/wp-content\/uploads\/2025\/08\/Imagen-de-WhatsApp-2025-08-27-a-las-09.10.49_762cef0b.jpg 1600w\" sizes=\"(max-width: 1024px) 100vw, 1024px\" \/><\/figure>\n\n\n\n<figure class=\"wp-block-image size-large\"><img decoding=\"async\" width=\"1024\" height=\"682\" data-id=\"85260\" src=\"https:\/\/infotorrent.es\/wp-content\/uploads\/2025\/08\/Imagen-de-WhatsApp-2025-08-27-a-las-09.10.45_49fef6e0-1024x682.jpg\" alt=\"\" class=\"wp-image-85260\" srcset=\"https:\/\/infotorrent.es\/wp-content\/uploads\/2025\/08\/Imagen-de-WhatsApp-2025-08-27-a-las-09.10.45_49fef6e0-1024x682.jpg 1024w, https:\/\/infotorrent.es\/wp-content\/uploads\/2025\/08\/Imagen-de-WhatsApp-2025-08-27-a-las-09.10.45_49fef6e0-300x200.jpg 300w, https:\/\/infotorrent.es\/wp-content\/uploads\/2025\/08\/Imagen-de-WhatsApp-2025-08-27-a-las-09.10.45_49fef6e0-768x512.jpg 768w, https:\/\/infotorrent.es\/wp-content\/uploads\/2025\/08\/Imagen-de-WhatsApp-2025-08-27-a-las-09.10.45_49fef6e0-1536x1023.jpg 1536w, https:\/\/infotorrent.es\/wp-content\/uploads\/2025\/08\/Imagen-de-WhatsApp-2025-08-27-a-las-09.10.45_49fef6e0.jpg 1600w\" sizes=\"(max-width: 1024px) 100vw, 1024px\" \/><\/figure>\n\n\n\n<figure class=\"wp-block-image size-large\"><img loading=\"lazy\" decoding=\"async\" width=\"1024\" height=\"682\" data-id=\"85258\" src=\"https:\/\/infotorrent.es\/wp-content\/uploads\/2025\/08\/Imagen-de-WhatsApp-2025-08-27-a-las-09.10.49_1b7cc7e6-1024x682.jpg\" alt=\"\" class=\"wp-image-85258\" srcset=\"https:\/\/infotorrent.es\/wp-content\/uploads\/2025\/08\/Imagen-de-WhatsApp-2025-08-27-a-las-09.10.49_1b7cc7e6-1024x682.jpg 1024w, https:\/\/infotorrent.es\/wp-content\/uploads\/2025\/08\/Imagen-de-WhatsApp-2025-08-27-a-las-09.10.49_1b7cc7e6-300x200.jpg 300w, https:\/\/infotorrent.es\/wp-content\/uploads\/2025\/08\/Imagen-de-WhatsApp-2025-08-27-a-las-09.10.49_1b7cc7e6-768x512.jpg 768w, https:\/\/infotorrent.es\/wp-content\/uploads\/2025\/08\/Imagen-de-WhatsApp-2025-08-27-a-las-09.10.49_1b7cc7e6-1536x1023.jpg 1536w, https:\/\/infotorrent.es\/wp-content\/uploads\/2025\/08\/Imagen-de-WhatsApp-2025-08-27-a-las-09.10.49_1b7cc7e6.jpg 1600w\" sizes=\"(max-width: 1024px) 100vw, 1024px\" \/><\/figure>\n\n\n\n<figure class=\"wp-block-image size-large\"><img loading=\"lazy\" decoding=\"async\" width=\"1024\" height=\"682\" data-id=\"85256\" src=\"https:\/\/infotorrent.es\/wp-content\/uploads\/2025\/08\/Imagen-de-WhatsApp-2025-08-27-a-las-09.10.49_97fda052-1024x682.jpg\" alt=\"\" class=\"wp-image-85256\" srcset=\"https:\/\/infotorrent.es\/wp-content\/uploads\/2025\/08\/Imagen-de-WhatsApp-2025-08-27-a-las-09.10.49_97fda052-1024x682.jpg 1024w, https:\/\/infotorrent.es\/wp-content\/uploads\/2025\/08\/Imagen-de-WhatsApp-2025-08-27-a-las-09.10.49_97fda052-300x200.jpg 300w, https:\/\/infotorrent.es\/wp-content\/uploads\/2025\/08\/Imagen-de-WhatsApp-2025-08-27-a-las-09.10.49_97fda052-768x512.jpg 768w, https:\/\/infotorrent.es\/wp-content\/uploads\/2025\/08\/Imagen-de-WhatsApp-2025-08-27-a-las-09.10.49_97fda052-1536x1023.jpg 1536w, https:\/\/infotorrent.es\/wp-content\/uploads\/2025\/08\/Imagen-de-WhatsApp-2025-08-27-a-las-09.10.49_97fda052.jpg 1600w\" sizes=\"(max-width: 1024px) 100vw, 1024px\" \/><\/figure>\n<\/figure>\n","protected":false},"excerpt":{"rendered":"<p>La instal\u00b7laci\u00f3 s\u2019ha realitzat al carrer Azor\u00edn cantonada amb Francisco T\u00e1rrega, punt seleccionat pel seu significatiu tr\u00e0nsit de vianants. L\u2019Ajuntament de Torrent fa un nou pas en la seua estrat\u00e8gia per a millorar la mobilitat urbana i refor\u00e7ar la seguretat vi\u00e0ria de la ciutadania. Ja estan en funcionament sis passos de vianants intel\u00b7ligents en punts [&hellip;]<\/p>\n","protected":false},"author":15,"featured_media":85260,"comment_status":"open","ping_status":"open","sticky":false,"template":"","format":"standard","meta":{"_acf_changed":false,"footnotes":""},"categories":[147],"tags":[],"class_list":["post-85267","post","type-post","status-publish","format-standard","has-post-thumbnail","hentry","category-mobilitat"],"acf":[],"_links":{"self":[{"href":"https:\/\/infotorrent.es\/ca\/wp-json\/wp\/v2\/posts\/85267","targetHints":{"allow":["GET"]}}],"collection":[{"href":"https:\/\/infotorrent.es\/ca\/wp-json\/wp\/v2\/posts"}],"about":[{"href":"https:\/\/infotorrent.es\/ca\/wp-json\/wp\/v2\/types\/post"}],"author":[{"embeddable":true,"href":"https:\/\/infotorrent.es\/ca\/wp-json\/wp\/v2\/users\/15"}],"replies":[{"embeddable":true,"href":"https:\/\/infotorrent.es\/ca\/wp-json\/wp\/v2\/comments?post=85267"}],"version-history":[{"count":1,"href":"https:\/\/infotorrent.es\/ca\/wp-json\/wp\/v2\/posts\/85267\/revisions"}],"predecessor-version":[{"id":85269,"href":"https:\/\/infotorrent.es\/ca\/wp-json\/wp\/v2\/posts\/85267\/revisions\/85269"}],"wp:featuredmedia":[{"embeddable":true,"href":"https:\/\/infotorrent.es\/ca\/wp-json\/wp\/v2\/media\/85260"}],"wp:attachment":[{"href":"https:\/\/infotorrent.es\/ca\/wp-json\/wp\/v2\/media?parent=85267"}],"wp:term":[{"taxonomy":"category","embeddable":true,"href":"https:\/\/infotorrent.es\/ca\/wp-json\/wp\/v2\/categories?post=85267"},{"taxonomy":"post_tag","embeddable":true,"href":"https:\/\/infotorrent.es\/ca\/wp-json\/wp\/v2\/tags?post=85267"}],"curies":[{"name":"wp","href":"https:\/\/api.w.org\/{rel}","templated":true}]}}