{"id":85251,"date":"2025-08-26T14:01:40","date_gmt":"2025-08-26T12:01:40","guid":{"rendered":"https:\/\/infotorrent.es\/?p=85251"},"modified":"2025-08-26T14:06:24","modified_gmt":"2025-08-26T12:06:24","slug":"torrent-reforca-la-seguretat-viaria-escolar-amb-el-repintat-de-passos-de-vianants","status":"publish","type":"post","link":"https:\/\/infotorrent.es\/ca\/mobilitat\/torrent-reforca-la-seguretat-viaria-escolar-amb-el-repintat-de-passos-de-vianants\/","title":{"rendered":"Torrent refor\u00e7a la seguretat vi\u00e0ria escolar amb el repintat de passos de vianants"},"content":{"rendered":"\n<p><strong>Torrent tornar\u00e0 a incloure pictogrames TEA en els passos de vianants escolars per segon any consecutiu<\/strong><\/p>\n\n\n\n<p>Amb motiu de l\u2019imminent inici del curs escolar 2025\/26, l\u2019Ajuntament de Torrent ha iniciat una campanya intensiva de repintat de tots els passos de vianants pr\u00f2xims als centres escolars. L\u2019actuaci\u00f3, duta a terme des de la delegaci\u00f3 de Mobilitat, t\u00e9 com a objectiu garantir una major seguretat vi\u00e0ria per als escolars i les seues fam\u00edlies, especialment per a aquells xiquets i xiquetes amb Trastorn de l\u2019Espectre Autista (TEA).<\/p>\n\n\n\n<p>Per segon any consecutiu, estos passos de vianants tornaran a incorporar pictogrames visuals pintats en blau que faciliten la comprensi\u00f3 del proc\u00e9s de creuament segur. Els pictogrames, organitzats en una seq\u00fc\u00e8ncia l\u00f2gica \u2014\u201cParar, Mirar, Cotxe Parat i Creuar\u201d\u2014 oferixen una guia clara, visual i intu\u00eftiva per als vianants, fomentant h\u00e0bits segurs a l\u2019hora de travessar la cal\u00e7ada.<\/p>\n\n\n\n<p>Este mat\u00ed, l\u2019alcaldessa de Torrent, Amparo Folgado, junt amb la regidora de Mobilitat, Adelina Gonz\u00e1lez, han visitat els treballs que s\u2019estan realitzant en les immediacions del CEIP El Mol\u00ed. Durant la jornada, els operaris estan repassant tots els passos de vianants de la zona escolar i tamb\u00e9 l\u2019entorn del CEIP Verge del Rosari, per a assegurar que estiguen llestos abans del comen\u00e7ament de les classes.<\/p>\n\n\n\n<p>Fins a la data, ja s\u2019ha completat el repintat en els entorns escolars dels carrers Azor\u00edn, Constituci\u00f3, la Corunya, Avinguda al Vedat, Ramon i Cajal, Moralets i, en el dia de hui, Gabriela Mistral i Granerers. En els pr\u00f2xims dies, s\u2019intervindr\u00e0 en els carrers pr\u00f2xims als col\u00b7legis Joan XXIII, Sant Tom\u00e0s d\u2019Aquino, Julio Verne i els passos per a vianants pr\u00f2xims als centres ubicats al carrer Pare M\u00e9ndez.<\/p>\n\n\n\n<p>Estes actuacions formen part del comprom\u00eds del consistori torrent\u00ed amb la seguretat vi\u00e0ria i la inclusi\u00f3. Com ha destacat l\u2019alcaldessa, \u201ctreballem perqu\u00e8 tots els xiquets i xiquetes de Torrent puguen anar i tornar del col\u00b7legi de manera segura, i molt especialment aquells que necessiten suports visuals espec\u00edfics com els pictogrames per a poder desenvolupar-se amb autonomia\u201d. Per eixa ra\u00f3 tamb\u00e9, un any m\u00e9s, les entrades i eixides dels centres escolars tornaran a estar recolzades per agents de la Policia Local, en aquells on la seguretat es puga vore m\u00e9s compromesa.<\/p>\n\n\n\n<p>Per la seua part, la regidora de Mobilitat ha subratllat que \u201cla inclusi\u00f3 i la seguretat s\u00f3n dos pilars fonamentals de la nostra pol\u00edtica de mobilitat urbana. Continuarem treballant perqu\u00e8 Torrent siga un referent en accessibilitat i en la cura dels nostres escolars\u201d.<\/p>\n\n\n\n<figure class=\"wp-block-gallery has-nested-images columns-default is-cropped wp-block-gallery-1 is-layout-flex wp-block-gallery-is-layout-flex\">\n<figure class=\"wp-block-image size-large\"><img fetchpriority=\"high\" decoding=\"async\" width=\"1024\" height=\"683\" data-id=\"85248\" src=\"https:\/\/infotorrent.es\/wp-content\/uploads\/2025\/08\/Imagen-de-WhatsApp-2025-08-26-a-las-13.30.24_0d43a692-1024x683.jpg\" alt=\"\" class=\"wp-image-85248\" srcset=\"https:\/\/infotorrent.es\/wp-content\/uploads\/2025\/08\/Imagen-de-WhatsApp-2025-08-26-a-las-13.30.24_0d43a692-1024x683.jpg 1024w, https:\/\/infotorrent.es\/wp-content\/uploads\/2025\/08\/Imagen-de-WhatsApp-2025-08-26-a-las-13.30.24_0d43a692-300x200.jpg 300w, https:\/\/infotorrent.es\/wp-content\/uploads\/2025\/08\/Imagen-de-WhatsApp-2025-08-26-a-las-13.30.24_0d43a692-768x512.jpg 768w, https:\/\/infotorrent.es\/wp-content\/uploads\/2025\/08\/Imagen-de-WhatsApp-2025-08-26-a-las-13.30.24_0d43a692-1536x1025.jpg 1536w, https:\/\/infotorrent.es\/wp-content\/uploads\/2025\/08\/Imagen-de-WhatsApp-2025-08-26-a-las-13.30.24_0d43a692.jpg 2048w\" sizes=\"(max-width: 1024px) 100vw, 1024px\" \/><\/figure>\n\n\n\n<figure class=\"wp-block-image size-large\"><img decoding=\"async\" width=\"1024\" height=\"683\" data-id=\"85246\" src=\"https:\/\/infotorrent.es\/wp-content\/uploads\/2025\/08\/Imagen-de-WhatsApp-2025-08-26-a-las-13.30.23_7ac0a1bb-1024x683.jpg\" alt=\"\" class=\"wp-image-85246\" srcset=\"https:\/\/infotorrent.es\/wp-content\/uploads\/2025\/08\/Imagen-de-WhatsApp-2025-08-26-a-las-13.30.23_7ac0a1bb-1024x683.jpg 1024w, https:\/\/infotorrent.es\/wp-content\/uploads\/2025\/08\/Imagen-de-WhatsApp-2025-08-26-a-las-13.30.23_7ac0a1bb-300x200.jpg 300w, https:\/\/infotorrent.es\/wp-content\/uploads\/2025\/08\/Imagen-de-WhatsApp-2025-08-26-a-las-13.30.23_7ac0a1bb-768x512.jpg 768w, https:\/\/infotorrent.es\/wp-content\/uploads\/2025\/08\/Imagen-de-WhatsApp-2025-08-26-a-las-13.30.23_7ac0a1bb-1536x1025.jpg 1536w, https:\/\/infotorrent.es\/wp-content\/uploads\/2025\/08\/Imagen-de-WhatsApp-2025-08-26-a-las-13.30.23_7ac0a1bb.jpg 2048w\" sizes=\"(max-width: 1024px) 100vw, 1024px\" \/><\/figure>\n\n\n\n<figure class=\"wp-block-image size-large\"><img decoding=\"async\" width=\"1024\" height=\"683\" data-id=\"85244\" src=\"https:\/\/infotorrent.es\/wp-content\/uploads\/2025\/08\/Imagen-de-WhatsApp-2025-08-26-a-las-13.30.25_27b71efc-1024x683.jpg\" alt=\"\" class=\"wp-image-85244\" srcset=\"https:\/\/infotorrent.es\/wp-content\/uploads\/2025\/08\/Imagen-de-WhatsApp-2025-08-26-a-las-13.30.25_27b71efc-1024x683.jpg 1024w, https:\/\/infotorrent.es\/wp-content\/uploads\/2025\/08\/Imagen-de-WhatsApp-2025-08-26-a-las-13.30.25_27b71efc-300x200.jpg 300w, https:\/\/infotorrent.es\/wp-content\/uploads\/2025\/08\/Imagen-de-WhatsApp-2025-08-26-a-las-13.30.25_27b71efc-768x512.jpg 768w, https:\/\/infotorrent.es\/wp-content\/uploads\/2025\/08\/Imagen-de-WhatsApp-2025-08-26-a-las-13.30.25_27b71efc-1536x1025.jpg 1536w, https:\/\/infotorrent.es\/wp-content\/uploads\/2025\/08\/Imagen-de-WhatsApp-2025-08-26-a-las-13.30.25_27b71efc.jpg 2048w\" sizes=\"(max-width: 1024px) 100vw, 1024px\" \/><\/figure>\n\n\n\n<figure class=\"wp-block-image size-large\"><img loading=\"lazy\" decoding=\"async\" width=\"1024\" height=\"683\" data-id=\"85242\" src=\"https:\/\/infotorrent.es\/wp-content\/uploads\/2025\/08\/Imagen-de-WhatsApp-2025-08-26-a-las-13.30.25_24b4009c-1024x683.jpg\" alt=\"\" class=\"wp-image-85242\" srcset=\"https:\/\/infotorrent.es\/wp-content\/uploads\/2025\/08\/Imagen-de-WhatsApp-2025-08-26-a-las-13.30.25_24b4009c-1024x683.jpg 1024w, https:\/\/infotorrent.es\/wp-content\/uploads\/2025\/08\/Imagen-de-WhatsApp-2025-08-26-a-las-13.30.25_24b4009c-300x200.jpg 300w, https:\/\/infotorrent.es\/wp-content\/uploads\/2025\/08\/Imagen-de-WhatsApp-2025-08-26-a-las-13.30.25_24b4009c-768x512.jpg 768w, https:\/\/infotorrent.es\/wp-content\/uploads\/2025\/08\/Imagen-de-WhatsApp-2025-08-26-a-las-13.30.25_24b4009c-1536x1025.jpg 1536w, https:\/\/infotorrent.es\/wp-content\/uploads\/2025\/08\/Imagen-de-WhatsApp-2025-08-26-a-las-13.30.25_24b4009c.jpg 2048w\" sizes=\"(max-width: 1024px) 100vw, 1024px\" \/><\/figure>\n<\/figure>\n","protected":false},"excerpt":{"rendered":"<p>Torrent tornar\u00e0 a incloure pictogrames TEA en els passos de vianants escolars per segon any consecutiu Amb motiu de l\u2019imminent inici del curs escolar 2025\/26, l\u2019Ajuntament de Torrent ha iniciat una campanya intensiva de repintat de tots els passos de vianants pr\u00f2xims als centres escolars. L\u2019actuaci\u00f3, duta a terme des de la delegaci\u00f3 de Mobilitat, [&hellip;]<\/p>\n","protected":false},"author":15,"featured_media":85248,"comment_status":"open","ping_status":"open","sticky":false,"template":"","format":"standard","meta":{"_acf_changed":false,"footnotes":""},"categories":[147],"tags":[],"class_list":["post-85251","post","type-post","status-publish","format-standard","has-post-thumbnail","hentry","category-mobilitat"],"acf":[],"_links":{"self":[{"href":"https:\/\/infotorrent.es\/ca\/wp-json\/wp\/v2\/posts\/85251","targetHints":{"allow":["GET"]}}],"collection":[{"href":"https:\/\/infotorrent.es\/ca\/wp-json\/wp\/v2\/posts"}],"about":[{"href":"https:\/\/infotorrent.es\/ca\/wp-json\/wp\/v2\/types\/post"}],"author":[{"embeddable":true,"href":"https:\/\/infotorrent.es\/ca\/wp-json\/wp\/v2\/users\/15"}],"replies":[{"embeddable":true,"href":"https:\/\/infotorrent.es\/ca\/wp-json\/wp\/v2\/comments?post=85251"}],"version-history":[{"count":1,"href":"https:\/\/infotorrent.es\/ca\/wp-json\/wp\/v2\/posts\/85251\/revisions"}],"predecessor-version":[{"id":85253,"href":"https:\/\/infotorrent.es\/ca\/wp-json\/wp\/v2\/posts\/85251\/revisions\/85253"}],"wp:featuredmedia":[{"embeddable":true,"href":"https:\/\/infotorrent.es\/ca\/wp-json\/wp\/v2\/media\/85248"}],"wp:attachment":[{"href":"https:\/\/infotorrent.es\/ca\/wp-json\/wp\/v2\/media?parent=85251"}],"wp:term":[{"taxonomy":"category","embeddable":true,"href":"https:\/\/infotorrent.es\/ca\/wp-json\/wp\/v2\/categories?post=85251"},{"taxonomy":"post_tag","embeddable":true,"href":"https:\/\/infotorrent.es\/ca\/wp-json\/wp\/v2\/tags?post=85251"}],"curies":[{"name":"wp","href":"https:\/\/api.w.org\/{rel}","templated":true}]}}