{"id":8518,"date":"2017-03-18T08:41:07","date_gmt":"2017-03-18T08:41:07","guid":{"rendered":"https:\/\/infotorrent.es\/uncategorized\/la-segona-ofrena-i-la-crema-ocupen-el-cap-de-setmana-a-torrent\/"},"modified":"2017-03-18T08:41:07","modified_gmt":"2017-03-18T08:41:07","slug":"la-segona-ofrena-i-la-crema-ocupen-el-cap-de-setmana-a-torrent","status":"publish","type":"post","link":"https:\/\/infotorrent.es\/ca\/noticies\/la-segona-ofrena-i-la-crema-ocupen-el-cap-de-setmana-a-torrent\/","title":{"rendered":"La segona ofrena i la Crem\u00e0 ocupen el cap de setmana a Torrent"},"content":{"rendered":"<p style=\"text-align: center;\"><strong>El rams de flors de tots els torrentins i torrentines formaran el mantell que els vestidors i vestidores confeccionen any rere any amb molt de sentiment<\/strong><\/p>\n<p style=\"text-align: justify;\">Les falles de Torrent arriben al seu equador i la ciutat est\u00e0 plena de color, olor de p\u00f3lvora i devoci\u00f3 per la gran festa de Sant Josep. Ahir va tindre lloc la primera jornada d\u2019ofrena que va acabar amb el lliurament del ram de la fallera major infantil, Paula Gim\u00e9nez, que ja va perfilant el mantell de la patrona. Una ofrena especial en la qual participaren tamb\u00e9 les 40 falleres major infantils de Torrent, ja que enguany es commemora el 40 aniversari de la primera fallera major infantil de la ciutat. Dem\u00e0 dissabte es celebrar\u00e0 la segona ofrena a la Mare de D\u00e9u dels Desemparats i amb l\u2019\u00faltim ram, el de la fallera major de Torrent, acompanyada per la cort d\u2019honor, es completar\u00e0 el mantell de la patrona dels valencians.<\/p>\n<p style=\"text-align: justify;\">En el segon dia d\u2019ofrena, les falles que desfilaran s\u00f3n: El Mol\u00ed, Avinguda Reina Sofia Pla\u00e7a Pedro Iturralde, Lope de Rueda, Sant Valeri\u00e0, Avinguda Segon Tram, Saragossa-Parc Central, Nicolau Andreu, Sant Gregori, Cotxera, Sants Patrons, Carrer Toledo, Poble Nou, Antonio Pardo, La Pla\u00e7a, Pla\u00e7a de la Conc\u00f2rdia i la Falla Avinguda, acompanyant la seua fallera i m\u00e0xima representant torrentina d\u2019enguany, Carmen Sirvent.<\/p>\n<p style=\"text-align: justify;\">Diumenge, la festivitat de Sant Josep comen\u00e7ar\u00e0 amb la missa tradicional en honor al sant a les 12.00 hores en la parr\u00f2quia de Sant Josep, seguida de l\u2019homenatge al Granerer a les 13.30 hores i l\u2019\u00faltima masclet\u00e0 a les 14.30 hores al peu de l\u2019Ajuntament de Torrent. A la nit, la festa fallera finalitzar\u00e0 amb la crema dels 58 monuments que hi ha plantats a la localitat. A les 21.00 hores es cremar\u00e0 el monument de la falla Avinguda, guanyadora de secci\u00f3 especial, i on estar\u00e0 present la fallera major infantil, Paula Gim\u00e9nez, i la seua cort juntament amb els m\u00e0xims representants infantils de la comissi\u00f3. A les 01.00 hores ser\u00e0 el torn del monument major guanyador de secci\u00f3 especial, que enguany pertany a la comissi\u00f3 Ram\u00f3n y Cajal. La fallera major de Torrent, Carmen Sirvent, juntament amb la cort d\u2019honor, acompanyaran la fallera major d\u2019esta falla en un acte ple d\u2019emoci\u00f3, on el color, la m\u00e0gia i el treball d\u2019un gran any es convertir\u00e0 en cendres.<\/p>\n","protected":false},"excerpt":{"rendered":"<p>El rams de flors de tots els torrentins i torrentines formaran el mantell que els vestidors i vestidores confeccionen any rere any amb molt de sentiment Les falles de Torrent arriben al seu equador i la ciutat est\u00e0 plena de color, olor de p\u00f3lvora i devoci\u00f3 per la gran festa de Sant Josep. Ahir va [&hellip;]<\/p>\n","protected":false},"author":4,"featured_media":1137,"comment_status":"open","ping_status":"open","sticky":false,"template":"","format":"standard","meta":{"_acf_changed":false,"footnotes":""},"categories":[156,116],"tags":[788],"class_list":["post-8518","post","type-post","status-publish","format-standard","has-post-thumbnail","hentry","category-festes-i-tradicions-2","category-noticies","tag-falles"],"acf":[],"_links":{"self":[{"href":"https:\/\/infotorrent.es\/ca\/wp-json\/wp\/v2\/posts\/8518","targetHints":{"allow":["GET"]}}],"collection":[{"href":"https:\/\/infotorrent.es\/ca\/wp-json\/wp\/v2\/posts"}],"about":[{"href":"https:\/\/infotorrent.es\/ca\/wp-json\/wp\/v2\/types\/post"}],"author":[{"embeddable":true,"href":"https:\/\/infotorrent.es\/ca\/wp-json\/wp\/v2\/users\/4"}],"replies":[{"embeddable":true,"href":"https:\/\/infotorrent.es\/ca\/wp-json\/wp\/v2\/comments?post=8518"}],"version-history":[{"count":0,"href":"https:\/\/infotorrent.es\/ca\/wp-json\/wp\/v2\/posts\/8518\/revisions"}],"wp:featuredmedia":[{"embeddable":true,"href":"https:\/\/infotorrent.es\/ca\/wp-json\/wp\/v2\/media\/1137"}],"wp:attachment":[{"href":"https:\/\/infotorrent.es\/ca\/wp-json\/wp\/v2\/media?parent=8518"}],"wp:term":[{"taxonomy":"category","embeddable":true,"href":"https:\/\/infotorrent.es\/ca\/wp-json\/wp\/v2\/categories?post=8518"},{"taxonomy":"post_tag","embeddable":true,"href":"https:\/\/infotorrent.es\/ca\/wp-json\/wp\/v2\/tags?post=8518"}],"curies":[{"name":"wp","href":"https:\/\/api.w.org\/{rel}","templated":true}]}}