{"id":85134,"date":"2025-08-21T11:52:42","date_gmt":"2025-08-21T09:52:42","guid":{"rendered":"https:\/\/infotorrent.es\/?p=85134"},"modified":"2025-08-21T11:58:23","modified_gmt":"2025-08-21T09:58:23","slug":"torrent-recupera-al-100-els-seus-accessos-amb-la-reobertura-del-pont-cap-a-alaquas","status":"publish","type":"post","link":"https:\/\/infotorrent.es\/ca\/urbanismo-noticias-ca\/torrent-recupera-al-100-els-seus-accessos-amb-la-reobertura-del-pont-cap-a-alaquas\/","title":{"rendered":"Torrent recupera al 100% els seus accessos amb la reobertura del pont cap a Alaqu\u00e0s"},"content":{"rendered":"\n<h4 class=\"wp-block-heading\">Folgado agra\u00efx l&#8217;esfor\u00e7 col\u00b7lectiu: \u201cGr\u00e0cies a ve\u00efns, t\u00e8cnics i empreses hui Torrent recupera el seu pont m\u00e9s hist\u00f2ric i recupera el el 100% dels seus accessos per carretera\u201d<\/h4>\n\n\n\n<p>Torrent ha donat hui un pas definitiu en la recuperaci\u00f3 de les seues infraestructures despr\u00e9s de la DANA del 29 d\u2019octubre de 2024 amb la reobertura completa del hist\u00f2ric pont cap a Alaqu\u00e0s en el carrer G\u00f3mez Ferrer. La ciutat posa aix\u00ed el punt i final al proc\u00e9s de reconstrucci\u00f3 de les seues carreteres, accessos i viaductes, que quedaren greument afectats per la brutal crescuda del barranc del Poyo i l\u2019Horteta, i recupera al 100% la seua xarxa de comunicacions.<\/p>\n\n\n\n<p>La reobertura del pont no sols retorna a la ciutat un element vital de connexi\u00f3 amb Alaqu\u00e0s, Aldaia i Xirivella, sin\u00f3 que tamb\u00e9 restitu\u00efx l\u2019itinerari habitual dels autobusos metropolitans que connecten Torrent amb Val\u00e8ncia i la comarca, concretament les l\u00ednies 170 i 106 de Metrob\u00fas.<\/p>\n\n\n\n<p><strong>Obertura definitiva al tr\u00e0nsit<\/strong><\/p>\n\n\n\n<p>L\u2019alcaldessa de Torrent, Amparo Folgado, junt al subdelegat del govern,&nbsp;Jos\u00e9 Rodr\u00edguez i membres de la corporaci\u00f3 municipal&nbsp;de Torrent i Alaqu\u00e0s ha visitat este mat\u00ed el pont despr\u00e9s de la seua reobertura definitiva i ha destacat la import\u00e0ncia del moment&nbsp;<em>\u201cEste pont representa molt m\u00e9s que una infraestructura. \u00c9s un s\u00edmbol de la nostra capacitat de resist\u00e8ncia, de la uni\u00f3 dels torrentins i de l\u2019esfor\u00e7 de les administracions i empreses que han treballat sense descans durant estos mesos. Hui, Torrent recupera un dels seus elements hist\u00f2rics m\u00e9s estimats i, amb ell, tanquem una etapa de reconstrucci\u00f3 que ens ha fet m\u00e9s forts\u201d<\/em>.<\/p>\n\n\n\n<p>Folgado tamb\u00e9 ha subratllat el paper estrat\u00e8gic d\u2019esta via&nbsp;<em>\u201cEra vital reobrir este pont per a restablir la connexi\u00f3 natural de Torrent amb municipis ve\u00efns com Alaqu\u00e0s, Aldaia i Xirivella. A m\u00e9s, retornem als nostres ve\u00efns la normalitat en el transport p\u00fablic, recuperant les l\u00ednies d\u2019autob\u00fas que cada dia utilitzen centenars de persones per a despla\u00e7ar-se a Val\u00e8ncia i a altres punts de la comarca\u201d<\/em>.<\/p>\n\n\n\n<p>Per la seua part, el regidor d\u2019Urbanisme i Medi Ambient, Jos\u00e9 Francisco Gozalvo, ha posat en valor el treball realitzat&nbsp;<em>\u201cNo parlem d\u2019un pont qualsevol, sin\u00f3 d\u2019una infraestructura amb m\u00e9s de 150 anys d\u2019hist\u00f2ria, testimoni del creixement de Torrent i del pas del tramvia antic. La seua reconstrucci\u00f3 ha sigut un repte t\u00e8cnic sense precedents, especialment per la necessitat de reposar els carreus de pedra originals que foren arrancats per la for\u00e7a de la barrancada\u201d<\/em>.<\/p>\n\n\n\n<p>L\u2019alcaldessa Amparo Folgado tamb\u00e9 ha volgut agrair a totes les persones implicades en el projecte&nbsp;<em>\u201cVull recon\u00e9ixer la tasca dels t\u00e8cnics municipals, la professionalitat de l\u2019empresa constructora i les que han subministrat i, sobretot, la paci\u00e8ncia dels ve\u00efns, que han hagut de conviure amb mol\u00e8sties durant estos mesos. Gr\u00e0cies a tots ells hui podem celebrar la reobertura d\u2019un pont hist\u00f2ric per a Torrent\u201d<\/em>.<\/p>\n\n\n\n<p><strong>Una infraestructura amb m\u00e9s d\u2019un segle i mig d\u2019hist\u00f2ria<\/strong><\/p>\n\n\n\n<p>El pont del carrer G\u00f3mez Ferrer va ser constru\u00eft a mitjan segle XIX i \u00e9s una de les infraestructures m\u00e9s antigues i reconeixibles de la ciutat. Per ell va circular el tramvia que unia Torrent amb Val\u00e8ncia i, al llarg de les d\u00e8cades, es va convertir en un pas essencial per al desenvolupament urb\u00e0 i econ\u00f2mic de la localitat.<\/p>\n\n\n\n<p>En la d\u00e8cada dels 90, davant el creixement del tr\u00e0nsit, es va ampliar el seu tauler, per\u00f2 la DANA d\u2019octubre de 2024 va danyar greument esta part de l\u2019estructura. La for\u00e7a de l\u2019aigua va arrancar m\u00e9s de la meitat del tauler i es va emportar gran part dels carreus de pedra originals, deixant la infraestructura inutilitzable i desconnectant Torrent d\u2019una de les seues principals eixides.<\/p>\n\n\n\n<p><strong>Un proc\u00e9s de reconstrucci\u00f3 complex<\/strong><\/p>\n\n\n\n<p>Des de l\u2019inici, la reconstrucci\u00f3 del pont va suposar un repte t\u00e8cnic i patrimonial. L\u2019empresa adjudicat\u00e0ria va haver de rec\u00f3rrer a picapedrers especialitzats capa\u00e7os de tallar nous carreus amb les mateixes caracter\u00edstiques que els originals. Per a unir el tram del tauler que es conservava amb el nou, va ser necess\u00e0ria la utilitzaci\u00f3 de maquin\u00e0ria d\u2019alta precisi\u00f3 com l\u2019hidrodemolidora, que va permetre treballar amb seguretat sobre l\u2019estructura sense comprometre la seua estabilitat.<\/p>\n\n\n\n<p>Abans d\u2019iniciar l\u2019obra principal, va ser necessari dur a terme una intervenci\u00f3 pr\u00e8via fonamental: la reparaci\u00f3 del col\u00b7lector nord d\u2019aig\u00fces residuals, que estava en mal estat i provocava abocaments en la zona. Esta actuaci\u00f3 va ser realitzada per Aig\u00fces de l\u2019Horta, que va instal\u00b7lar un col\u00b7lector provisional que va permetre iniciar els treballs estructurals del pont amb garanties.<\/p>\n\n\n\n<p>En paral\u00b7lel, es recuperaren servicis b\u00e0sics com la fibra \u00f2ptica i conduccions el\u00e8ctriques. Posteriorment, l\u2019obra va avan\u00e7ar en fases molt concretes: consolidaci\u00f3 dels fonaments, tractament del llit del barranc, reposici\u00f3 d\u2019elements patrimonials i col\u00b7locaci\u00f3 del nou tauler.<\/p>\n\n\n\n<p>Durant l\u2019\u00faltim mes, despr\u00e9s de reposar-se el tauler a mitjan juliol, s\u2019han executat les actuacions finals: instal\u00b7laci\u00f3 de noves baranes, col\u00b7locaci\u00f3 de l\u2019enllumenat p\u00fablic, reconstrucci\u00f3 de les voreres, reposici\u00f3 de canalitzacions, llum, fibra \u00f2ptica i asfaltat del pont.<\/p>\n\n\n\n<p><strong>Un esfor\u00e7 col\u00b7lectiu i coordinat<\/strong><\/p>\n\n\n\n<p>La reconstrucci\u00f3 del pont cap a Alaqu\u00e0s s\u2019emmarca dins del conjunt d\u2019obres d\u2019emerg\u00e8ncia empreses per l\u2019Ajuntament de Torrent despr\u00e9s de la DANA. Estes actuacions s\u2019iniciaren en novembre de 2024 amb fons municipals abans que, en mar\u00e7 de 2025, es confirmara l\u2019arribada de l\u2019ajuda del Ministeri, que \u00e9s a c\u00e0rrec de qui s\u2019han costejar les obres.<\/p>\n\n\n\n<p>A este esfor\u00e7 se sumaren les actuacions de la Generalitat Valenciana, que va completar la reconstrucci\u00f3 de les autovies CV-36 i CV-33, aix\u00ed com la recuperaci\u00f3 del servici de Metrovalencia el passat 27 de juny. La Conselleria d\u2019Agricultura, TRAGSA i l\u2019Ajuntament tamb\u00e9 treballaren en la reparaci\u00f3 de camins rurals i passos inundables arrasats per la riuada, com els de la Font de la Teula, Clot de Bail\u00f3n i Xarcos Secs.<\/p>\n\n\n\n<p>L\u2019alcaldessa Folgado ha volgut recon\u00e9ixer este treball conjunt:&nbsp;<em>\u201cLa reconstrucci\u00f3 de Torrent ha sigut possible gr\u00e0cies a la coordinaci\u00f3 entre administracions, a la implicaci\u00f3 de les empreses i a la professionalitat dels t\u00e8cnics. Sense ells, hui no estar\u00edem ac\u00ed celebrant la reobertura d\u2019este pont hist\u00f2ric i que culmina la reconstrucci\u00f3 d\u2019accessos a Torrent per carretera\u201d<\/em>.<\/p>\n\n\n\n<p><strong>Pendents de culminar les \u00faltimes actuacions<\/strong><\/p>\n\n\n\n<p>Encara que el pont ja est\u00e0 plenament operatiu, encara queden pendents algunes actuacions clau com s\u00f3n la reconstrucci\u00f3 definitiva del col\u00b7lector nord per part d\u2019Aig\u00fces de l\u2019Horta i la neteja del llit del barranc, que correspon a la Confederaci\u00f3 Hidrogr\u00e0fica del X\u00faquer. Ambdues intervencions s\u00f3n fonamentals per a garantir la seguretat de la infraestructura davant futurs episodis de pluges intenses.<\/p>\n\n\n\n<p>A m\u00e9s, la Conselleria d\u2019Infraestructures treballa actualment en la reconstrucci\u00f3 de les dos passarel\u00b7les per als vianants que desaparegueren en la barrancada: la que unia el barri del Xenillet amb el col\u00b7legi Joan XXIII sobre el Poyo i la que connectava Els Caragols amb el pol\u00edgon Mas del Jutge sobre l\u2019Horteta.<\/p>\n\n\n\n<p><strong>El tancament d\u2019una etapa<\/strong><\/p>\n\n\n\n<p>Amb la reobertura del pont de G\u00f3mez Ferrer, Torrent dona per conclosa una de les etapes m\u00e9s dures de la seua hist\u00f2ria recent. Despr\u00e9s de mesos d\u2019obres i d\u2019incertesa, la ciutat ha recuperat la totalitat dels seus accessos: el Pont de la Comunitat de Madrid (CV-403), el pont sobre la Canyada de Pequ\u00e9 de la CV-411 en Mas del Jutge, els nous viaductes de la CV-33 i la CV-36 i els seus accessos, a m\u00e9s dels passos inundables rurals i accessos col\u00b7lapsats en la DANA.<\/p>\n\n\n\n<p>L\u2019alcaldessa Amparo Folgado ha tancat la seua intervenci\u00f3 amb un missatge d\u2019esperan\u00e7a:&nbsp;<em>\u201cHui podem dir que Torrent ha recuperat totes les seues comunicacions i que ho ha fet amb esfor\u00e7, amb treball i entre tots. Este pont \u00e9s la millor prova que, fins i tot en els moments m\u00e9s dif\u00edcils, Torrent sap al\u00e7ar-se\u201d<\/em>.<\/p>\n\n\n\n<p>El regidor Jos\u00e9 Francisco Gozalvo ha afegit:&nbsp;<em>\u201cHui no sols reobrim un pont, sin\u00f3 que tanquem una ferida que va deixar la DANA en el nostre municipi. La hist\u00f2ria d\u2019este pont \u00e9s tamb\u00e9 la hist\u00f2ria de Torrent, i des de hui torna a escriure\u2019s amb for\u00e7a\u201d<\/em>.<\/p>\n\n\n\n<figure class=\"wp-block-gallery has-nested-images columns-default is-cropped wp-block-gallery-1 is-layout-flex wp-block-gallery-is-layout-flex\">\n<figure class=\"wp-block-image size-large\"><img fetchpriority=\"high\" decoding=\"async\" width=\"1024\" height=\"682\" data-id=\"85131\" src=\"https:\/\/infotorrent.es\/wp-content\/uploads\/2025\/08\/Imagen-de-WhatsApp-2025-08-21-a-las-11.44.08_a0ea4839-1024x682.jpg\" alt=\"\" class=\"wp-image-85131\" srcset=\"https:\/\/infotorrent.es\/wp-content\/uploads\/2025\/08\/Imagen-de-WhatsApp-2025-08-21-a-las-11.44.08_a0ea4839-1024x682.jpg 1024w, https:\/\/infotorrent.es\/wp-content\/uploads\/2025\/08\/Imagen-de-WhatsApp-2025-08-21-a-las-11.44.08_a0ea4839-300x200.jpg 300w, https:\/\/infotorrent.es\/wp-content\/uploads\/2025\/08\/Imagen-de-WhatsApp-2025-08-21-a-las-11.44.08_a0ea4839-768x512.jpg 768w, https:\/\/infotorrent.es\/wp-content\/uploads\/2025\/08\/Imagen-de-WhatsApp-2025-08-21-a-las-11.44.08_a0ea4839-1536x1023.jpg 1536w, https:\/\/infotorrent.es\/wp-content\/uploads\/2025\/08\/Imagen-de-WhatsApp-2025-08-21-a-las-11.44.08_a0ea4839.jpg 1600w\" sizes=\"(max-width: 1024px) 100vw, 1024px\" \/><\/figure>\n\n\n\n<figure class=\"wp-block-image size-large\"><img decoding=\"async\" width=\"1024\" height=\"768\" data-id=\"85129\" src=\"https:\/\/infotorrent.es\/wp-content\/uploads\/2025\/08\/Imagen-de-WhatsApp-2025-08-21-a-las-11.09.53_2ae444a3-1024x768.jpg\" alt=\"\" class=\"wp-image-85129\" srcset=\"https:\/\/infotorrent.es\/wp-content\/uploads\/2025\/08\/Imagen-de-WhatsApp-2025-08-21-a-las-11.09.53_2ae444a3-1024x768.jpg 1024w, https:\/\/infotorrent.es\/wp-content\/uploads\/2025\/08\/Imagen-de-WhatsApp-2025-08-21-a-las-11.09.53_2ae444a3-300x225.jpg 300w, https:\/\/infotorrent.es\/wp-content\/uploads\/2025\/08\/Imagen-de-WhatsApp-2025-08-21-a-las-11.09.53_2ae444a3-768x576.jpg 768w, https:\/\/infotorrent.es\/wp-content\/uploads\/2025\/08\/Imagen-de-WhatsApp-2025-08-21-a-las-11.09.53_2ae444a3-1536x1152.jpg 1536w, https:\/\/infotorrent.es\/wp-content\/uploads\/2025\/08\/Imagen-de-WhatsApp-2025-08-21-a-las-11.09.53_2ae444a3.jpg 1600w\" sizes=\"(max-width: 1024px) 100vw, 1024px\" \/><\/figure>\n\n\n\n<figure class=\"wp-block-image size-large\"><img decoding=\"async\" width=\"1024\" height=\"682\" data-id=\"85127\" src=\"https:\/\/infotorrent.es\/wp-content\/uploads\/2025\/08\/Imagen-de-WhatsApp-2025-08-21-a-las-11.44.06_b402c7af-1024x682.jpg\" alt=\"\" class=\"wp-image-85127\" srcset=\"https:\/\/infotorrent.es\/wp-content\/uploads\/2025\/08\/Imagen-de-WhatsApp-2025-08-21-a-las-11.44.06_b402c7af-1024x682.jpg 1024w, https:\/\/infotorrent.es\/wp-content\/uploads\/2025\/08\/Imagen-de-WhatsApp-2025-08-21-a-las-11.44.06_b402c7af-300x200.jpg 300w, https:\/\/infotorrent.es\/wp-content\/uploads\/2025\/08\/Imagen-de-WhatsApp-2025-08-21-a-las-11.44.06_b402c7af-768x512.jpg 768w, https:\/\/infotorrent.es\/wp-content\/uploads\/2025\/08\/Imagen-de-WhatsApp-2025-08-21-a-las-11.44.06_b402c7af-1536x1023.jpg 1536w, https:\/\/infotorrent.es\/wp-content\/uploads\/2025\/08\/Imagen-de-WhatsApp-2025-08-21-a-las-11.44.06_b402c7af.jpg 1600w\" sizes=\"(max-width: 1024px) 100vw, 1024px\" \/><\/figure>\n\n\n\n<figure class=\"wp-block-image size-large\"><img loading=\"lazy\" decoding=\"async\" width=\"1024\" height=\"682\" data-id=\"85125\" src=\"https:\/\/infotorrent.es\/wp-content\/uploads\/2025\/08\/Imagen-de-WhatsApp-2025-08-21-a-las-11.44.08_bcb0e8da-1024x682.jpg\" alt=\"\" class=\"wp-image-85125\" srcset=\"https:\/\/infotorrent.es\/wp-content\/uploads\/2025\/08\/Imagen-de-WhatsApp-2025-08-21-a-las-11.44.08_bcb0e8da-1024x682.jpg 1024w, https:\/\/infotorrent.es\/wp-content\/uploads\/2025\/08\/Imagen-de-WhatsApp-2025-08-21-a-las-11.44.08_bcb0e8da-300x200.jpg 300w, https:\/\/infotorrent.es\/wp-content\/uploads\/2025\/08\/Imagen-de-WhatsApp-2025-08-21-a-las-11.44.08_bcb0e8da-768x512.jpg 768w, https:\/\/infotorrent.es\/wp-content\/uploads\/2025\/08\/Imagen-de-WhatsApp-2025-08-21-a-las-11.44.08_bcb0e8da-1536x1023.jpg 1536w, https:\/\/infotorrent.es\/wp-content\/uploads\/2025\/08\/Imagen-de-WhatsApp-2025-08-21-a-las-11.44.08_bcb0e8da.jpg 1600w\" sizes=\"(max-width: 1024px) 100vw, 1024px\" \/><\/figure>\n\n\n\n<figure class=\"wp-block-image size-large\"><img loading=\"lazy\" decoding=\"async\" width=\"1024\" height=\"682\" data-id=\"85123\" src=\"https:\/\/infotorrent.es\/wp-content\/uploads\/2025\/08\/Imagen-de-WhatsApp-2025-08-21-a-las-11.44.08_613bf690-1024x682.jpg\" alt=\"\" class=\"wp-image-85123\" srcset=\"https:\/\/infotorrent.es\/wp-content\/uploads\/2025\/08\/Imagen-de-WhatsApp-2025-08-21-a-las-11.44.08_613bf690-1024x682.jpg 1024w, https:\/\/infotorrent.es\/wp-content\/uploads\/2025\/08\/Imagen-de-WhatsApp-2025-08-21-a-las-11.44.08_613bf690-300x200.jpg 300w, https:\/\/infotorrent.es\/wp-content\/uploads\/2025\/08\/Imagen-de-WhatsApp-2025-08-21-a-las-11.44.08_613bf690-768x512.jpg 768w, https:\/\/infotorrent.es\/wp-content\/uploads\/2025\/08\/Imagen-de-WhatsApp-2025-08-21-a-las-11.44.08_613bf690-1536x1023.jpg 1536w, https:\/\/infotorrent.es\/wp-content\/uploads\/2025\/08\/Imagen-de-WhatsApp-2025-08-21-a-las-11.44.08_613bf690.jpg 1600w\" sizes=\"(max-width: 1024px) 100vw, 1024px\" \/><\/figure>\n\n\n\n<figure class=\"wp-block-image size-large\"><img loading=\"lazy\" decoding=\"async\" width=\"1024\" height=\"682\" data-id=\"85121\" src=\"https:\/\/infotorrent.es\/wp-content\/uploads\/2025\/08\/Imagen-de-WhatsApp-2025-08-21-a-las-11.44.08_64cf2074-1024x682.jpg\" alt=\"\" class=\"wp-image-85121\" srcset=\"https:\/\/infotorrent.es\/wp-content\/uploads\/2025\/08\/Imagen-de-WhatsApp-2025-08-21-a-las-11.44.08_64cf2074-1024x682.jpg 1024w, https:\/\/infotorrent.es\/wp-content\/uploads\/2025\/08\/Imagen-de-WhatsApp-2025-08-21-a-las-11.44.08_64cf2074-300x200.jpg 300w, https:\/\/infotorrent.es\/wp-content\/uploads\/2025\/08\/Imagen-de-WhatsApp-2025-08-21-a-las-11.44.08_64cf2074-768x512.jpg 768w, https:\/\/infotorrent.es\/wp-content\/uploads\/2025\/08\/Imagen-de-WhatsApp-2025-08-21-a-las-11.44.08_64cf2074-1536x1023.jpg 1536w, https:\/\/infotorrent.es\/wp-content\/uploads\/2025\/08\/Imagen-de-WhatsApp-2025-08-21-a-las-11.44.08_64cf2074.jpg 1600w\" sizes=\"(max-width: 1024px) 100vw, 1024px\" \/><\/figure>\n\n\n\n<figure class=\"wp-block-image size-large\"><img loading=\"lazy\" decoding=\"async\" width=\"1024\" height=\"682\" data-id=\"85119\" src=\"https:\/\/infotorrent.es\/wp-content\/uploads\/2025\/08\/Imagen-de-WhatsApp-2025-08-21-a-las-11.44.03_37d742db-1024x682.jpg\" alt=\"\" class=\"wp-image-85119\" srcset=\"https:\/\/infotorrent.es\/wp-content\/uploads\/2025\/08\/Imagen-de-WhatsApp-2025-08-21-a-las-11.44.03_37d742db-1024x682.jpg 1024w, https:\/\/infotorrent.es\/wp-content\/uploads\/2025\/08\/Imagen-de-WhatsApp-2025-08-21-a-las-11.44.03_37d742db-300x200.jpg 300w, https:\/\/infotorrent.es\/wp-content\/uploads\/2025\/08\/Imagen-de-WhatsApp-2025-08-21-a-las-11.44.03_37d742db-768x512.jpg 768w, https:\/\/infotorrent.es\/wp-content\/uploads\/2025\/08\/Imagen-de-WhatsApp-2025-08-21-a-las-11.44.03_37d742db-1536x1023.jpg 1536w, https:\/\/infotorrent.es\/wp-content\/uploads\/2025\/08\/Imagen-de-WhatsApp-2025-08-21-a-las-11.44.03_37d742db.jpg 1600w\" sizes=\"(max-width: 1024px) 100vw, 1024px\" \/><\/figure>\n<\/figure>\n","protected":false},"excerpt":{"rendered":"<p>Folgado agra\u00efx l&#8217;esfor\u00e7 col\u00b7lectiu: \u201cGr\u00e0cies a ve\u00efns, t\u00e8cnics i empreses hui Torrent recupera el seu pont m\u00e9s hist\u00f2ric i recupera el el 100% dels seus accessos per carretera\u201d Torrent ha donat hui un pas definitiu en la recuperaci\u00f3 de les seues infraestructures despr\u00e9s de la DANA del 29 d\u2019octubre de 2024 amb la reobertura completa [&hellip;]<\/p>\n","protected":false},"author":14,"featured_media":85119,"comment_status":"open","ping_status":"open","sticky":false,"template":"","format":"standard","meta":{"_acf_changed":false,"footnotes":""},"categories":[1190,1217,1160],"tags":[],"class_list":["post-85134","post","type-post","status-publish","format-standard","has-post-thumbnail","hentry","category-ayuntamiento-de-torrent-ca","category-dana-ca","category-urbanismo-noticias-ca"],"acf":[],"_links":{"self":[{"href":"https:\/\/infotorrent.es\/ca\/wp-json\/wp\/v2\/posts\/85134","targetHints":{"allow":["GET"]}}],"collection":[{"href":"https:\/\/infotorrent.es\/ca\/wp-json\/wp\/v2\/posts"}],"about":[{"href":"https:\/\/infotorrent.es\/ca\/wp-json\/wp\/v2\/types\/post"}],"author":[{"embeddable":true,"href":"https:\/\/infotorrent.es\/ca\/wp-json\/wp\/v2\/users\/14"}],"replies":[{"embeddable":true,"href":"https:\/\/infotorrent.es\/ca\/wp-json\/wp\/v2\/comments?post=85134"}],"version-history":[{"count":1,"href":"https:\/\/infotorrent.es\/ca\/wp-json\/wp\/v2\/posts\/85134\/revisions"}],"predecessor-version":[{"id":85136,"href":"https:\/\/infotorrent.es\/ca\/wp-json\/wp\/v2\/posts\/85134\/revisions\/85136"}],"wp:featuredmedia":[{"embeddable":true,"href":"https:\/\/infotorrent.es\/ca\/wp-json\/wp\/v2\/media\/85119"}],"wp:attachment":[{"href":"https:\/\/infotorrent.es\/ca\/wp-json\/wp\/v2\/media?parent=85134"}],"wp:term":[{"taxonomy":"category","embeddable":true,"href":"https:\/\/infotorrent.es\/ca\/wp-json\/wp\/v2\/categories?post=85134"},{"taxonomy":"post_tag","embeddable":true,"href":"https:\/\/infotorrent.es\/ca\/wp-json\/wp\/v2\/tags?post=85134"}],"curies":[{"name":"wp","href":"https:\/\/api.w.org\/{rel}","templated":true}]}}