{"id":85070,"date":"2025-08-19T09:41:56","date_gmt":"2025-08-19T07:41:56","guid":{"rendered":"https:\/\/infotorrent.es\/?p=85070"},"modified":"2025-08-19T09:45:12","modified_gmt":"2025-08-19T07:45:12","slug":"larxiu-municipal-de-torrent-reforca-la-difusio-del-seu-valuos-fons-documental-amb-la-iniciativa-document-del-mes","status":"publish","type":"post","link":"https:\/\/infotorrent.es\/ca\/noticias-2\/cultura-noticias-2\/larxiu-municipal-de-torrent-reforca-la-difusio-del-seu-valuos-fons-documental-amb-la-iniciativa-document-del-mes\/","title":{"rendered":"L&#8217;Arxiu Municipal de Torrent refor\u00e7a la difusi\u00f3 del seu valu\u00f3s fons documental amb la iniciativa \u2018Document del Mes\u2019."},"content":{"rendered":"\n<p>L\u2019Arxiu Municipal de Torrent continua refor\u00e7ant el seu paper com a custodi de la mem\u00f2ria col\u00b7lectiva del municipi amb iniciatives que acosten la hist\u00f2ria local a la ciutadania. D\u2019entre estes accions, destaca la posada en marxa de la secci\u00f3 \u00abDocument del Mes\u00bb, una proposta que pret\u00e9n posar en valor el ric patrimoni documental de Torrent mitjan\u00e7ant la publicaci\u00f3 mensual de peces hist\u00f2riques especialment seleccionades per la seua rellev\u00e0ncia social, cultural o institucional.<\/p>\n\n\n\n<p>Des de principis d\u2019any, esta secci\u00f3 ha perm\u00e9s als ve\u00efns, investigadors i curiosos accedir, a trav\u00e9s de la web oficial de l\u2019arxiu, a documents d\u2019incalculable valor hist\u00f2ric que il\u00b7lustren diferents moments de l\u2019evoluci\u00f3 del municipi, des de l\u2019Edat Mitjana fins a l\u2019Edat Contempor\u00e0nia. Es tracta d\u2019un recorregut cronol\u00f2gic i tem\u00e0tic per la hist\u00f2ria de Torrent, amb textos que permeten entendre les transformacions pol\u00edtiques, socials i urbanes de la localitat.<\/p>\n\n\n\n<p>Cadascun dels documents va acompanyat d\u2019un context hist\u00f2ric rigor\u00f3s i d\u2019una descripci\u00f3 que en permet una correcta interpretaci\u00f3, facilitant aix\u00ed la comprensi\u00f3 de cada pe\u00e7a a tot tipus de p\u00fablic, fins i tot a aquells no especialitzats.<\/p>\n\n\n\n<p><strong>12 mesos, 12 documents<\/strong><\/p>\n\n\n\n<p>Al llarg d\u2019aquest 2025, l\u2019Arxiu Municipal ha compartit fins a la data huit documents destacats, corresponents als mesos de gener a agost. Tots ells han sigut seleccionats per la seua singularitat, aportaci\u00f3 hist\u00f2rica o valor simb\u00f2lic per a Torrent. D\u2019entre ells, destaquen:<\/p>\n\n\n\n<ul class=\"wp-block-list\">\n<li>Gener: C\u00f2pia simple de la traducci\u00f3 de la donaci\u00f3 de la Vila de Torrent per Jaume I a l\u2019Orde de l\u2019Hospital (1233). Un testimoni essencial dels or\u00edgens de la repoblaci\u00f3 cristiana despr\u00e9s de la conquesta del Rei En Jaume.<\/li>\n<\/ul>\n\n\n\n<ul class=\"wp-block-list\">\n<li>Febrer: Llibre de Capbreus de la Comanda de Torrent i Picanya (1567\u20131571). Un reflex de les relacions feudals i de la gesti\u00f3 del territori durant el segle XVI.<\/li>\n<\/ul>\n\n\n\n<ul class=\"wp-block-list\">\n<li>Mar\u00e7: Llibre de Lu\u00efsmes (1764\u20131779). Detalla els pagaments per transmissions de terres i ajuda a entendre el r\u00e8gim de la propietat agr\u00e0ria de l\u2019\u00e8poca moderna.<\/li>\n<\/ul>\n\n\n\n<ul class=\"wp-block-list\">\n<li>Abril: Llibre de Quindenis Ratejats (1767\u20131775). Un document que mostra el sistema de contribucions peri\u00f2diques a les propietats amortitzades per institucions religioses.<\/li>\n<\/ul>\n\n\n\n<ul class=\"wp-block-list\">\n<li>Maig: Llibre d\u2019Eleccions de Diputats Locals i S\u00edndic Personer (1766\u20131800). Exemple dels canvis introdu\u00efts en el govern municipal despr\u00e9s dels motins de subsist\u00e8ncia de finals del segle XVIII.<\/li>\n<\/ul>\n\n\n\n<ul class=\"wp-block-list\">\n<li>\u00a0Juny: Rebuts de les festes en honor a Sant Llu\u00eds Bertran (1901). Testimonis que permeten reconstruir les celebracions populars al voltant d\u2019un dels copatrons de Torrent, amb detalls sobre l\u2019organitzaci\u00f3 i el cost dels festejos.<\/li>\n<\/ul>\n\n\n\n<ul class=\"wp-block-list\">\n<li>Juliol: Llibre d\u2019Actes de l\u2019Ajuntament (1780\u20131800). L\u2019acta m\u00e9s antiga conservada en l\u2019arxiu, essencial per a con\u00e9ixer la vida pol\u00edtica i administrativa de Torrent en el segle XVIII.<\/li>\n<\/ul>\n\n\n\n<ul class=\"wp-block-list\">\n<li>\u00a0Agost: Venda de la Torre i Casa de Torrent (1847). Escriptura p\u00fablica per la qual es formalitza l\u2019adquisici\u00f3 per part de la Junta de S\u00edndics del Partit Judicial per al seu \u00fas com a pres\u00f3 p\u00fablica, una operaci\u00f3 clau en el proc\u00e9s de dissoluci\u00f3 del r\u00e8gim senyorial.<\/li>\n<\/ul>\n\n\n\n<p><strong>Un llegat a l\u2019abast de tots<\/strong><\/p>\n\n\n\n<p>La secci\u00f3 \u00abDocument del Mes\u00bb forma part de la pol\u00edtica de digitalitzaci\u00f3, obertura i difusi\u00f3 del patrimoni arxiv\u00edstic municipal, un dels pilars fonamentals del treball de l\u2019Arxiu Hist\u00f2ric de Torrent. Gr\u00e0cies a este esfor\u00e7, qualsevol persona pot accedir des de sa casa a estos continguts, ampliant aix\u00ed l\u2019acc\u00e9s universal a la hist\u00f2ria i fomentant el coneixement del passat com\u00fa.<\/p>\n\n\n\n<p>La iniciativa contribu\u00efx tamb\u00e9 a fomentar l\u2019inter\u00e9s per l\u2019arxiu com a espai viu d\u2019aprenentatge i reflexi\u00f3, situant-lo no sols com un dip\u00f2sit de documents antics, sin\u00f3 com una eina educativa al servici de la ciutadania.<\/p>\n\n\n\n<p><strong>Un exemple de comprom\u00eds institucional<\/strong><\/p>\n\n\n\n<p>L\u2019\u00e8xit d\u2019esta iniciativa s\u2019emmarca dins de l\u2019estrat\u00e8gia de l\u2019Ajuntament de Torrent per valorar, preservar i difondre el patrimoni hist\u00f2ric de la ciutat, implicant institucions, t\u00e8cnics municipals i ciutadania en una tasca compartida. A m\u00e9s, esta acci\u00f3 refor\u00e7a el paper de l\u2019arxiu com a referent cultural i educatiu dins del municipi.<\/p>\n\n\n\n<p>Amb la continu\u00eftat del projecte durant la resta de l\u2019any, s\u2019espera continuar sorprenent el p\u00fablic amb nous documents que aporten llum sobre diferents episodis poc coneguts de la hist\u00f2ria de Torrent, aix\u00ed com continuar fomentant l\u2019orgull de pertinen\u00e7a a trav\u00e9s del coneixement de les nostres arrels.<\/p>\n\n\n\n<p>El regidor de Cultura, Aitor S\u00e1nchez, ha valorat molt positivament esta iniciativa de l\u2019Arxiu Municipal: \u00ab<strong>vull agrair el treball constant i meticul\u00f3s de l\u2019equip de l\u2019Arxiu Hist\u00f2ric, que amb professionalitat i passi\u00f3 per la hist\u00f2ria local fa possible que el passat de Torrent prenga vida mes a mes\u00bb.<\/strong><\/p>\n\n\n\n<p><strong>\u00abTorrent \u00e9s una ciutat amb una hist\u00f2ria rica i singular, i des de l\u2019Ajuntament estem plenament compromesos amb la seua conservaci\u00f3, estudi i difusi\u00f3. El Document del Mes \u00e9s una forma propera, did\u00e0ctica i rigorosa d\u2019acostar eixe llegat a tots els torrentins i les torrentines, fent del nostre arxiu un veritable instrument d\u2019identitat col\u00b7lectiva i d\u2019acc\u00e9s al coneixement\u00bb,<\/strong> ha explicat S\u00e1nchez.<\/p>\n\n\n\n<figure class=\"wp-block-gallery has-nested-images columns-default is-cropped wp-block-gallery-1 is-layout-flex wp-block-gallery-is-layout-flex\">\n<figure class=\"wp-block-image size-large\"><img fetchpriority=\"high\" decoding=\"async\" width=\"1024\" height=\"987\" data-id=\"85067\" src=\"https:\/\/infotorrent.es\/wp-content\/uploads\/2025\/08\/documento-mes-de-junio-1024x987.jpg\" alt=\"\" class=\"wp-image-85067\" srcset=\"https:\/\/infotorrent.es\/wp-content\/uploads\/2025\/08\/documento-mes-de-junio-1024x987.jpg 1024w, https:\/\/infotorrent.es\/wp-content\/uploads\/2025\/08\/documento-mes-de-junio-300x289.jpg 300w, https:\/\/infotorrent.es\/wp-content\/uploads\/2025\/08\/documento-mes-de-junio-768x740.jpg 768w, https:\/\/infotorrent.es\/wp-content\/uploads\/2025\/08\/documento-mes-de-junio-1536x1481.jpg 1536w, https:\/\/infotorrent.es\/wp-content\/uploads\/2025\/08\/documento-mes-de-junio-2048x1974.jpg 2048w\" sizes=\"(max-width: 1024px) 100vw, 1024px\" \/><\/figure>\n\n\n\n<figure class=\"wp-block-image size-large\"><img decoding=\"async\" width=\"720\" height=\"1024\" data-id=\"85065\" src=\"https:\/\/infotorrent.es\/wp-content\/uploads\/2025\/08\/Documento-mes-de-julio-720x1024.jpg\" alt=\"\" class=\"wp-image-85065\" srcset=\"https:\/\/infotorrent.es\/wp-content\/uploads\/2025\/08\/Documento-mes-de-julio-720x1024.jpg 720w, https:\/\/infotorrent.es\/wp-content\/uploads\/2025\/08\/Documento-mes-de-julio-211x300.jpg 211w, https:\/\/infotorrent.es\/wp-content\/uploads\/2025\/08\/Documento-mes-de-julio-768x1092.jpg 768w, https:\/\/infotorrent.es\/wp-content\/uploads\/2025\/08\/Documento-mes-de-julio-1080x1536.jpg 1080w, https:\/\/infotorrent.es\/wp-content\/uploads\/2025\/08\/Documento-mes-de-julio.jpg 1292w\" sizes=\"(max-width: 720px) 100vw, 720px\" \/><\/figure>\n\n\n\n<figure class=\"wp-block-image size-large\"><img decoding=\"async\" width=\"704\" height=\"1024\" data-id=\"85063\" src=\"https:\/\/infotorrent.es\/wp-content\/uploads\/2025\/08\/documento-mes-de-agosto-704x1024.jpg\" alt=\"\" class=\"wp-image-85063\" srcset=\"https:\/\/infotorrent.es\/wp-content\/uploads\/2025\/08\/documento-mes-de-agosto-704x1024.jpg 704w, https:\/\/infotorrent.es\/wp-content\/uploads\/2025\/08\/documento-mes-de-agosto-206x300.jpg 206w, https:\/\/infotorrent.es\/wp-content\/uploads\/2025\/08\/documento-mes-de-agosto-768x1117.jpg 768w, https:\/\/infotorrent.es\/wp-content\/uploads\/2025\/08\/documento-mes-de-agosto-1056x1536.jpg 1056w, https:\/\/infotorrent.es\/wp-content\/uploads\/2025\/08\/documento-mes-de-agosto.jpg 1241w\" sizes=\"(max-width: 704px) 100vw, 704px\" \/><\/figure>\n<\/figure>\n","protected":false},"excerpt":{"rendered":"<p>L\u2019Arxiu Municipal de Torrent continua refor\u00e7ant el seu paper com a custodi de la mem\u00f2ria col\u00b7lectiva del municipi amb iniciatives que acosten la hist\u00f2ria local a la ciutadania. D\u2019entre estes accions, destaca la posada en marxa de la secci\u00f3 \u00abDocument del Mes\u00bb, una proposta que pret\u00e9n posar en valor el ric patrimoni documental de Torrent [&hellip;]<\/p>\n","protected":false},"author":14,"featured_media":85065,"comment_status":"open","ping_status":"open","sticky":false,"template":"","format":"standard","meta":{"_acf_changed":false,"footnotes":""},"categories":[1190,756],"tags":[],"class_list":["post-85070","post","type-post","status-publish","format-standard","has-post-thumbnail","hentry","category-ayuntamiento-de-torrent-ca","category-cultura-noticias-2"],"acf":[],"_links":{"self":[{"href":"https:\/\/infotorrent.es\/ca\/wp-json\/wp\/v2\/posts\/85070","targetHints":{"allow":["GET"]}}],"collection":[{"href":"https:\/\/infotorrent.es\/ca\/wp-json\/wp\/v2\/posts"}],"about":[{"href":"https:\/\/infotorrent.es\/ca\/wp-json\/wp\/v2\/types\/post"}],"author":[{"embeddable":true,"href":"https:\/\/infotorrent.es\/ca\/wp-json\/wp\/v2\/users\/14"}],"replies":[{"embeddable":true,"href":"https:\/\/infotorrent.es\/ca\/wp-json\/wp\/v2\/comments?post=85070"}],"version-history":[{"count":1,"href":"https:\/\/infotorrent.es\/ca\/wp-json\/wp\/v2\/posts\/85070\/revisions"}],"predecessor-version":[{"id":85072,"href":"https:\/\/infotorrent.es\/ca\/wp-json\/wp\/v2\/posts\/85070\/revisions\/85072"}],"wp:featuredmedia":[{"embeddable":true,"href":"https:\/\/infotorrent.es\/ca\/wp-json\/wp\/v2\/media\/85065"}],"wp:attachment":[{"href":"https:\/\/infotorrent.es\/ca\/wp-json\/wp\/v2\/media?parent=85070"}],"wp:term":[{"taxonomy":"category","embeddable":true,"href":"https:\/\/infotorrent.es\/ca\/wp-json\/wp\/v2\/categories?post=85070"},{"taxonomy":"post_tag","embeddable":true,"href":"https:\/\/infotorrent.es\/ca\/wp-json\/wp\/v2\/tags?post=85070"}],"curies":[{"name":"wp","href":"https:\/\/api.w.org\/{rel}","templated":true}]}}