{"id":84947,"date":"2025-08-12T11:33:44","date_gmt":"2025-08-12T09:33:44","guid":{"rendered":"https:\/\/infotorrent.es\/?p=84947"},"modified":"2025-08-12T11:35:56","modified_gmt":"2025-08-12T09:35:56","slug":"lajuntament-de-torrent-rep-una-valuosa-colleccio-de-cartells-historics-donada-per-santos-fausto-montero-lorenzo-exprofessor-i-exdirector-del-ceip-lope-de-vega","status":"publish","type":"post","link":"https:\/\/infotorrent.es\/ca\/cultura-es-2\/lajuntament-de-torrent-rep-una-valuosa-colleccio-de-cartells-historics-donada-per-santos-fausto-montero-lorenzo-exprofessor-i-exdirector-del-ceip-lope-de-vega\/","title":{"rendered":"L\u2019Ajuntament de Torrent rep una valuosa col\u00b7lecci\u00f3 de cartells hist\u00f2rics donada per Santos Fausto Montero Lorenzo, exprofessor i exdirector del CEIP Lope de Vega"},"content":{"rendered":"\n<h4 class=\"wp-block-heading\"><strong>Una aportaci\u00f3 singular que enriquir\u00e0 el patrimoni cultural i documental de la ciutat, amb 77 peces originals sobre educaci\u00f3, cultura, sanitat i festes populars, entre altres tem\u00e0tiques.<\/strong><\/h4>\n\n\n\n<p>L\u2019Arxiu Municipal de Torrent continua consolidant-se com un referent en la conservaci\u00f3 i posada en valor del patrimoni hist\u00f2ric i cultural de la ciutat gr\u00e0cies a la generosa donaci\u00f3 realitzada per D. Santos Fausto Montero Lorenzo, reconegut professor i antic director del CEIP Lope de Vega. Este ve\u00ed, molt vinculat a l\u2019\u00e0mbit educatiu local, ha fet entrega al consistori d\u2019una col\u00b7lecci\u00f3 \u00fanica composta per 77 cartells originals, molts d\u2019ells datats en les d\u00e8cades dels 80 i 90, que aborden tres \u00e0mbits fonamentals per a comprendre l\u2019evoluci\u00f3 social de Torrent: l\u2019educaci\u00f3, la sanitat, la cultura i les festes populars, entre altres temes.<\/p>\n\n\n\n<p>La col\u00b7lecci\u00f3 passa a formar part de l\u2019Hemeroteca Hist\u00f2rica Local de l\u2019Arxiu Municipal i suposa un testimoni gr\u00e0fic de gran valor hist\u00f2ric i art\u00edstic que permetr\u00e0 als ve\u00efns, investigadors i futures generacions con\u00e9ixer millor la transformaci\u00f3 de la ciutat en estes \u00e0rees clau. Els cartells, amb els seus missatges i dissenys, conten l\u2019evoluci\u00f3 de Torrent en temes com la promoci\u00f3 educativa, les campanyes de sensibilitzaci\u00f3 sanit\u00e0ria i la difusi\u00f3 de les tradicions festives que han configurat la identitat local.<\/p>\n\n\n\n<p><strong>Un patrimoni gr\u00e0fic de gran rellev\u00e0ncia per a la mem\u00f2ria col\u00b7lectiva<\/strong><\/p>\n\n\n\n<p>El regidor responsable de la delegaci\u00f3 d\u2019Arxiu, Aitor S\u00e1nchez, ha agra\u00eft p\u00fablicament esta aportaci\u00f3 i ha destacat la import\u00e0ncia de gestos com el de Santos Fausto Montero per a preservar la mem\u00f2ria hist\u00f2rica de Torrent.<\/p>\n\n\n\n<p><br><strong>\u201cCada document que se suma a l\u2019Arxiu Municipal \u00e9s una pe\u00e7a m\u00e9s del trencaclosques de la nostra hist\u00f2ria. Esta col\u00b7lecci\u00f3 de cartells ens permet mantindre viva la nostra mem\u00f2ria col\u00b7lectiva i ens brinda noves eines per a investigar, divulgar i reflexionar sobre l\u2019evoluci\u00f3 de Torrent en \u00e0mbits essencials com la salut, la cultura, l\u2019educaci\u00f3 i les nostres tradicions festives\u201d,<\/strong>&nbsp;ha assenyalat l\u2019edil.<\/p>\n\n\n\n<p><strong>Un llegat educatiu i cultural per a Torrent<\/strong><\/p>\n\n\n\n<p>Entre les peces m\u00e9s destacades de la col\u00b7lecci\u00f3 es troben cartells que promouen l\u2019educaci\u00f3 en valenci\u00e0, campanyes de sanitat i consum responsable, amb lemes hist\u00f2rics com \u201cNo despilfarres\u201d o \u201cNo et deixes marcar\u201d, i diversos anuncis de festes locals com els Carnestoltes dels anys 1987, 1988, 1989 i 1990 a Torrent, aix\u00ed com exemplars d\u2019activitats educatives municipals com \u201c10 anys de Psicopedagogia Municipal a Torrent\u201d (1989) o \u201cTorrent, ciutat educativa\u201d.<\/p>\n\n\n\n<p>Tamb\u00e9 s\u2019inclouen peces de gran valor cultural com el cartell de Falles de 1989, obra de l\u2019escultor torrent\u00ed Vicente Pallard\u00f3 Camps, el retrat del Rei En Jaume, cartells de Trobades d\u2019Escoles en Valenci\u00e0, i cartells d\u2019actes culturals i exposicions organitzades per l\u2019Ajuntament i altres institucions en les d\u00e8cades dels 80 i 90, entre ells:<\/p>\n\n\n\n<p>\u2022 II Premi de Treballs Escolars.&nbsp;&nbsp;&nbsp;&nbsp;&nbsp;<\/p>\n\n\n\n<p><br>\u2022 Exposici\u00f3 pict\u00f2rica sobre la Guerra Civil Espanyola (1989).<\/p>\n\n\n\n<p><br>\u2022 40 Anys de la Declaraci\u00f3 de Drets Humans (Creu Roja).<\/p>\n\n\n\n<p><br>\u2022 XI Congr\u00e9s d\u2019Hist\u00f2ria de l\u2019Horta Sud (1990).<\/p>\n\n\n\n<p><br>\u2022 Campanyes de drets de la dona i commemoracions del Dia Internacional de la Dona.<\/p>\n\n\n\n<p><br>\u2022 Moros i Cristians d\u2019Alcoi i Muro (anys 1990 i 1997).<\/p>\n\n\n\n<p><br>\u2022 Cartells commemoratius del 6\u00e9 Centenari d\u2019Ausi\u00e0s March (1397-1997).<\/p>\n\n\n\n<p><strong>Un exemple de comprom\u00eds ciutad\u00e0 i llegat educatiu<\/strong><\/p>\n\n\n\n<p>El regidor ha expressat el seu reconeixement a esta iniciativa:&nbsp;<strong>\u201cGestos com el de Santos Fausto Montero s\u00f3n un exemple de comprom\u00eds amb la nostra ciutat i la seua hist\u00f2ria. Gr\u00e0cies a la seua generositat, este arxiu creix i s\u2019enriqueix, preservant un llegat que permetr\u00e0 a les futures generacions comprendre millor la nostra evoluci\u00f3 social i cultural\u201d.<\/strong><\/p>\n\n\n\n<p>Per la seua banda, el donant, que va exercir com a professor i director del CEIP Lope de Vega, ha subratllat la import\u00e0ncia de mantindre viva la mem\u00f2ria educativa i social de la ciutat, agraint a l\u2019Ajuntament la possibilitat d\u2019incorporar estos documents al patrimoni com\u00fa.<\/p>\n\n\n\n<p><strong>Acc\u00e9s p\u00fablic i futurs projectes de difusi\u00f3<\/strong><\/p>\n\n\n\n<p>L\u2019Ajuntament ha anunciat que tot el material ser\u00e0 catalogat, digitalitzat i conservat seguint criteris professionals, passant a formar part de l\u2019Inventari Municipal de B\u00e9ns i Drets. En un futur pr\u00f2xim es preveu la realitzaci\u00f3 d\u2019exposicions tem\u00e0tiques, activitats educatives i projectes d\u2019investigaci\u00f3, perqu\u00e8 els ve\u00efns puguen con\u00e9ixer i gaudir d\u2019esta part de la hist\u00f2ria local.<\/p>\n\n\n\n<p>Des de la delegaci\u00f3 d\u2019Arxiu s\u2019ha recordat la import\u00e0ncia de la col\u00b7laboraci\u00f3 ciutadana en la preservaci\u00f3 del patrimoni documental, convidant ve\u00efns, fam\u00edlies i col\u00b7leccionistes a sumar les seues aportacions per a continuar construint un arxiu que reflectisca la identitat de Torrent.<\/p>\n\n\n\n<p>Amb esta nova donaci\u00f3, l\u2019Arxiu Municipal continua creixent i consolidant el seu paper com a espai viu de mem\u00f2ria i coneixement, obert a tota la societat torrentina i comprom\u00e9s amb la difusi\u00f3 del passat per a comprendre millor el present i projectar el futur de la ciutat.<\/p>\n\n\n\n<figure class=\"wp-block-gallery has-nested-images columns-default is-cropped wp-block-gallery-1 is-layout-flex wp-block-gallery-is-layout-flex\">\n<figure class=\"wp-block-image size-large\"><img fetchpriority=\"high\" decoding=\"async\" width=\"1024\" height=\"739\" data-id=\"84944\" src=\"https:\/\/infotorrent.es\/wp-content\/uploads\/2025\/08\/thumbnail_PHOTO-2025-08-12-11-22-20-2-1024x739.jpg\" alt=\"\" class=\"wp-image-84944\" srcset=\"https:\/\/infotorrent.es\/wp-content\/uploads\/2025\/08\/thumbnail_PHOTO-2025-08-12-11-22-20-2-1024x739.jpg 1024w, https:\/\/infotorrent.es\/wp-content\/uploads\/2025\/08\/thumbnail_PHOTO-2025-08-12-11-22-20-2-300x217.jpg 300w, https:\/\/infotorrent.es\/wp-content\/uploads\/2025\/08\/thumbnail_PHOTO-2025-08-12-11-22-20-2-768x554.jpg 768w, https:\/\/infotorrent.es\/wp-content\/uploads\/2025\/08\/thumbnail_PHOTO-2025-08-12-11-22-20-2.jpg 1409w\" sizes=\"(max-width: 1024px) 100vw, 1024px\" \/><\/figure>\n\n\n\n<figure class=\"wp-block-image size-large\"><img decoding=\"async\" width=\"1024\" height=\"682\" data-id=\"84942\" src=\"https:\/\/infotorrent.es\/wp-content\/uploads\/2025\/08\/thumbnail_PHOTO-2025-08-12-11-22-20-1-1024x682.jpg\" alt=\"\" class=\"wp-image-84942\" srcset=\"https:\/\/infotorrent.es\/wp-content\/uploads\/2025\/08\/thumbnail_PHOTO-2025-08-12-11-22-20-1-1024x682.jpg 1024w, https:\/\/infotorrent.es\/wp-content\/uploads\/2025\/08\/thumbnail_PHOTO-2025-08-12-11-22-20-1-300x200.jpg 300w, https:\/\/infotorrent.es\/wp-content\/uploads\/2025\/08\/thumbnail_PHOTO-2025-08-12-11-22-20-1-768x512.jpg 768w, https:\/\/infotorrent.es\/wp-content\/uploads\/2025\/08\/thumbnail_PHOTO-2025-08-12-11-22-20-1-1536x1023.jpg 1536w, https:\/\/infotorrent.es\/wp-content\/uploads\/2025\/08\/thumbnail_PHOTO-2025-08-12-11-22-20-1.jpg 1600w\" sizes=\"(max-width: 1024px) 100vw, 1024px\" \/><\/figure>\n\n\n\n<figure class=\"wp-block-image size-large\"><img decoding=\"async\" width=\"1024\" height=\"682\" data-id=\"84940\" src=\"https:\/\/infotorrent.es\/wp-content\/uploads\/2025\/08\/thumbnail_PHOTO-2025-08-12-11-22-21-1024x682.jpg\" alt=\"\" class=\"wp-image-84940\" srcset=\"https:\/\/infotorrent.es\/wp-content\/uploads\/2025\/08\/thumbnail_PHOTO-2025-08-12-11-22-21-1024x682.jpg 1024w, https:\/\/infotorrent.es\/wp-content\/uploads\/2025\/08\/thumbnail_PHOTO-2025-08-12-11-22-21-300x200.jpg 300w, https:\/\/infotorrent.es\/wp-content\/uploads\/2025\/08\/thumbnail_PHOTO-2025-08-12-11-22-21-768x512.jpg 768w, https:\/\/infotorrent.es\/wp-content\/uploads\/2025\/08\/thumbnail_PHOTO-2025-08-12-11-22-21-1536x1023.jpg 1536w, https:\/\/infotorrent.es\/wp-content\/uploads\/2025\/08\/thumbnail_PHOTO-2025-08-12-11-22-21.jpg 1600w\" sizes=\"(max-width: 1024px) 100vw, 1024px\" \/><\/figure>\n\n\n\n<figure class=\"wp-block-image size-large\"><img loading=\"lazy\" decoding=\"async\" width=\"1024\" height=\"682\" data-id=\"84938\" src=\"https:\/\/infotorrent.es\/wp-content\/uploads\/2025\/08\/thumbnail_PHOTO-2025-08-12-11-22-20-1024x682.jpg\" alt=\"\" class=\"wp-image-84938\" srcset=\"https:\/\/infotorrent.es\/wp-content\/uploads\/2025\/08\/thumbnail_PHOTO-2025-08-12-11-22-20-1024x682.jpg 1024w, https:\/\/infotorrent.es\/wp-content\/uploads\/2025\/08\/thumbnail_PHOTO-2025-08-12-11-22-20-300x200.jpg 300w, https:\/\/infotorrent.es\/wp-content\/uploads\/2025\/08\/thumbnail_PHOTO-2025-08-12-11-22-20-768x512.jpg 768w, https:\/\/infotorrent.es\/wp-content\/uploads\/2025\/08\/thumbnail_PHOTO-2025-08-12-11-22-20-1536x1023.jpg 1536w, https:\/\/infotorrent.es\/wp-content\/uploads\/2025\/08\/thumbnail_PHOTO-2025-08-12-11-22-20.jpg 1600w\" sizes=\"(max-width: 1024px) 100vw, 1024px\" \/><\/figure>\n<\/figure>\n","protected":false},"excerpt":{"rendered":"<p>Una aportaci\u00f3 singular que enriquir\u00e0 el patrimoni cultural i documental de la ciutat, amb 77 peces originals sobre educaci\u00f3, cultura, sanitat i festes populars, entre altres tem\u00e0tiques. L\u2019Arxiu Municipal de Torrent continua consolidant-se com un referent en la conservaci\u00f3 i posada en valor del patrimoni hist\u00f2ric i cultural de la ciutat gr\u00e0cies a la generosa [&hellip;]<\/p>\n","protected":false},"author":14,"featured_media":84938,"comment_status":"open","ping_status":"open","sticky":false,"template":"","format":"standard","meta":{"_acf_changed":false,"footnotes":""},"categories":[1190,126],"tags":[],"class_list":["post-84947","post","type-post","status-publish","format-standard","has-post-thumbnail","hentry","category-ayuntamiento-de-torrent-ca","category-cultura-es-2"],"acf":[],"_links":{"self":[{"href":"https:\/\/infotorrent.es\/ca\/wp-json\/wp\/v2\/posts\/84947","targetHints":{"allow":["GET"]}}],"collection":[{"href":"https:\/\/infotorrent.es\/ca\/wp-json\/wp\/v2\/posts"}],"about":[{"href":"https:\/\/infotorrent.es\/ca\/wp-json\/wp\/v2\/types\/post"}],"author":[{"embeddable":true,"href":"https:\/\/infotorrent.es\/ca\/wp-json\/wp\/v2\/users\/14"}],"replies":[{"embeddable":true,"href":"https:\/\/infotorrent.es\/ca\/wp-json\/wp\/v2\/comments?post=84947"}],"version-history":[{"count":1,"href":"https:\/\/infotorrent.es\/ca\/wp-json\/wp\/v2\/posts\/84947\/revisions"}],"predecessor-version":[{"id":84949,"href":"https:\/\/infotorrent.es\/ca\/wp-json\/wp\/v2\/posts\/84947\/revisions\/84949"}],"wp:featuredmedia":[{"embeddable":true,"href":"https:\/\/infotorrent.es\/ca\/wp-json\/wp\/v2\/media\/84938"}],"wp:attachment":[{"href":"https:\/\/infotorrent.es\/ca\/wp-json\/wp\/v2\/media?parent=84947"}],"wp:term":[{"taxonomy":"category","embeddable":true,"href":"https:\/\/infotorrent.es\/ca\/wp-json\/wp\/v2\/categories?post=84947"},{"taxonomy":"post_tag","embeddable":true,"href":"https:\/\/infotorrent.es\/ca\/wp-json\/wp\/v2\/tags?post=84947"}],"curies":[{"name":"wp","href":"https:\/\/api.w.org\/{rel}","templated":true}]}}