{"id":84933,"date":"2025-08-12T10:23:10","date_gmt":"2025-08-12T08:23:10","guid":{"rendered":"https:\/\/infotorrent.es\/?p=84933"},"modified":"2025-08-12T10:29:31","modified_gmt":"2025-08-12T08:29:31","slug":"torrent-mostra-la-grandesa-de-les-seues-festes-de-moros-i-cristians-en-el-programa-terra-de-festes","status":"publish","type":"post","link":"https:\/\/infotorrent.es\/ca\/festes-i-turisme\/torrent-mostra-la-grandesa-de-les-seues-festes-de-moros-i-cristians-en-el-programa-terra-de-festes\/","title":{"rendered":"&#8220;Torrent mostra la grandesa de les seues festes de Moros i Cristians en el programa \u201cTerra de Festes\u201d.&#8221;"},"content":{"rendered":"\n<h4 class=\"wp-block-heading\">La ciutat es consolida com a referent tur\u00edstic de la Comunitat Valenciana gr\u00e0cies a la seua oferta de festa, cultura i gastronomia durant tot l\u2019any.<\/h4>\n\n\n\n<p><strong>Torrent ha sigut protagonista en el quart programa de <em>Terra de Festes<\/em>, em\u00e9s este dilluns per \u00c0 Punt i produ\u00eft en col\u00b7laboraci\u00f3 amb la Federaci\u00f3 Valenciana de Municipis i Prov\u00edncies (FVMP) i la Presid\u00e8ncia de la Generalitat Valenciana. L\u2019espai, dedicat a la promoci\u00f3 de la riquesa cultural i festiva de la Comunitat Valenciana, va portar als espectadors a viure de prop l\u2019emoci\u00f3 i l\u2019esplendor de les Festes de Moros i Cristians de la ciutat.<\/strong><\/p>\n\n\n\n<p>Les c\u00e0meres del programa captaren els moments m\u00e9s vibrants d\u2019esta celebraci\u00f3, que es desenvolupa l\u2019\u00faltima setmana de juliol en honor als Sants de la Pedra: les entrades Mora i Cristiana, els boatos plens de creativitat, la m\u00fasica de les bandes locals i l\u2019inconfusible aroma a p\u00f3lvora en la Conquesta i la Reconquesta amb trabucs, aix\u00ed com l\u2019entraeta infantil, que implica les noves generacions en la festa.<\/p>\n\n\n\n<p>El p\u00fablic tamb\u00e9 va poder gaudir de la interpretaci\u00f3 en la Torre d\u2019una marxa mora i una marxa cristiana, aix\u00ed com d\u2019una entrevista a l\u2019autor Bernardo Mora-Fandos sobre el seu llibre <em>M\u00fasica Festera a Torrent<\/em>, que posa en valor la banda sonora de les nostres celebracions.<\/p>\n\n\n\n<p>L\u2019alcaldessa de Torrent, Amparo Folgado, va destacar durant la gravaci\u00f3 que \u201cles Festes de Moros i Cristians s\u00f3n un orgull per a la ciutat i un aparador perfecte per a mostrar a tota la Comunitat Valenciana l\u2019hospitalitat, la tradici\u00f3 i la cultura que definixen Torrent\u201d.<\/p>\n\n\n\n<p>M\u00e9s enll\u00e0 dels seus Moros i Cristians, <em>Terra de Festes<\/em> va projectar la imatge de Torrent com un dels grans referents tur\u00edstics de la Comunitat Valenciana, un lloc on es combinen festa, cultura i gastronomia per a oferir al visitant una experi\u00e8ncia \u00fanica durant tot l\u2019any.<\/p>\n\n\n\n<p>En el calendari festiu, Torrent compta amb cites de primer nivell com les Falles, declarades Patrimoni Cultural Immaterial de la Humanitat per la UNESCO; la Setmana Santa Torrentina, Festa d\u2019Inter\u00e9s Tur\u00edstic Auton\u00f2mic; o les celebracions de Sant Blai amb la tradicional Fira del Xocolate.<\/p>\n\n\n\n<p>En l\u2019\u00e0mbit cultural i patrimonial, la ciutat convida a rec\u00f3rrer enclavaments com la Torre, s\u00edmbol hist\u00f2ric de Torrent; el Parc de Tr\u00e8nor, un dels jardins m\u00e9s emblem\u00e0tics; o diversos racons plens d\u2019hist\u00f2ria que reflectixen la identitat local.<\/p>\n\n\n\n<p>L\u2019experi\u00e8ncia es completa amb la gastronomia torrentina, on destaca el xocolate de bollo, molt lligat a les celebracions populars, junt amb una variada oferta de dol\u00e7os i plats t\u00edpics com l\u2019<em>Arr\u00f2s Rossejat Torrent\u00ed<\/em> o la <em>Cassola de Sant Blai<\/em>, receptes tradicionals que formen part de la mem\u00f2ria col\u00b7lectiva i que conquisten a totes les persones que visiten la ciutat.<\/p>\n\n\n\n<p>L\u2019emissi\u00f3 de <em>Terra de Festes<\/em> ha perm\u00e9s mostrar a tota la Comunitat Valenciana que Torrent \u00e9s una ciutat que viu les seues festes amb passi\u00f3, que cuida el seu patrimoni i que obri les seues portes perqu\u00e8 cada visitant se senta part de la seua hist\u00f2ria, la seua cultura i la seua festa.<\/p>\n\n\n\n<figure class=\"wp-block-gallery has-nested-images columns-default is-cropped wp-block-gallery-1 is-layout-flex wp-block-gallery-is-layout-flex\">\n<figure class=\"wp-block-image size-large\"><img fetchpriority=\"high\" decoding=\"async\" width=\"1024\" height=\"683\" data-id=\"84930\" src=\"https:\/\/infotorrent.es\/wp-content\/uploads\/2025\/08\/Festes-Torrent-3-1024x683.jpg\" alt=\"\" class=\"wp-image-84930\" srcset=\"https:\/\/infotorrent.es\/wp-content\/uploads\/2025\/08\/Festes-Torrent-3-1024x683.jpg 1024w, https:\/\/infotorrent.es\/wp-content\/uploads\/2025\/08\/Festes-Torrent-3-300x200.jpg 300w, https:\/\/infotorrent.es\/wp-content\/uploads\/2025\/08\/Festes-Torrent-3-768x512.jpg 768w, https:\/\/infotorrent.es\/wp-content\/uploads\/2025\/08\/Festes-Torrent-3-1536x1025.jpg 1536w\" sizes=\"(max-width: 1024px) 100vw, 1024px\" \/><\/figure>\n\n\n\n<figure class=\"wp-block-image size-large\"><img decoding=\"async\" width=\"1024\" height=\"683\" data-id=\"84928\" src=\"https:\/\/infotorrent.es\/wp-content\/uploads\/2025\/08\/Festes-Torrent-4-1024x683.jpg\" alt=\"\" class=\"wp-image-84928\" srcset=\"https:\/\/infotorrent.es\/wp-content\/uploads\/2025\/08\/Festes-Torrent-4-1024x683.jpg 1024w, https:\/\/infotorrent.es\/wp-content\/uploads\/2025\/08\/Festes-Torrent-4-300x200.jpg 300w, https:\/\/infotorrent.es\/wp-content\/uploads\/2025\/08\/Festes-Torrent-4-768x512.jpg 768w, https:\/\/infotorrent.es\/wp-content\/uploads\/2025\/08\/Festes-Torrent-4-1536x1025.jpg 1536w\" sizes=\"(max-width: 1024px) 100vw, 1024px\" \/><\/figure>\n\n\n\n<figure class=\"wp-block-image size-large\"><img decoding=\"async\" width=\"1024\" height=\"683\" data-id=\"84926\" src=\"https:\/\/infotorrent.es\/wp-content\/uploads\/2025\/08\/Festes-Torrent-1-1024x683.jpg\" alt=\"\" class=\"wp-image-84926\" srcset=\"https:\/\/infotorrent.es\/wp-content\/uploads\/2025\/08\/Festes-Torrent-1-1024x683.jpg 1024w, https:\/\/infotorrent.es\/wp-content\/uploads\/2025\/08\/Festes-Torrent-1-300x200.jpg 300w, https:\/\/infotorrent.es\/wp-content\/uploads\/2025\/08\/Festes-Torrent-1-768x512.jpg 768w, https:\/\/infotorrent.es\/wp-content\/uploads\/2025\/08\/Festes-Torrent-1-1536x1024.jpg 1536w, https:\/\/infotorrent.es\/wp-content\/uploads\/2025\/08\/Festes-Torrent-1-2048x1365.jpg 2048w\" sizes=\"(max-width: 1024px) 100vw, 1024px\" \/><\/figure>\n\n\n\n<figure class=\"wp-block-image size-large\"><img loading=\"lazy\" decoding=\"async\" width=\"1024\" height=\"683\" data-id=\"84924\" src=\"https:\/\/infotorrent.es\/wp-content\/uploads\/2025\/08\/Festes-Torrent-2-1024x683.jpg\" alt=\"\" class=\"wp-image-84924\" srcset=\"https:\/\/infotorrent.es\/wp-content\/uploads\/2025\/08\/Festes-Torrent-2-1024x683.jpg 1024w, https:\/\/infotorrent.es\/wp-content\/uploads\/2025\/08\/Festes-Torrent-2-300x200.jpg 300w, https:\/\/infotorrent.es\/wp-content\/uploads\/2025\/08\/Festes-Torrent-2-768x512.jpg 768w, https:\/\/infotorrent.es\/wp-content\/uploads\/2025\/08\/Festes-Torrent-2-1536x1024.jpg 1536w, https:\/\/infotorrent.es\/wp-content\/uploads\/2025\/08\/Festes-Torrent-2-2048x1365.jpg 2048w\" sizes=\"(max-width: 1024px) 100vw, 1024px\" \/><\/figure>\n<\/figure>\n","protected":false},"excerpt":{"rendered":"<p>La ciutat es consolida com a referent tur\u00edstic de la Comunitat Valenciana gr\u00e0cies a la seua oferta de festa, cultura i gastronomia durant tot l\u2019any. Torrent ha sigut protagonista en el quart programa de Terra de Festes, em\u00e9s este dilluns per \u00c0 Punt i produ\u00eft en col\u00b7laboraci\u00f3 amb la Federaci\u00f3 Valenciana de Municipis i Prov\u00edncies [&hellip;]<\/p>\n","protected":false},"author":14,"featured_media":84928,"comment_status":"open","ping_status":"open","sticky":false,"template":"","format":"standard","meta":{"_acf_changed":false,"footnotes":""},"categories":[1190,136],"tags":[],"class_list":["post-84933","post","type-post","status-publish","format-standard","has-post-thumbnail","hentry","category-ayuntamiento-de-torrent-ca","category-festes-i-turisme"],"acf":[],"_links":{"self":[{"href":"https:\/\/infotorrent.es\/ca\/wp-json\/wp\/v2\/posts\/84933","targetHints":{"allow":["GET"]}}],"collection":[{"href":"https:\/\/infotorrent.es\/ca\/wp-json\/wp\/v2\/posts"}],"about":[{"href":"https:\/\/infotorrent.es\/ca\/wp-json\/wp\/v2\/types\/post"}],"author":[{"embeddable":true,"href":"https:\/\/infotorrent.es\/ca\/wp-json\/wp\/v2\/users\/14"}],"replies":[{"embeddable":true,"href":"https:\/\/infotorrent.es\/ca\/wp-json\/wp\/v2\/comments?post=84933"}],"version-history":[{"count":1,"href":"https:\/\/infotorrent.es\/ca\/wp-json\/wp\/v2\/posts\/84933\/revisions"}],"predecessor-version":[{"id":84935,"href":"https:\/\/infotorrent.es\/ca\/wp-json\/wp\/v2\/posts\/84933\/revisions\/84935"}],"wp:featuredmedia":[{"embeddable":true,"href":"https:\/\/infotorrent.es\/ca\/wp-json\/wp\/v2\/media\/84928"}],"wp:attachment":[{"href":"https:\/\/infotorrent.es\/ca\/wp-json\/wp\/v2\/media?parent=84933"}],"wp:term":[{"taxonomy":"category","embeddable":true,"href":"https:\/\/infotorrent.es\/ca\/wp-json\/wp\/v2\/categories?post=84933"},{"taxonomy":"post_tag","embeddable":true,"href":"https:\/\/infotorrent.es\/ca\/wp-json\/wp\/v2\/tags?post=84933"}],"curies":[{"name":"wp","href":"https:\/\/api.w.org\/{rel}","templated":true}]}}