{"id":8487,"date":"2017-03-02T08:24:09","date_gmt":"2017-03-02T08:24:09","guid":{"rendered":"https:\/\/infotorrent.es\/uncategorized\/igualdad-y-visibilizacion-de-la-mujer-en-la-xxxi-semana-de-la-mujer-de-torrent\/"},"modified":"2017-03-02T08:24:09","modified_gmt":"2017-03-02T08:24:09","slug":"igualdad-y-visibilizacion-de-la-mujer-en-la-xxxi-semana-de-la-mujer-de-torrent","status":"publish","type":"post","link":"https:\/\/infotorrent.es\/ca\/noticies\/igualdad-y-visibilizacion-de-la-mujer-en-la-xxxi-semana-de-la-mujer-de-torrent\/","title":{"rendered":"Igualtat i\u00a0visibilitzaci\u00f3 de la dona en la\u00a0XXXI Setmana de la Dona de Torrent"},"content":{"rendered":"<p style=\"text-align: center;\"><strong>Gloria Torres, representant de Torrent en el projecte\u00a0<em>For Roma,\u00a0With Roma<\/em>, guardonada amb el Premi Dona Atenea 2017<\/strong><\/p>\n<p style=\"text-align: justify;\"><strong>\u00a0\u00a0\u00a0\u00a0\u00a0\u00a0\u00a0\u00a0 <\/strong><br \/>\nLa vesprada de dem\u00e0, la sala d&#8217;actes de Casa de la Dona acollir\u00e0 l\u2019acte inaugural de la\u00a0XXXI Setmana de la Dona de Torrent. Enguany les activitats s\u2019han organitzat entorn del lema \u201cTorrent amb mirada de dona\u201d, una visi\u00f3 de la societat\u00a0torrentina a trav\u00e9s de les seues dones que portar\u00e0 a debat temes que encara preocupen a la societat, com l\u2019apoderament i la reivindicaci\u00f3 o visibilitzaci\u00f3 de les dones en diferents \u00e0mbits de la societat, com ara la discapacitat, la cultura, l\u2019esport i l\u2019empresa, entre d\u2019altres.<\/p>\n<p>Des del 2 de mar\u00e7 fins al dia 9 del mateix mes es duran a terme diferents activitats dirigides tant a dones com a h\u00f2mens, totes amb una perspectiva d\u2019igualtat. En l\u2019acte inaugural hi haur\u00e0 dos exposicions: l\u2019exposici\u00f3 fotogr\u00e0fica \u201cTorrent\u00a0amb una mirada de dona\u201d i l\u2019exposici\u00f3 escolar \u201cMurals\u00a0per la\u00a0igualtat entre dones i\u00a0h\u00f2mens\u201d, en qu\u00e8 han col\u00b7laborat els centres educatius\u00a0Lope de Vega, Antonio\u00a0Machado, Miguel Hern\u00e1ndez, Montesi\u00f3n, Madre Petra, Mare de D\u00e9u del Rosari, El Mol\u00ed, San Jos\u00e9 y Santa Ana, Joan\u00a0XXIII i Sant Pasqual.<\/p>\n<p>\u201cAl llarg d\u2019esta setmana els ve\u00efns i ve\u00efnes de Torrent podran gaudir i aprendre en igualtat amb\u00a0videof\u00f2rums, exhibicions de pilota valenciana femenina, tallers, jornades de conviv\u00e8ncia i fires, entre altres activitats\u201d, explica la regidora d&#8217;Igualtat, Encarna Lerma.<\/p>\n<p>El dia 8 de mar\u00e7, coincidint amb el Dia Internacional de les Dones, es lliurar\u00e0, com cada any, el Premi Dona Atenea. Enguany ha sigut atorgat a la jove Gloria Torres Gonz\u00e1lez, que va formar part del projecte europeu\u00a0<em>For Roma,\u00a0With Roma<\/em>, i \u00e9s la representant gitana de la nostra ciutat en esta iniciativa sociocultural. Emmarcat en este projecte, es f\u00e9u el taller \u201cDesmuntant estereotips de l\u2019\u00e8tnia gitana\u201d amb el grup de dones gitanes que van participar en tallers d\u2019apoderament femen\u00ed de la Lliga. Arran d\u2019este taller, es va gravar un documental sobre la vida real de Gloria, on es mostra el model positiu de dona gitana que trenca els estereotips socials i que es projectar\u00e0 el dia 8 en el lliurament del premi.<\/p>\n<p>La Setmana de la Dona finalitzar\u00e0 el 9 de mar\u00e7 amb la XV Trobada de Dones Empres\u00e0ries i Emprenedores i amb una gala final, organitzada per les dones de Casa de la Dona, amb actuacions de m\u00fasica i la presentaci\u00f3 dels quaderns <em>Hist\u00f2ries de\u00a0saviesa<\/em>, elaborat pel\u00a0Grup de Dones i\u00a0Resili\u00e8ncia, i <em>Els\u00a0carrers de la\u00a0meua\u00a0ciutat<\/em>, fet pel Club de Lectura.<\/p>\n","protected":false},"excerpt":{"rendered":"<p>Gloria Torres, representant de Torrent en el projecte\u00a0For Roma,\u00a0With Roma, guardonada amb el Premi Dona Atenea 2017 \u00a0\u00a0\u00a0\u00a0\u00a0\u00a0\u00a0\u00a0 La vesprada de dem\u00e0, la sala d&#8217;actes de Casa de la Dona acollir\u00e0 l\u2019acte inaugural de la\u00a0XXXI Setmana de la Dona de Torrent. Enguany les activitats s\u2019han organitzat entorn del lema \u201cTorrent amb mirada de dona\u201d, una [&hellip;]<\/p>\n","protected":false},"author":13,"featured_media":1137,"comment_status":"open","ping_status":"open","sticky":false,"template":"","format":"standard","meta":{"_acf_changed":false,"footnotes":""},"categories":[116,118],"tags":[],"class_list":["post-8487","post","type-post","status-publish","format-standard","has-post-thumbnail","hentry","category-noticies","category-sanitat-i-igualtat"],"acf":[],"_links":{"self":[{"href":"https:\/\/infotorrent.es\/ca\/wp-json\/wp\/v2\/posts\/8487","targetHints":{"allow":["GET"]}}],"collection":[{"href":"https:\/\/infotorrent.es\/ca\/wp-json\/wp\/v2\/posts"}],"about":[{"href":"https:\/\/infotorrent.es\/ca\/wp-json\/wp\/v2\/types\/post"}],"author":[{"embeddable":true,"href":"https:\/\/infotorrent.es\/ca\/wp-json\/wp\/v2\/users\/13"}],"replies":[{"embeddable":true,"href":"https:\/\/infotorrent.es\/ca\/wp-json\/wp\/v2\/comments?post=8487"}],"version-history":[{"count":0,"href":"https:\/\/infotorrent.es\/ca\/wp-json\/wp\/v2\/posts\/8487\/revisions"}],"wp:featuredmedia":[{"embeddable":true,"href":"https:\/\/infotorrent.es\/ca\/wp-json\/wp\/v2\/media\/1137"}],"wp:attachment":[{"href":"https:\/\/infotorrent.es\/ca\/wp-json\/wp\/v2\/media?parent=8487"}],"wp:term":[{"taxonomy":"category","embeddable":true,"href":"https:\/\/infotorrent.es\/ca\/wp-json\/wp\/v2\/categories?post=8487"},{"taxonomy":"post_tag","embeddable":true,"href":"https:\/\/infotorrent.es\/ca\/wp-json\/wp\/v2\/tags?post=8487"}],"curies":[{"name":"wp","href":"https:\/\/api.w.org\/{rel}","templated":true}]}}