{"id":8486,"date":"2017-03-02T08:21:47","date_gmt":"2017-03-02T08:21:47","guid":{"rendered":"https:\/\/infotorrent.es\/uncategorized\/ultimos-dias-para-apuntarse-a-la-primera-lanzadera-de-empleo-de-torrent\/"},"modified":"2017-03-02T08:21:47","modified_gmt":"2017-03-02T08:21:47","slug":"ultimos-dias-para-apuntarse-a-la-primera-lanzadera-de-empleo-de-torrent","status":"publish","type":"post","link":"https:\/\/infotorrent.es\/ca\/noticies\/ultimos-dias-para-apuntarse-a-la-primera-lanzadera-de-empleo-de-torrent\/","title":{"rendered":"\u00daltims dies per a inscriure\u2019s en la primera Llan\u00e7adora d&#8217;Ocupaci\u00f3 de Torrent"},"content":{"rendered":"<p style=\"text-align: center;\"><strong>Servir\u00e0 per a ajudar 20 persones aturades a entrenar la recerca de treball en equip i comptar amb noves possibilitats d\u2019inserci\u00f3 laboral\u00a0\u00a0 <\/strong><\/p>\n<p style=\"text-align: justify;\">El 9 de mar\u00e7 finalitza el termini perqu\u00e8 les persones aturades de Torrent puguen inscriure&#8217;s a la I Llan\u00e7adora d&#8217;Ocupaci\u00f3 de la ciutat, un innovador programa de lluita contra l\u2019atur impulsat per la Fundaci\u00f3 Santa Mar\u00eda la Real, la Fundaci\u00f3 Telef\u00f2nica i l\u2019Ajuntament de Torrent, amb el cofinan\u00e7ament del Fons Social Europeu.<\/p>\n<p>La I Llan\u00e7adora d&#8217;Ocupaci\u00f3 de Torrent servir\u00e0 per a ajudar 20 persones aturades a entrenar la recerca de treball en equip i tindre aix\u00ed noves possibilitats d\u2019inserci\u00f3 laboral. Per este motiu, tindran l\u2019ajuda i l\u2019orientaci\u00f3 d\u2019un t\u00e8cnic que els facilitar\u00e0 noves eines de cerca i els guiar\u00e0 per a refor\u00e7ar les seues compet\u00e8ncies i millorar la seua ocupabilitat.<\/p>\n<p><strong>Els\u00a0destinataris<\/strong><br \/>\nLa llan\u00e7adora tindr\u00e0 20 places: 15 estaran destinades a j\u00f3vens menors de 35 anys; i les altres 5 podran ser per a persones majors d\u2019edat fins als 59 anys. Tots hauran d\u2019estar en atur i inscrits com a demandants d\u2019ocupaci\u00f3 en el Servei P\u00fablic d&#8217;Ocupaci\u00f3.<\/p>\n<p>Al marge d\u2019estos requisits, no es busca un perfil formatiu concret, sin\u00f3 que podran participar-hi persones amb estudis b\u00e0sics; que procedisquen de Formaci\u00f3 Professional o Batxillerat, aix\u00ed com diplomats o llicenciats universitaris. De la mateixa manera, no se sol\u00b7licita un sector laboral determinat, sin\u00f3 que la participaci\u00f3 est\u00e0 oberta a persones amb traject\u00f2ries diverses, d\u2019\u00e0rees laborals diferents, amb o sense experi\u00e8ncia o amb especials dificultats d\u2019acc\u00e9s al mercat laboral.<\/p>\n<p><strong>Termini d\u2019inscripci\u00f3\u00a0\u00a0\u00a0\u00a0\u00a0 <\/strong><br \/>\nLes persones interessades a participar-hi poden inscriure\u2019s en el programa a trav\u00e9s de la web de llan\u00e7adores\u00a0(<a href=\"http:\/\/www.lanzaderasdeempleo.es\/formulario-de-inscripcion\" target=\"_blank\" rel=\"noopener\">http:\/\/www.lanzaderasdeempleo.es\/formulario-de-inscripcion<\/a>) o de forma presencial, sol\u00b7licitant i presentant el formulari en les depend\u00e8ncies de l&#8217;Ag\u00e8ncia de Col\u00b7locaci\u00f3\u00a0Idea\u2019t (carrer de Val\u00e8ncia, 42), en horari de 9 a 14 hores. Tamb\u00e9 podran sol\u00b7licitar informaci\u00f3 addicional en el tel\u00e8fon 96 111 18 68.<\/p>\n<p style=\"text-align: justify;\"><strong>Qu\u00e8 faran en la llan\u00e7adora?<\/strong><br \/>\nLes 20 persones que resulten seleccionades es reuniran diversos dies a la setmana en locals cedits per l&#8217;Ajuntament. Duran a terme sessions de\u00a0<em>coaching<\/em> i d\u2019intel\u00b7lig\u00e8ncia emocional, din\u00e0miques de comunicaci\u00f3, marca personal i recerca d\u2019ocupaci\u00f3 2.0; entrenament d\u2019entrevistes personals; elaboraci\u00f3 de mapes d\u2019ocupabilitat, visites a empreses, reunions amb emprenedors i processos d\u2019intermediaci\u00f3 laboral amb responsables de Recursos Humans.<\/p>\n","protected":false},"excerpt":{"rendered":"<p>Servir\u00e0 per a ajudar 20 persones aturades a entrenar la recerca de treball en equip i comptar amb noves possibilitats d\u2019inserci\u00f3 laboral\u00a0\u00a0 El 9 de mar\u00e7 finalitza el termini perqu\u00e8 les persones aturades de Torrent puguen inscriure&#8217;s a la I Llan\u00e7adora d&#8217;Ocupaci\u00f3 de la ciutat, un innovador programa de lluita contra l\u2019atur impulsat per la [&hellip;]<\/p>\n","protected":false},"author":13,"featured_media":1137,"comment_status":"open","ping_status":"open","sticky":false,"template":"","format":"standard","meta":{"_acf_changed":false,"footnotes":""},"categories":[120,116],"tags":[],"class_list":["post-8486","post","type-post","status-publish","format-standard","has-post-thumbnail","hentry","category-economia","category-noticies"],"acf":[],"_links":{"self":[{"href":"https:\/\/infotorrent.es\/ca\/wp-json\/wp\/v2\/posts\/8486","targetHints":{"allow":["GET"]}}],"collection":[{"href":"https:\/\/infotorrent.es\/ca\/wp-json\/wp\/v2\/posts"}],"about":[{"href":"https:\/\/infotorrent.es\/ca\/wp-json\/wp\/v2\/types\/post"}],"author":[{"embeddable":true,"href":"https:\/\/infotorrent.es\/ca\/wp-json\/wp\/v2\/users\/13"}],"replies":[{"embeddable":true,"href":"https:\/\/infotorrent.es\/ca\/wp-json\/wp\/v2\/comments?post=8486"}],"version-history":[{"count":0,"href":"https:\/\/infotorrent.es\/ca\/wp-json\/wp\/v2\/posts\/8486\/revisions"}],"wp:featuredmedia":[{"embeddable":true,"href":"https:\/\/infotorrent.es\/ca\/wp-json\/wp\/v2\/media\/1137"}],"wp:attachment":[{"href":"https:\/\/infotorrent.es\/ca\/wp-json\/wp\/v2\/media?parent=8486"}],"wp:term":[{"taxonomy":"category","embeddable":true,"href":"https:\/\/infotorrent.es\/ca\/wp-json\/wp\/v2\/categories?post=8486"},{"taxonomy":"post_tag","embeddable":true,"href":"https:\/\/infotorrent.es\/ca\/wp-json\/wp\/v2\/tags?post=8486"}],"curies":[{"name":"wp","href":"https:\/\/api.w.org\/{rel}","templated":true}]}}