{"id":84826,"date":"2025-08-14T10:00:00","date_gmt":"2025-08-14T08:00:00","guid":{"rendered":"https:\/\/infotorrent.es\/?p=84826"},"modified":"2025-08-15T14:25:37","modified_gmt":"2025-08-15T12:25:37","slug":"agenda-de-la-ciutat-del-14-al-17-dagost-de-2025","status":"publish","type":"post","link":"https:\/\/infotorrent.es\/ca\/agenda-2-ca\/agenda-de-la-ciutat-del-14-al-17-dagost-de-2025\/","title":{"rendered":"Agenda de la Ciutat (del 14 al 17 d\u2019agost de 2025)"},"content":{"rendered":"\n<h4 class=\"wp-block-heading\"><strong>Disfruta de tota la programaci\u00f3 d\u2019agost \u201cA la Lluna de Torrent\u201d<\/strong><\/h4>\n\n\n\n<p>\ud83d\udcc5 <strong>DIJOUS, 14 D\u2019AGOST<\/strong><\/p>\n\n\n\n<p>\u2022 \ud83d\udd59 <strong>19.30 h<\/strong> \ud83d\udd7a <strong>Ball per a majors \/ D\u00fao Karev<\/strong> \ud83d\udccd <em>Pla\u00e7a Uni\u00f3 Musical<\/em><\/p>\n\n\n\n<p>\u2022 \ud83d\udd59 <strong>19.00 h<\/strong> \ud83e\udd39\u200d\u2640\ufe0f \ud83e\udee7 <strong>Jocs infantils d\u2019aigua \/ Festival de Bombolles<\/strong> \ud83d\udccd <em>Pintor &nbsp;&nbsp;&nbsp;&nbsp;&nbsp;&nbsp;&nbsp;&nbsp;&nbsp;&nbsp;&nbsp;&nbsp;&nbsp;&nbsp;Mir\u00f3. Parc infantil<\/em><\/p>\n\n\n\n<p>\u2022 \ud83d\udd59 <strong>22.30 h<\/strong> \ud83c\udfad <strong>Animaci\u00f3 per a tots \/ Refresca 2<\/strong> \ud83d\udccd <em>Montehermoso. C\/ Mallorca<\/em><\/p>\n\n\n\n<p>\u2022 \ud83d\udd59 <strong>22.30 h<\/strong> \ud83c\udfac <strong>Cinema a la Lluna \u201cPadre no hay m\u00e1s que uno 4\u201d<\/strong> \ud83d\udccd <em>Parc Central. C\/ Atenes, 4<\/em><\/p>\n\n\n\n<p>\ud83d\udcc5 <strong>VIERNES, 15<\/strong><strong> DE AGOSTO<\/strong><\/p>\n\n\n\n<ul class=\"wp-block-list\">\n<li>\ud83d\udd59 <strong>19:30h<\/strong> \ud83c\udfad Teatre M\u00fasical \/ Los Piratas del Bajel IV \ud83d\udccdCumbres de Calicanto. La Luna 55<\/li>\n\n\n\n<li>\ud83d\udd59 <strong>19:30h <\/strong>\ud83c\udfeb Solemne Missa Major festivitat de L\u2019Assumpci\u00f3 de la Verge \ud83d\udccdParr\u00f2quia de l\u2019Assumpci\u00f3 de Ntra.Sra<\/li>\n\n\n\n<li>\ud83d\udd59 <strong>20:30h <\/strong>\u271d\ufe0f Solemne procesi\u00f3n en honor a L\u2019Assumpci\u00f3 de la Verge \ud83d\udccd Parroquia de l\u2019Assumpci\u00f3 Ntra. Sra<\/li>\n\n\n\n<li>\ud83d\udd59 <strong>22:30h <\/strong>\ud83c\udfacCine a la Lluna \u201cWonka\u201d \ud83d\udccd Pla\u00e7a Pedro Iturralde<\/li>\n\n\n\n<li>\ud83d\udd59 <strong>22:30h <\/strong>\ud83c\udfb6 Ball \/ D\u00fao Emotions \ud83d\udccdCumbres de Calicanto. La Luna 55<\/li>\n\n\n\n<li><\/li>\n<\/ul>\n\n\n\n<p>\ud83d\udcc5 <strong>S\u00c1BADO, 16<\/strong><strong> DE AGOSTO<\/strong><\/p>\n\n\n\n<ul class=\"wp-block-list\">\n<li>\ud83d\udd56 <strong>19:30h<\/strong> \ud83e\ude84 M\u00e0gia Familiar\/ Piter Pardo \ud83d\udccd El Pantano C\/ Salamanca<\/li>\n\n\n\n<li>\ud83d\udd59 <strong>20:30h<\/strong> \ud83d\ude4f Missa Campanya en honor a Sant Roc \ud83d\udccd Pla\u00e7a de Sant Roc<\/li>\n\n\n\n<li>\ud83d\udd59 <strong>23:30h<\/strong> \ud83c\udfa4Mon\u00f2leg \/ Maxi Rangel \ud83d\udccd El Pantano. C\/ Salamanca<\/li>\n\n\n\n<li>\ud83d\udd59 <strong>22:30h<\/strong> \ud83c\udfacCine a la Lluna \u201cGru 4, Mi Villano Favorito\u201d \ud83d\udccd Pla\u00e7a Uni\u00f3 Musical<\/li>\n<\/ul>\n\n\n\n<p><strong>\ud83d\udcc5<\/strong><strong> DOMINGO, 17 DE AGOSTO<\/strong><\/p>\n\n\n\n<ul class=\"wp-block-list\">\n<li>\ud83c\udf1e \ud83d\udca6 Diverteix-te i disfruta amb familia i amics de dimarts a Diumenge en la Piscina Parc Vedat de \ud83d\udd56 11.00 a 19.00h<\/li>\n\n\n\n<li>\ud83c\udf9f\ufe0f Entrades fins a completar aforament:<br>\ud83d\udccd En taquilla<br>\ud83d\udcbb Online en \ud83d\udc49 www.fdmtorrent.com (secci\u00f3n Tr\u00e1mites)<\/li>\n\n\n\n<li><strong>\ud83d\ude8f\ud83d\ude8d<\/strong><strong> <\/strong><strong>Ac\u00ed pots consultar les l\u00ednes i horaris del trasport p\u00fablic:<\/strong><\/li>\n\n\n\n<li><strong>https:\/\/www.fdmtorrent.com\/es\/Instalaciones\/Instalaciones-deportivas\/Parc-Vedat<\/strong><\/li>\n<\/ul>\n\n\n\n<figure class=\"wp-block-image size-large\"><img fetchpriority=\"high\" decoding=\"async\" width=\"819\" height=\"1024\" src=\"https:\/\/infotorrent.es\/wp-content\/uploads\/2025\/08\/portada-agenda-del-14agosto-819x1024.jpg\" alt=\"\" class=\"wp-image-84823\" srcset=\"https:\/\/infotorrent.es\/wp-content\/uploads\/2025\/08\/portada-agenda-del-14agosto-819x1024.jpg 819w, https:\/\/infotorrent.es\/wp-content\/uploads\/2025\/08\/portada-agenda-del-14agosto-240x300.jpg 240w, https:\/\/infotorrent.es\/wp-content\/uploads\/2025\/08\/portada-agenda-del-14agosto-768x960.jpg 768w, https:\/\/infotorrent.es\/wp-content\/uploads\/2025\/08\/portada-agenda-del-14agosto.jpg 1080w\" sizes=\"(max-width: 819px) 100vw, 819px\" \/><\/figure>\n","protected":false},"excerpt":{"rendered":"<p>Disfruta de tota la programaci\u00f3 d\u2019agost \u201cA la Lluna de Torrent\u201d \ud83d\udcc5 DIJOUS, 14 D\u2019AGOST \u2022 \ud83d\udd59 19.30 h \ud83d\udd7a Ball per a majors \/ D\u00fao Karev \ud83d\udccd Pla\u00e7a Uni\u00f3 Musical \u2022 \ud83d\udd59 19.00 h \ud83e\udd39\u200d\u2640\ufe0f \ud83e\udee7 Jocs infantils d\u2019aigua \/ Festival de Bombolles \ud83d\udccd Pintor &nbsp;&nbsp;&nbsp;&nbsp;&nbsp;&nbsp;&nbsp;&nbsp;&nbsp;&nbsp;&nbsp;&nbsp;&nbsp;&nbsp;Mir\u00f3. Parc infantil \u2022 \ud83d\udd59 22.30 h \ud83c\udfad Animaci\u00f3 [&hellip;]<\/p>\n","protected":false},"author":14,"featured_media":84999,"comment_status":"open","ping_status":"open","sticky":false,"template":"","format":"standard","meta":{"_acf_changed":false,"footnotes":""},"categories":[1157,1190],"tags":[],"class_list":["post-84826","post","type-post","status-publish","format-standard","has-post-thumbnail","hentry","category-agenda-2-ca","category-ayuntamiento-de-torrent-ca"],"acf":[],"_links":{"self":[{"href":"https:\/\/infotorrent.es\/ca\/wp-json\/wp\/v2\/posts\/84826","targetHints":{"allow":["GET"]}}],"collection":[{"href":"https:\/\/infotorrent.es\/ca\/wp-json\/wp\/v2\/posts"}],"about":[{"href":"https:\/\/infotorrent.es\/ca\/wp-json\/wp\/v2\/types\/post"}],"author":[{"embeddable":true,"href":"https:\/\/infotorrent.es\/ca\/wp-json\/wp\/v2\/users\/14"}],"replies":[{"embeddable":true,"href":"https:\/\/infotorrent.es\/ca\/wp-json\/wp\/v2\/comments?post=84826"}],"version-history":[{"count":2,"href":"https:\/\/infotorrent.es\/ca\/wp-json\/wp\/v2\/posts\/84826\/revisions"}],"predecessor-version":[{"id":85024,"href":"https:\/\/infotorrent.es\/ca\/wp-json\/wp\/v2\/posts\/84826\/revisions\/85024"}],"wp:featuredmedia":[{"embeddable":true,"href":"https:\/\/infotorrent.es\/ca\/wp-json\/wp\/v2\/media\/84999"}],"wp:attachment":[{"href":"https:\/\/infotorrent.es\/ca\/wp-json\/wp\/v2\/media?parent=84826"}],"wp:term":[{"taxonomy":"category","embeddable":true,"href":"https:\/\/infotorrent.es\/ca\/wp-json\/wp\/v2\/categories?post=84826"},{"taxonomy":"post_tag","embeddable":true,"href":"https:\/\/infotorrent.es\/ca\/wp-json\/wp\/v2\/tags?post=84826"}],"curies":[{"name":"wp","href":"https:\/\/api.w.org\/{rel}","templated":true}]}}