{"id":8481,"date":"2017-03-01T09:01:20","date_gmt":"2017-03-01T09:01:20","guid":{"rendered":"https:\/\/infotorrent.es\/uncategorized\/el-orfeon-polifonico-de-circulo-catolico-rinde-homenaje-a-su-director-salvador-domenech\/"},"modified":"2017-03-01T09:01:20","modified_gmt":"2017-03-01T09:01:20","slug":"el-orfeon-polifonico-de-circulo-catolico-rinde-homenaje-a-su-director-salvador-domenech","status":"publish","type":"post","link":"https:\/\/infotorrent.es\/ca\/noticies\/el-orfeon-polifonico-de-circulo-catolico-rinde-homenaje-a-su-director-salvador-domenech\/","title":{"rendered":"L&#8217;Orfe\u00f3 Polif\u00f2nic de Cercle Cat\u00f2lic ret homenatge al seu director, Salvador Dom\u00e9nech"},"content":{"rendered":"<p style=\"text-align: justify;\">El dissabte passat, l\u2019agrupaci\u00f3 musical Cercle Cat\u00f2lic de Torrent va retre homenatge a Salvador Dom\u00e9nech<span class=\"apple-converted-space\">\u00a0<\/span>Borrachina, director fins a hui de l&#8217;Orfe\u00f3 Polif\u00f2nic de Torrent. L\u2019experi\u00e8ncia i l\u2019esfor\u00e7 del director durant estos anys han sigut recompensats amb este agra\u00efment per part de tots els components, els quals han apr\u00e9s i evolucionat molt sota la seua direcci\u00f3. Amb Salvador Dom\u00e9nech, l&#8217;Orfe\u00f3 va estrenar i incorporar al seu repertori obres com l\u2019oratori <i>El triomf de l&#8217;esperan\u00e7a<\/i> o el <i>Magnif\u00edcat<\/i> en honor a la<span class=\"apple-converted-space\">\u00a0<\/span>Mare de<span class=\"apple-converted-space\">\u00a0<\/span>D\u00e9u del<span class=\"apple-converted-space\">\u00a0<\/span>P\u00f2pul de Torrent. L\u2019alcalde, Jes\u00fas Ros, que no va voler faltar a l\u2019acte, el va felicitar per tot el treball que ha dut a terme en l\u2019agrupaci\u00f3 musical<span class=\"apple-converted-space\">\u00a0<\/span>torrentina. Amb este sopar homenatge es tanca, aix\u00ed, la seua traject\u00f2ria professional al capdavant de l&#8217;Orfe\u00f3 Polif\u00f2nic del Cercle Cat\u00f2lic.<\/p>\n","protected":false},"excerpt":{"rendered":"<p>El dissabte passat, l\u2019agrupaci\u00f3 musical Cercle Cat\u00f2lic de Torrent va retre homenatge a Salvador Dom\u00e9nech\u00a0Borrachina, director fins a hui de l&#8217;Orfe\u00f3 Polif\u00f2nic de Torrent. L\u2019experi\u00e8ncia i l\u2019esfor\u00e7 del director durant estos anys han sigut recompensats amb este agra\u00efment per part de tots els components, els quals han apr\u00e9s i evolucionat molt sota la seua direcci\u00f3. [&hellip;]<\/p>\n","protected":false},"author":13,"featured_media":1137,"comment_status":"open","ping_status":"open","sticky":false,"template":"","format":"standard","meta":{"_acf_changed":false,"footnotes":""},"categories":[117,126,127,116],"tags":[789],"class_list":["post-8481","post","type-post","status-publish","format-standard","has-post-thumbnail","hentry","category-cultura","category-cultura-es-2","category-noticias-2","category-noticies","tag-cercle-catoliccercle-catoliccirculo-catolico"],"acf":[],"_links":{"self":[{"href":"https:\/\/infotorrent.es\/ca\/wp-json\/wp\/v2\/posts\/8481","targetHints":{"allow":["GET"]}}],"collection":[{"href":"https:\/\/infotorrent.es\/ca\/wp-json\/wp\/v2\/posts"}],"about":[{"href":"https:\/\/infotorrent.es\/ca\/wp-json\/wp\/v2\/types\/post"}],"author":[{"embeddable":true,"href":"https:\/\/infotorrent.es\/ca\/wp-json\/wp\/v2\/users\/13"}],"replies":[{"embeddable":true,"href":"https:\/\/infotorrent.es\/ca\/wp-json\/wp\/v2\/comments?post=8481"}],"version-history":[{"count":0,"href":"https:\/\/infotorrent.es\/ca\/wp-json\/wp\/v2\/posts\/8481\/revisions"}],"wp:featuredmedia":[{"embeddable":true,"href":"https:\/\/infotorrent.es\/ca\/wp-json\/wp\/v2\/media\/1137"}],"wp:attachment":[{"href":"https:\/\/infotorrent.es\/ca\/wp-json\/wp\/v2\/media?parent=8481"}],"wp:term":[{"taxonomy":"category","embeddable":true,"href":"https:\/\/infotorrent.es\/ca\/wp-json\/wp\/v2\/categories?post=8481"},{"taxonomy":"post_tag","embeddable":true,"href":"https:\/\/infotorrent.es\/ca\/wp-json\/wp\/v2\/tags?post=8481"}],"curies":[{"name":"wp","href":"https:\/\/api.w.org\/{rel}","templated":true}]}}