{"id":8478,"date":"2017-02-28T08:37:38","date_gmt":"2017-02-28T08:37:38","guid":{"rendered":"https:\/\/infotorrent.es\/uncategorized\/conocer-la-historia-de-torrent-a-traves-de-la-prensa\/"},"modified":"2017-02-28T08:37:38","modified_gmt":"2017-02-28T08:37:38","slug":"conocer-la-historia-de-torrent-a-traves-de-la-prensa","status":"publish","type":"post","link":"https:\/\/infotorrent.es\/ca\/noticies\/conocer-la-historia-de-torrent-a-traves-de-la-prensa\/","title":{"rendered":"Con\u00e9ixer la hist\u00f2ria de Torrent a trav\u00e9s de la premsa"},"content":{"rendered":"<p style=\"text-align: justify;\">El divendres passat, Jos\u00e9 Royo Mart\u00ednez, cronista oficial de la ciutat de Torrent, va presentar a la Casa de la Cultura <em>Torrent en la premsa de Val\u00e8ncia: Las Provincias<\/em>, un treball d\u2019investigaci\u00f3 format per dos volums, un des del 1891 fins al 1900 i l\u2019altre des del 1901 fins al 1910, que ens permet con\u00e9ixer les difer\u00e8ncies i semblances de la societat i la cultura de finals del segle XIV i principis del XX a la nostra ciutat a trav\u00e9s de la premsa valenciana. Francisco de Paula Momblach, president de l&#8217;Associaci\u00f3 de Cronistes del Regne de Val\u00e8ncia, l&#8217;alcalde Jes\u00fas Ros, la regidora d&#8217;Educaci\u00f3, Patricia S\u00e1ez, i diversos membres de la coporaci\u00f3 acompanyaren Jos\u00e9 Royo en la presentaci\u00f3 del seu \u00faltim treball que, de segur, aporta moltes dades desconegudes pels torrentins.<\/p>\n","protected":false},"excerpt":{"rendered":"<p>El divendres passat, Jos\u00e9 Royo Mart\u00ednez, cronista oficial de la ciutat de Torrent, va presentar a la Casa de la Cultura Torrent en la premsa de Val\u00e8ncia: Las Provincias, un treball d\u2019investigaci\u00f3 format per dos volums, un des del 1891 fins al 1900 i l\u2019altre des del 1901 fins al 1910, que ens permet con\u00e9ixer [&hellip;]<\/p>\n","protected":false},"author":4,"featured_media":1137,"comment_status":"open","ping_status":"open","sticky":false,"template":"","format":"standard","meta":{"_acf_changed":false,"footnotes":""},"categories":[117,126,127,116],"tags":[],"class_list":["post-8478","post","type-post","status-publish","format-standard","has-post-thumbnail","hentry","category-cultura","category-cultura-es-2","category-noticias-2","category-noticies"],"acf":[],"_links":{"self":[{"href":"https:\/\/infotorrent.es\/ca\/wp-json\/wp\/v2\/posts\/8478","targetHints":{"allow":["GET"]}}],"collection":[{"href":"https:\/\/infotorrent.es\/ca\/wp-json\/wp\/v2\/posts"}],"about":[{"href":"https:\/\/infotorrent.es\/ca\/wp-json\/wp\/v2\/types\/post"}],"author":[{"embeddable":true,"href":"https:\/\/infotorrent.es\/ca\/wp-json\/wp\/v2\/users\/4"}],"replies":[{"embeddable":true,"href":"https:\/\/infotorrent.es\/ca\/wp-json\/wp\/v2\/comments?post=8478"}],"version-history":[{"count":0,"href":"https:\/\/infotorrent.es\/ca\/wp-json\/wp\/v2\/posts\/8478\/revisions"}],"wp:featuredmedia":[{"embeddable":true,"href":"https:\/\/infotorrent.es\/ca\/wp-json\/wp\/v2\/media\/1137"}],"wp:attachment":[{"href":"https:\/\/infotorrent.es\/ca\/wp-json\/wp\/v2\/media?parent=8478"}],"wp:term":[{"taxonomy":"category","embeddable":true,"href":"https:\/\/infotorrent.es\/ca\/wp-json\/wp\/v2\/categories?post=8478"},{"taxonomy":"post_tag","embeddable":true,"href":"https:\/\/infotorrent.es\/ca\/wp-json\/wp\/v2\/tags?post=8478"}],"curies":[{"name":"wp","href":"https:\/\/api.w.org\/{rel}","templated":true}]}}