{"id":84708,"date":"2025-08-06T12:14:22","date_gmt":"2025-08-06T10:14:22","guid":{"rendered":"https:\/\/infotorrent.es\/?p=84708"},"modified":"2025-08-06T12:14:25","modified_gmt":"2025-08-06T10:14:25","slug":"torrent-reforca-el-seu-compromis-amb-la-recuperacio-post-dana-amb-una-inversio-municipal-clau-per-al-pla-docupacio-estatal-dana-2025","status":"publish","type":"post","link":"https:\/\/infotorrent.es\/ca\/ideat-ca\/torrent-reforca-el-seu-compromis-amb-la-recuperacio-post-dana-amb-una-inversio-municipal-clau-per-al-pla-docupacio-estatal-dana-2025\/","title":{"rendered":"Torrent refor\u00e7a el seu comprom\u00eds amb la recuperaci\u00f3 post-DANA amb una inversi\u00f3 municipal clau per al Pla d&#8217;Ocupaci\u00f3 Estatal Dana 2025"},"content":{"rendered":"\n<p><strong>L&#8217;Ajuntament de Torrent ha impulsat 136 contractacions per a accelerar la reconstrucci\u00f3 despr\u00e9s de la DANA<\/strong><\/p>\n\n\n\n<p><strong>El consistori mobilitza recursos propis i estatals per a recuperar espais p\u00fablics, carrers, camins i zones verdes afectades, entre altres actuacions.<\/strong><\/p>\n\n\n\n<p>L&#8217;Ajuntament de Torrent ha aprovat en ple extraordinari l&#8217;aportaci\u00f3 municipal de 807.288,62 euros per al cofinan\u00e7ament del Pla d&#8217;Ocupaci\u00f3 Estatal Dana 2025, una iniciativa impulsada al costat del Servici P\u00fablic Estatal d&#8217;Ocupaci\u00f3 (SEPE) que permetr\u00e0 contractar 136 persones desocupades i escometre un ambici\u00f3s paquet d&#8217;actuacions destinades a restaurar els espais p\u00fablics i les infraestructures municipals danyades per la Dana que va assotar la ciutat el 29 d&#8217;octubre de 2024.<\/p>\n\n\n\n<p>Gr\u00e0cies a esta inversi\u00f3 conjunta, amb una subvenci\u00f3 estatal de 1,54 milions d&#8217;euros i una aportaci\u00f3 municipal superior als 800.000 euros, el consistori no sols garantix l&#8217;execuci\u00f3 dels treballs de recuperaci\u00f3 i millora del terme municipal, sin\u00f3 que tamb\u00e9 contribu\u00efx a la generaci\u00f3 d&#8217;ocupaci\u00f3 directa durant dos fases d&#8217;actuaci\u00f3, de quatre mesos cada una, mobilitzant recursos humans i materials per a la rehabilitaci\u00f3 de la ciutat.<\/p>\n\n\n\n<p>L&#8217;alcalde accidental, Jos\u00e9 Gozalvo ha explicat que <strong>&#8220;l&#8217;aprovaci\u00f3 d&#8217;esta aportaci\u00f3 municipal demostra que a Torrent sabem gestionar b\u00e9 els recursos: aprofitem cada ajuda i sumem fons propis perqu\u00e8 la recuperaci\u00f3 siga r\u00e0pida, completa i beneficiosa per a tota la ciutadania&#8221;.<\/strong><\/p>\n\n\n\n<p><strong>Un pla per a reconstruir Torrent i generar oportunitats<\/strong><\/p>\n\n\n\n<p>El Pla d&#8217;Ocupaci\u00f3 DANA 2025 respon a una doble necessitat: la de recuperar la normalitat en els barris, urbanitzacions i zones rurals de Torrent afectats per les fortes pluges torrencials, i la d&#8217;oferir oportunitats laborals temporals a persones desocupades inscrites en l&#8217;Espai Labora.<\/p>\n\n\n\n<p>En total, s&#8217;han dut a terme, a trav\u00e9s de LABORA, 136 contractacions de persones desocupades inscrites com a demandants d&#8217;ocupaci\u00f3 en els servicis p\u00fablics d&#8217;ocupaci\u00f3. Estes contractacions es distribu\u00efxen en diferents perfils professionals per a atendre les necessitats de neteja, reconstrucci\u00f3 i reparaci\u00f3 dels espais p\u00fablics afectats per la DANA. En concret, es preveu la incorporaci\u00f3 de 8 oficials\/as de neteja, 32 peons\/as de neteja, 24 oficials\/as de primera en construcci\u00f3\/capatassos, 32 peons\/as d&#8217;obra i camins, 8 oficials\/as de jardineria, 8 peons\/as de jardineria, 8 oficials\/as de pintura i 16 peons\/as de pintura, amb l&#8217;objectiu de desplegar quadrilles que puguen abastar el major nombre de punts cr\u00edtics de la ciutat i accelerar les intervencions.<\/p>\n\n\n\n<p>L&#8217;actuaci\u00f3 es desenrotllar\u00e0 en quatre grans blocs, prioritzant les zones m\u00e9s danyades i les infraestructures municipals que requerixen d&#8217;una intervenci\u00f3 immediata per a garantir la seguretat, l&#8217;accessibilitat i la qualitat dels espais p\u00fablics.<\/p>\n\n\n\n<p><strong>Quatre blocs d&#8217;actuacions per a una recuperaci\u00f3 integral<\/strong><\/p>\n\n\n\n<p><strong>1. Neteja intensiva de vials i espais p\u00fablics<\/strong><\/p>\n\n\n\n<p>Despr\u00e9s de la DANA, nombrosos barris de Torrent, urbanitzacions i \u00e0rees industrials es van veure col\u00b7lapsats per fang, estris, residus i restes vegetals. Este primer bloc contempla actuacions de neteja manual i mec\u00e0nica en m\u00e9s de 16.000 metres lineals de carrers i places, utilitzant vehicles pick-up, desbrossadores, sopladoras i equips de recollida per a garantir un sanejament complet de la via p\u00fablica.<\/p>\n\n\n\n<p>S&#8217;actuar\u00e0 especialment en urbanitzacions afectades, el barri Xenillet i els pol\u00edgons industrials, on es van registrar acumulacions de llot i materials que encara dificulten el tr\u00e0nsit i l&#8217;\u00fas normal dels espais p\u00fablics.<\/p>\n\n\n\n<p><strong>2. Reconstrucci\u00f3 de camins rurals i parcel\u00b7les p\u00fabliques<\/strong><\/p>\n\n\n\n<p>La xarxa de camins rurals i les parcel\u00b7les p\u00fabliques de Torrent van patir greus afeccions en cunetes, talussos i accessos, que impedixen la mobilitat segura de ve\u00efns, agricultors i servicis municipals.<\/p>\n\n\n\n<p>Este segon bloc permetr\u00e0 la recuperaci\u00f3 de m\u00e9s de 6.000 metres lineals de camins, aix\u00ed com la restauraci\u00f3 d&#8217;\u00e0rees recreatives i parcel\u00b7les p\u00fabliques afectades, mitjan\u00e7ant treballs de reposici\u00f3 de cunetes, murs de ma\u00e7oneria, neteja de vegetaci\u00f3 i condicionament de passos. Amb aix\u00f2 es busca retornar la funcionalitat a zones clau per a l&#8217;activitat agr\u00edcola i particular.<\/p>\n\n\n\n<p><strong>3. Adequaci\u00f3 de zones verdes i sengles p\u00fabliques<\/strong><\/p>\n\n\n\n<p>Els barrancs i sengles naturals de Torrent, com el Barranc de l\u2019Horteta i la ruta del Reg Mil.lenari, van ser fortament impactats per la for\u00e7a de l&#8217;aigua, arrossegant vegetaci\u00f3, danyant sistemes de reg i afectant espais recreatius i de descans.<\/p>\n\n\n\n<p>Este bloc actuar\u00e0 sobre m\u00e9s de 6.000 m\u00b2 de zones verdes i 600 metres lineals de sendes, reposant plantacions, restaurant itineraris i adequant \u00e0rees de p\u00edcnic i esplai can\u00ed. Es pret\u00e9n no sols reparar els danys, sin\u00f3 recuperar el valor mediambiental i paisatg\u00edstic d&#8217;estos espais, fonamentals per al benestar de la ciutadania.<\/p>\n\n\n\n<p><strong>4. Reparaci\u00f3 i millora de zones urbanes i locals municipals<\/strong><\/p>\n\n\n\n<p>L&#8217;\u00faltim bloc se centrar\u00e0 en la recuperaci\u00f3 d&#8217;infraestructures urbanes b\u00e0siques, com a voreres afonades, vorades danyades, arquetes, foradades i mobiliari urb\u00e0 desaparegut o en mal estat.<\/p>\n\n\n\n<p>Tamb\u00e9 inclou treballs de pintura i senyalitzaci\u00f3 horitzontal en vials, aix\u00ed com la rehabilitaci\u00f3 de locals municipals afectats que van quedar inutilitzables despr\u00e9s de la Dana. En total, es preveu actuar sobre 300 metres lineals de voreres, 30 escocells i elements de mobiliari, 50 m\u00b2 de paviment i almenys dos locals municipals, retornant la seua funcionalitat per a \u00fas ve\u00efnal.<\/p>\n\n\n\n<p><strong>&#8220;Amb estes actuacions convertim la inversi\u00f3 p\u00fablica en obres visibles, en millores concretes i en ocupaci\u00f3 directa per als nostres ve\u00efns.&#8221; Cada euro invertit es transformar\u00e0 en carrers m\u00e9s nets i segures, camins recuperats, zones verdes revitalitzades i espais p\u00fablics plenament accessibles per a tots&#8221;<\/strong>, ha assenyalat Gozalvo.<\/p>\n\n\n\n<p><strong>Un exemple de gesti\u00f3 eficient i comprom\u00eds municipal<\/strong><\/p>\n\n\n\n<p>L&#8217;aprovaci\u00f3 d&#8217;esta aportaci\u00f3 municipal suposa un nou pas en el full de ruta de l&#8217;equip de govern per a atendre les necessitats de la poblaci\u00f3 despr\u00e9s de l&#8217;emerg\u00e8ncia. Torrent demostra aix\u00ed la seua capacitat per a atraure recursos estatals, optimitzar mitjans propis i garantir inversions financerament sostenibles, complint la normativa vigent i agilitzant els terminis d&#8217;execuci\u00f3.<\/p>\n\n\n\n<p>Gozalvo ha destacat que <strong>\u201ceste pla no sols permet reparar els danys causats per la Dana, sin\u00f3 que tamb\u00e9 dona ocupaci\u00f3 a desenes de torrentinos que es trobaven en situaci\u00f3 de desocupaci\u00f3, enfortint el teixit social i econ\u00f2mic de la ciutat mentres es recuperen els espais p\u00fablics\u201d.<\/strong><\/p>\n\n\n\n<p><strong>Pr\u00f2xims passos<\/strong><\/p>\n\n\n\n<p>El Pla d&#8217;Ocupaci\u00f3 DANA 2025 va arrancar el passat 1 d&#8217;agost amb la fase I d&#8217;actuacions amb els primers 68 operaris, prolongant-se durant huit mesos en dos per\u00edodes d&#8217;actuaci\u00f3. La coordinaci\u00f3 estar\u00e0 a c\u00e0rrec del Servici Municipal de Medi Ambient, en col\u00b7laboraci\u00f3 amb les brigades municipals, el Consell Agrari, Mobilitat i l&#8217;empresa p\u00fablica Nous Espais, garantint un seguiment t\u00e8cnic i una execuci\u00f3 efica\u00e7.<\/p>\n\n\n\n<p>Amb esta iniciativa, Torrent manifesta el seu comprom\u00eds social amb la reconstrucci\u00f3 de la ciutat, impulsant una resposta \u00e0gil, efica\u00e7 i socialment responsable per a superar les seq\u00fceles de la cat\u00e0strofe i enfortir la seua resili\u00e8ncia enfront de futurs episodis clim\u00e0tics extrems.<\/p>\n\n\n\n<figure class=\"wp-block-image size-large\"><img fetchpriority=\"high\" decoding=\"async\" width=\"1024\" height=\"682\" src=\"https:\/\/infotorrent.es\/wp-content\/uploads\/2025\/08\/7-1-1024x682.jpg\" alt=\"\" class=\"wp-image-84710\" srcset=\"https:\/\/infotorrent.es\/wp-content\/uploads\/2025\/08\/7-1-1024x682.jpg 1024w, https:\/\/infotorrent.es\/wp-content\/uploads\/2025\/08\/7-1-300x200.jpg 300w, https:\/\/infotorrent.es\/wp-content\/uploads\/2025\/08\/7-1-768x512.jpg 768w, https:\/\/infotorrent.es\/wp-content\/uploads\/2025\/08\/7-1-1536x1023.jpg 1536w, https:\/\/infotorrent.es\/wp-content\/uploads\/2025\/08\/7-1.jpg 1600w\" sizes=\"(max-width: 1024px) 100vw, 1024px\" \/><\/figure>\n\n\n\n<figure class=\"wp-block-gallery has-nested-images columns-default is-cropped wp-block-gallery-1 is-layout-flex wp-block-gallery-is-layout-flex\">\n<figure class=\"wp-block-image size-large\"><img decoding=\"async\" width=\"1024\" height=\"682\" data-id=\"84714\" src=\"https:\/\/infotorrent.es\/wp-content\/uploads\/2025\/08\/6-5-1024x682.jpg\" alt=\"\" class=\"wp-image-84714\" srcset=\"https:\/\/infotorrent.es\/wp-content\/uploads\/2025\/08\/6-5-1024x682.jpg 1024w, https:\/\/infotorrent.es\/wp-content\/uploads\/2025\/08\/6-5-300x200.jpg 300w, https:\/\/infotorrent.es\/wp-content\/uploads\/2025\/08\/6-5-768x512.jpg 768w, https:\/\/infotorrent.es\/wp-content\/uploads\/2025\/08\/6-5-1536x1023.jpg 1536w, https:\/\/infotorrent.es\/wp-content\/uploads\/2025\/08\/6-5.jpg 1600w\" sizes=\"(max-width: 1024px) 100vw, 1024px\" \/><\/figure>\n\n\n\n<figure class=\"wp-block-image size-large\"><img decoding=\"async\" width=\"1024\" height=\"682\" data-id=\"84712\" src=\"https:\/\/infotorrent.es\/wp-content\/uploads\/2025\/08\/8-1-1024x682.jpg\" alt=\"\" class=\"wp-image-84712\" srcset=\"https:\/\/infotorrent.es\/wp-content\/uploads\/2025\/08\/8-1-1024x682.jpg 1024w, https:\/\/infotorrent.es\/wp-content\/uploads\/2025\/08\/8-1-300x200.jpg 300w, https:\/\/infotorrent.es\/wp-content\/uploads\/2025\/08\/8-1-768x512.jpg 768w, https:\/\/infotorrent.es\/wp-content\/uploads\/2025\/08\/8-1-1536x1023.jpg 1536w, https:\/\/infotorrent.es\/wp-content\/uploads\/2025\/08\/8-1.jpg 1600w\" sizes=\"(max-width: 1024px) 100vw, 1024px\" \/><\/figure>\n<\/figure>\n\n\n\n<figure class=\"wp-block-image size-large\"><img loading=\"lazy\" decoding=\"async\" width=\"1024\" height=\"682\" src=\"https:\/\/infotorrent.es\/wp-content\/uploads\/2025\/08\/2-8-1024x682.jpg\" alt=\"\" class=\"wp-image-84717\" srcset=\"https:\/\/infotorrent.es\/wp-content\/uploads\/2025\/08\/2-8-1024x682.jpg 1024w, https:\/\/infotorrent.es\/wp-content\/uploads\/2025\/08\/2-8-300x200.jpg 300w, https:\/\/infotorrent.es\/wp-content\/uploads\/2025\/08\/2-8-768x512.jpg 768w, https:\/\/infotorrent.es\/wp-content\/uploads\/2025\/08\/2-8-1536x1023.jpg 1536w, https:\/\/infotorrent.es\/wp-content\/uploads\/2025\/08\/2-8.jpg 1600w\" sizes=\"(max-width: 1024px) 100vw, 1024px\" \/><\/figure>\n\n\n\n<figure class=\"wp-block-gallery has-nested-images columns-default is-cropped wp-block-gallery-2 is-layout-flex wp-block-gallery-is-layout-flex\">\n<figure class=\"wp-block-image size-large\"><img loading=\"lazy\" decoding=\"async\" width=\"1024\" height=\"682\" data-id=\"84719\" src=\"https:\/\/infotorrent.es\/wp-content\/uploads\/2025\/08\/1-9-1024x682.jpg\" alt=\"\" class=\"wp-image-84719\" srcset=\"https:\/\/infotorrent.es\/wp-content\/uploads\/2025\/08\/1-9-1024x682.jpg 1024w, https:\/\/infotorrent.es\/wp-content\/uploads\/2025\/08\/1-9-300x200.jpg 300w, https:\/\/infotorrent.es\/wp-content\/uploads\/2025\/08\/1-9-768x512.jpg 768w, https:\/\/infotorrent.es\/wp-content\/uploads\/2025\/08\/1-9-1536x1023.jpg 1536w, https:\/\/infotorrent.es\/wp-content\/uploads\/2025\/08\/1-9.jpg 1600w\" sizes=\"(max-width: 1024px) 100vw, 1024px\" \/><\/figure>\n\n\n\n<figure class=\"wp-block-image size-large\"><img loading=\"lazy\" decoding=\"async\" width=\"1024\" height=\"682\" data-id=\"84721\" src=\"https:\/\/infotorrent.es\/wp-content\/uploads\/2025\/08\/3-8-1024x682.jpg\" alt=\"\" class=\"wp-image-84721\" srcset=\"https:\/\/infotorrent.es\/wp-content\/uploads\/2025\/08\/3-8-1024x682.jpg 1024w, https:\/\/infotorrent.es\/wp-content\/uploads\/2025\/08\/3-8-300x200.jpg 300w, https:\/\/infotorrent.es\/wp-content\/uploads\/2025\/08\/3-8-768x512.jpg 768w, https:\/\/infotorrent.es\/wp-content\/uploads\/2025\/08\/3-8-1536x1023.jpg 1536w, https:\/\/infotorrent.es\/wp-content\/uploads\/2025\/08\/3-8.jpg 1600w\" sizes=\"(max-width: 1024px) 100vw, 1024px\" \/><\/figure>\n\n\n\n<figure class=\"wp-block-image size-large\"><img loading=\"lazy\" decoding=\"async\" width=\"1024\" height=\"682\" data-id=\"84723\" src=\"https:\/\/infotorrent.es\/wp-content\/uploads\/2025\/08\/4-7-1024x682.jpg\" alt=\"\" class=\"wp-image-84723\" srcset=\"https:\/\/infotorrent.es\/wp-content\/uploads\/2025\/08\/4-7-1024x682.jpg 1024w, https:\/\/infotorrent.es\/wp-content\/uploads\/2025\/08\/4-7-300x200.jpg 300w, https:\/\/infotorrent.es\/wp-content\/uploads\/2025\/08\/4-7-768x512.jpg 768w, https:\/\/infotorrent.es\/wp-content\/uploads\/2025\/08\/4-7-1536x1023.jpg 1536w, https:\/\/infotorrent.es\/wp-content\/uploads\/2025\/08\/4-7.jpg 1600w\" sizes=\"(max-width: 1024px) 100vw, 1024px\" \/><\/figure>\n<\/figure>\n","protected":false},"excerpt":{"rendered":"<p>L&#8217;Ajuntament de Torrent ha impulsat 136 contractacions per a accelerar la reconstrucci\u00f3 despr\u00e9s de la DANA El consistori mobilitza recursos propis i estatals per a recuperar espais p\u00fablics, carrers, camins i zones verdes afectades, entre altres actuacions. L&#8217;Ajuntament de Torrent ha aprovat en ple extraordinari l&#8217;aportaci\u00f3 municipal de 807.288,62 euros per al cofinan\u00e7ament del Pla [&hellip;]<\/p>\n","protected":false},"author":20,"featured_media":84716,"comment_status":"open","ping_status":"open","sticky":false,"template":"","format":"standard","meta":{"_acf_changed":false,"footnotes":""},"categories":[1194,1205,1217,138,133],"tags":[],"class_list":["post-84708","post","type-post","status-publish","format-standard","has-post-thumbnail","hentry","category-ideat-ca","category-comercio-mercados-y-empleo-ca","category-dana-ca","category-medio-ambiente-2","category-urbanisme"],"acf":[],"_links":{"self":[{"href":"https:\/\/infotorrent.es\/ca\/wp-json\/wp\/v2\/posts\/84708","targetHints":{"allow":["GET"]}}],"collection":[{"href":"https:\/\/infotorrent.es\/ca\/wp-json\/wp\/v2\/posts"}],"about":[{"href":"https:\/\/infotorrent.es\/ca\/wp-json\/wp\/v2\/types\/post"}],"author":[{"embeddable":true,"href":"https:\/\/infotorrent.es\/ca\/wp-json\/wp\/v2\/users\/20"}],"replies":[{"embeddable":true,"href":"https:\/\/infotorrent.es\/ca\/wp-json\/wp\/v2\/comments?post=84708"}],"version-history":[{"count":1,"href":"https:\/\/infotorrent.es\/ca\/wp-json\/wp\/v2\/posts\/84708\/revisions"}],"predecessor-version":[{"id":84725,"href":"https:\/\/infotorrent.es\/ca\/wp-json\/wp\/v2\/posts\/84708\/revisions\/84725"}],"wp:featuredmedia":[{"embeddable":true,"href":"https:\/\/infotorrent.es\/ca\/wp-json\/wp\/v2\/media\/84716"}],"wp:attachment":[{"href":"https:\/\/infotorrent.es\/ca\/wp-json\/wp\/v2\/media?parent=84708"}],"wp:term":[{"taxonomy":"category","embeddable":true,"href":"https:\/\/infotorrent.es\/ca\/wp-json\/wp\/v2\/categories?post=84708"},{"taxonomy":"post_tag","embeddable":true,"href":"https:\/\/infotorrent.es\/ca\/wp-json\/wp\/v2\/tags?post=84708"}],"curies":[{"name":"wp","href":"https:\/\/api.w.org\/{rel}","templated":true}]}}