{"id":84666,"date":"2025-08-05T13:57:04","date_gmt":"2025-08-05T11:57:04","guid":{"rendered":"https:\/\/infotorrent.es\/?p=84666"},"modified":"2025-08-05T13:57:10","modified_gmt":"2025-08-05T11:57:10","slug":"torrent-collabora-amb-les-festes-veinals-a-agost-torrent-i-nova-cimeres-de-calicanto-amb-activitats-per-a-tota-la-familia","status":"publish","type":"post","link":"https:\/\/infotorrent.es\/ca\/juventud-ca\/torrent-collabora-amb-les-festes-veinals-a-agost-torrent-i-nova-cimeres-de-calicanto-amb-activitats-per-a-tota-la-familia\/","title":{"rendered":"Torrent col\u00b7labora amb les festes ve\u00efnals a Agost-Torrent i Nova Cimeres de Calicanto amb activitats per a tota la fam\u00edlia"},"content":{"rendered":"\n<p><strong>Gr\u00e0cies a la subvenci\u00f3 del Ministeri de Joventut i Inf\u00e0ncia despr\u00e9s de la Dana i gestionada per l&#8217;ajuntament i el CIJ de Torrent<\/strong><\/p>\n\n\n\n<p>L&#8217;Ajuntament de Torrent, a trav\u00e9s del Centre d\u2019Informaci\u00f3 Juvenil (CIJ), col\u00b7labora estretament amb les associacions ve\u00efnals d&#8217;Agost-Torrent i Nova Cimeres de Calicanto en l&#8217;organitzaci\u00f3 de les pr\u00f2ximes festes populars que se celebraran els dies 17, 19 i 20 d&#8217;agost. Estos esdeveniments, impulsats gr\u00e0cies al finan\u00e7ament procedent de l&#8217;orde JUI\/119\/2025 del Ministeri de Joventut i Inf\u00e0ncia, que concedix subvencions directes als municipis afectats per la Dana i gestionats per estos, busquen enfortir el teixit social i oferir espais de trobada i diversi\u00f3 per a tota la ciutadania.<\/p>\n\n\n\n<p>La primera cita tindr\u00e0 lloc el diumenge 17 d&#8217;agost en l&#8217;Alberg Rural Sanabria, on l&#8217;Associaci\u00f3 de Ve\u00efns Agost-Torrent organitza la seua primera festa ve\u00efnal, una jornada oberta a tot el ve\u00efnat dels disseminats. A partir de les 19.00 hores, els socis podran participar en l&#8217;assemblea de l&#8217;associaci\u00f3, mentres que, des de les 19.30 i fins a les 21.30 hores, els assistents gaudiran d&#8217;activitats infantils i m\u00fasica en directe, pensades per a l&#8217;entreteniment de grans i xicotets en un entorn familiar i pr\u00f2xim.<\/p>\n\n\n\n<p>Per part seua, l&#8217;Associaci\u00f3 Nova Cimeres convida a participar en les Festes de Cimeres de Calicanto, que es desenrotllaran els dies 19 i 20 d&#8217;agost al carrer Lluna, 55 (enfront de l&#8217;antic Poliesportiu). El dimarts 19, de 18.00 a 20.30 hores, els m\u00e9s aventurers, fins a 12 anys, podran gaudir del Parc Multiaventura. A les 21.00 hores, una pausa per a sopar de sobaquillo, mentres que la jornada conclour\u00e0 amb una Discom\u00f3vil (DJ AMI, ve\u00ed de la urbanitzaci\u00f3) des de les 22.00 fins a les 03.00 hores. El dimecres 20, la festa continuar\u00e0 amb una fira d&#8217;activitats kermesse (globofl\u00e8xia, orxata, crispetes, jocs i m\u00e9s), tamb\u00e9 en horari de 18.00 a 20.30 hores, i novament la m\u00fasica posar\u00e0 el fermall d&#8217;or a la vetlada amb una animada discom\u00f3vil, que comen\u00e7ar\u00e0 a les 22.00 a les 3.00 hores. Durant les dos jornades hi haur\u00e0 barra de begudes, venda de loteria, marxandatge exclusiu, samarretes i ventalls dissenyats especialment, i sopar de \u201csobaquillo\u201d, on cada assistent podr\u00e0 portar el seu propi entrep\u00e0 per a compartir unes nits de conviv\u00e8ncia ve\u00efnal.<\/p>\n\n\n\n<p>Estes iniciatives formen part del conjunt d&#8217;activitats finan\u00e7ades pel Ministeri de Joventut i Inf\u00e0ncia per a fer costat als municipis que, com Torrent, van patir les greus conseq\u00fc\u00e8ncies de la Dana. D&#8217;esta manera, les associacions de ve\u00efns compten amb recursos addicionals per a desenrotllar projectes que fomenten la participaci\u00f3 ciutadana, l&#8217;oci educatiu i la creaci\u00f3 d&#8217;espais de trobada en les diferents urbanitzacions i disseminats del terme municipal.<\/p>\n\n\n\n<p>Des de l&#8217;Ajuntament de Torrent i el CIJ es destaca la import\u00e0ncia de recolzar a les associacions ve\u00efnals, que s\u00f3n motor de cohesi\u00f3 social i dinamitzaci\u00f3 cultural en els barris. Amb estes activitats no sols es recupera l&#8217;esperit festiu despr\u00e9s dels dif\u00edcils moments viscuts amb la Dana, sin\u00f3 que tamb\u00e9 es refor\u00e7a el sentit de comunitat i la implicaci\u00f3 dels ve\u00efns en la vida local.<\/p>\n\n\n\n<figure class=\"wp-block-image size-large\"><img fetchpriority=\"high\" decoding=\"async\" width=\"1024\" height=\"724\" src=\"https:\/\/infotorrent.es\/wp-content\/uploads\/2025\/08\/Imagen-de-WhatsApp-2025-08-05-a-las-13.26.32_0972afe8-2-1024x724.jpg\" alt=\"\" class=\"wp-image-84667\" srcset=\"https:\/\/infotorrent.es\/wp-content\/uploads\/2025\/08\/Imagen-de-WhatsApp-2025-08-05-a-las-13.26.32_0972afe8-2-1024x724.jpg 1024w, https:\/\/infotorrent.es\/wp-content\/uploads\/2025\/08\/Imagen-de-WhatsApp-2025-08-05-a-las-13.26.32_0972afe8-2-300x212.jpg 300w, https:\/\/infotorrent.es\/wp-content\/uploads\/2025\/08\/Imagen-de-WhatsApp-2025-08-05-a-las-13.26.32_0972afe8-2-768x543.jpg 768w, https:\/\/infotorrent.es\/wp-content\/uploads\/2025\/08\/Imagen-de-WhatsApp-2025-08-05-a-las-13.26.32_0972afe8-2-1536x1086.jpg 1536w, https:\/\/infotorrent.es\/wp-content\/uploads\/2025\/08\/Imagen-de-WhatsApp-2025-08-05-a-las-13.26.32_0972afe8-2.jpg 1600w\" sizes=\"(max-width: 1024px) 100vw, 1024px\" \/><\/figure>\n\n\n\n<figure class=\"wp-block-image size-large\"><img decoding=\"async\" width=\"724\" height=\"1024\" src=\"https:\/\/infotorrent.es\/wp-content\/uploads\/2025\/08\/Cartel-fiestas-AV-Agost-Torrent-3-724x1024.jpg\" alt=\"\" class=\"wp-image-84671\" srcset=\"https:\/\/infotorrent.es\/wp-content\/uploads\/2025\/08\/Cartel-fiestas-AV-Agost-Torrent-3-724x1024.jpg 724w, https:\/\/infotorrent.es\/wp-content\/uploads\/2025\/08\/Cartel-fiestas-AV-Agost-Torrent-3-212x300.jpg 212w, https:\/\/infotorrent.es\/wp-content\/uploads\/2025\/08\/Cartel-fiestas-AV-Agost-Torrent-3-768x1086.jpg 768w, https:\/\/infotorrent.es\/wp-content\/uploads\/2025\/08\/Cartel-fiestas-AV-Agost-Torrent-3-1086x1536.jpg 1086w, https:\/\/infotorrent.es\/wp-content\/uploads\/2025\/08\/Cartel-fiestas-AV-Agost-Torrent-3-1448x2048.jpg 1448w, https:\/\/infotorrent.es\/wp-content\/uploads\/2025\/08\/Cartel-fiestas-AV-Agost-Torrent-3-scaled.jpg 1810w\" sizes=\"(max-width: 724px) 100vw, 724px\" \/><\/figure>\n\n\n\n<figure class=\"wp-block-image size-large\"><img decoding=\"async\" width=\"576\" height=\"1024\" src=\"https:\/\/infotorrent.es\/wp-content\/uploads\/2025\/08\/Cartel-fiestas-AV-Nueva-Cumbres-Calicanto-3-576x1024.jpg\" alt=\"\" class=\"wp-image-84669\" srcset=\"https:\/\/infotorrent.es\/wp-content\/uploads\/2025\/08\/Cartel-fiestas-AV-Nueva-Cumbres-Calicanto-3-576x1024.jpg 576w, https:\/\/infotorrent.es\/wp-content\/uploads\/2025\/08\/Cartel-fiestas-AV-Nueva-Cumbres-Calicanto-3-169x300.jpg 169w, https:\/\/infotorrent.es\/wp-content\/uploads\/2025\/08\/Cartel-fiestas-AV-Nueva-Cumbres-Calicanto-3-768x1365.jpg 768w, https:\/\/infotorrent.es\/wp-content\/uploads\/2025\/08\/Cartel-fiestas-AV-Nueva-Cumbres-Calicanto-3-864x1536.jpg 864w, https:\/\/infotorrent.es\/wp-content\/uploads\/2025\/08\/Cartel-fiestas-AV-Nueva-Cumbres-Calicanto-3-1152x2048.jpg 1152w, https:\/\/infotorrent.es\/wp-content\/uploads\/2025\/08\/Cartel-fiestas-AV-Nueva-Cumbres-Calicanto-3-scaled.jpg 1440w\" sizes=\"(max-width: 576px) 100vw, 576px\" \/><\/figure>\n","protected":false},"excerpt":{"rendered":"<p>Gr\u00e0cies a la subvenci\u00f3 del Ministeri de Joventut i Inf\u00e0ncia despr\u00e9s de la Dana i gestionada per l&#8217;ajuntament i el CIJ de Torrent L&#8217;Ajuntament de Torrent, a trav\u00e9s del Centre d\u2019Informaci\u00f3 Juvenil (CIJ), col\u00b7labora estretament amb les associacions ve\u00efnals d&#8217;Agost-Torrent i Nova Cimeres de Calicanto en l&#8217;organitzaci\u00f3 de les pr\u00f2ximes festes populars que se celebraran [&hellip;]<\/p>\n","protected":false},"author":20,"featured_media":84673,"comment_status":"open","ping_status":"open","sticky":false,"template":"","format":"standard","meta":{"_acf_changed":false,"footnotes":""},"categories":[1169,1217,1192,143],"tags":[],"class_list":["post-84666","post","type-post","status-publish","format-standard","has-post-thumbnail","hentry","category-juventud-ca","category-dana-ca","category-familia-e-infancia-ca","category-fiestas-y-tradiciones"],"acf":[],"_links":{"self":[{"href":"https:\/\/infotorrent.es\/ca\/wp-json\/wp\/v2\/posts\/84666","targetHints":{"allow":["GET"]}}],"collection":[{"href":"https:\/\/infotorrent.es\/ca\/wp-json\/wp\/v2\/posts"}],"about":[{"href":"https:\/\/infotorrent.es\/ca\/wp-json\/wp\/v2\/types\/post"}],"author":[{"embeddable":true,"href":"https:\/\/infotorrent.es\/ca\/wp-json\/wp\/v2\/users\/20"}],"replies":[{"embeddable":true,"href":"https:\/\/infotorrent.es\/ca\/wp-json\/wp\/v2\/comments?post=84666"}],"version-history":[{"count":1,"href":"https:\/\/infotorrent.es\/ca\/wp-json\/wp\/v2\/posts\/84666\/revisions"}],"predecessor-version":[{"id":84674,"href":"https:\/\/infotorrent.es\/ca\/wp-json\/wp\/v2\/posts\/84666\/revisions\/84674"}],"wp:featuredmedia":[{"embeddable":true,"href":"https:\/\/infotorrent.es\/ca\/wp-json\/wp\/v2\/media\/84673"}],"wp:attachment":[{"href":"https:\/\/infotorrent.es\/ca\/wp-json\/wp\/v2\/media?parent=84666"}],"wp:term":[{"taxonomy":"category","embeddable":true,"href":"https:\/\/infotorrent.es\/ca\/wp-json\/wp\/v2\/categories?post=84666"},{"taxonomy":"post_tag","embeddable":true,"href":"https:\/\/infotorrent.es\/ca\/wp-json\/wp\/v2\/tags?post=84666"}],"curies":[{"name":"wp","href":"https:\/\/api.w.org\/{rel}","templated":true}]}}