{"id":8461,"date":"2017-02-22T09:00:39","date_gmt":"2017-02-22T09:00:39","guid":{"rendered":"https:\/\/infotorrent.es\/uncategorized\/lajuntament-de-torrent-centra-els-seus-esforcos-en-el-foment-de-locupacio\/"},"modified":"2017-02-22T09:00:39","modified_gmt":"2017-02-22T09:00:39","slug":"lajuntament-de-torrent-centra-els-seus-esforcos-en-el-foment-de-locupacio","status":"publish","type":"post","link":"https:\/\/infotorrent.es\/ca\/noticies\/lajuntament-de-torrent-centra-els-seus-esforcos-en-el-foment-de-locupacio\/","title":{"rendered":"L\u2019Ajuntament de Torrent centra els seus esfor\u00e7os en el foment de l\u2019ocupaci\u00f3"},"content":{"rendered":"<p style=\"text-align: center;\">\n<strong>El consistori ha creat 118 llocs de treball durant l\u2019any passat mitjan\u00e7ant diferents programes\u00a0\u00a0\u00a0\u00a0\u00a0\u00a0\u00a0\u00a0 \u00a0<\/strong><\/p>\n<p style=\"text-align: justify;\">\n<p>L\u2019Ajuntament de Torrent, gr\u00e0cies a les iniciatives que ha posat en marxa \u00a0durant el 2016, amb la finalitat d\u2019aconseguir incrementar la taxa d\u2019ocupaci\u00f3 a la nostra ciutat, ha proporcionat 118 llocs de treball durant l\u2019any passat mitjan\u00e7ant diferents programes convocats per l\u2019administraci\u00f3 estatal o auton\u00f2mica, aix\u00ed com programes pr\u00f2piament municipals.<\/p>\n<p>Des de juliol fins a setembre es van incorporar 52 peons agr\u00edcoles i 12 capatassos gr\u00e0cies al programa del\u00a0SEPE de zones rurals deprimides. Els treballadors dugueren a terme tasques per a la prevenci\u00f3 d\u2019incendis tant en el\u00a0Vedat com en els barrancs de Torrent.<\/p>\n<p>A trav\u00e9s de les borses de treball d\u2019ocupaci\u00f3 social creades per l&#8217;Ajuntament, s&#8217;han contractat un total de 40 persones a fi de cobrir llocs de peons, pintors i oficials agr\u00edcoles, amb la tasca de treballar en la millora d\u2019equipament i de la via p\u00fablica.<\/p>\n<p>D\u2019altra banda, els programes d\u2019iniciativa social convocats pel\u00a0Servef han perm\u00e9s que l&#8217;Ajuntament haja contractat deu persones per tal de cobrir llocs d\u2019administratius i enginyers que reforcen el treball dels departaments de Mobilitat, Contractaci\u00f3, l\u2019Oficina Pressupost\u00e0ria i Comptabilitat. Tamb\u00e9 a trav\u00e9s d\u2019estos programes, IDEA\u2019T ha incorporat dos orientadors laborals per a l\u2019atenci\u00f3 de persones en situaci\u00f3 de desocupaci\u00f3 de llarga durada i dos administratives per a refor\u00e7ar l\u2019activitat de l\u2019Ag\u00e8ncia d\u2019ocupaci\u00f3 i intermediaci\u00f3 laboral. L\u2019empresa p\u00fablica va tramitar en 2016 un total de 257 ofertes d\u2019ocupaci\u00f3.<\/p>\n<p>El major nombre d\u2019ofertes provenen dels sectors de l\u2019hostaleria, el comer\u00e7 i la ind\u00fastria\u00a0manufacturera, ja que els perfils m\u00e9s sol\u00b7licitats s\u00f3n els de cambrer, dependents, mossos de magatzem i administratius. IDEA\u2019T va registrar la inserci\u00f3 de 600 usuaris dels seus diferents serveis, que havien aconseguit un lloc de treball b\u00e9 a trav\u00e9s d\u2019ofertes tramitades directament per l&#8217;empresa municipal, b\u00e9 per compte seu gr\u00e0cies a les diferents accions de formaci\u00f3 i orientaci\u00f3 organitzades per IDEA\u2019T que incrementen l\u2019ocupabilitat.<\/p>\n<p>El regidor de Gesti\u00f3 de Recursos, Andr\u00e9s Campos, ha destacat que \u201cl&#8217;ocupaci\u00f3 est\u00e0 entre les prioritats de l\u2019equip de govern. Per este motiu, durant 2017 continuarem ampliant els programes de foment de l\u2019ocupaci\u00f3 que afavorisquen l\u2019activitat laboral i econ\u00f2mica en la nostra ciutat\u201d. En este aspecte, 2017 tamb\u00e9 ha comen\u00e7at amb bones perspectives, ja que el Pla d&#8217;Ocupaci\u00f3 de la Diputaci\u00f3 de Val\u00e8ncia ha afavorit que el consistori haja incorporat al febrer sis capatassos agr\u00edcoles i tres oficials de pintor. S\u2019espera que almenys durant l\u2019any es repetisquen les mateixes convocat\u00f2ries que en 2016 i aix\u00ed puguen incorporar-se m\u00e9s persones al mercat laboral.<\/p>\n<p>A m\u00e9s, la borsa d&#8217;ocupaci\u00f3 social rotativa, iniciada per primera vegada l\u2019any passat, continuar\u00e0 al llarg d\u2019este curs, amb incorporacions peri\u00f2diques de persones aturades i en risc d\u2019exclusi\u00f3 social.<\/p>\n","protected":false},"excerpt":{"rendered":"<p>El consistori ha creat 118 llocs de treball durant l\u2019any passat mitjan\u00e7ant diferents programes\u00a0\u00a0\u00a0\u00a0\u00a0\u00a0\u00a0\u00a0 \u00a0 L\u2019Ajuntament de Torrent, gr\u00e0cies a les iniciatives que ha posat en marxa \u00a0durant el 2016, amb la finalitat d\u2019aconseguir incrementar la taxa d\u2019ocupaci\u00f3 a la nostra ciutat, ha proporcionat 118 llocs de treball durant l\u2019any passat mitjan\u00e7ant diferents programes convocats [&hellip;]<\/p>\n","protected":false},"author":13,"featured_media":1137,"comment_status":"open","ping_status":"open","sticky":false,"template":"","format":"standard","meta":{"_acf_changed":false,"footnotes":""},"categories":[120,116],"tags":[],"class_list":["post-8461","post","type-post","status-publish","format-standard","has-post-thumbnail","hentry","category-economia","category-noticies"],"acf":[],"_links":{"self":[{"href":"https:\/\/infotorrent.es\/ca\/wp-json\/wp\/v2\/posts\/8461","targetHints":{"allow":["GET"]}}],"collection":[{"href":"https:\/\/infotorrent.es\/ca\/wp-json\/wp\/v2\/posts"}],"about":[{"href":"https:\/\/infotorrent.es\/ca\/wp-json\/wp\/v2\/types\/post"}],"author":[{"embeddable":true,"href":"https:\/\/infotorrent.es\/ca\/wp-json\/wp\/v2\/users\/13"}],"replies":[{"embeddable":true,"href":"https:\/\/infotorrent.es\/ca\/wp-json\/wp\/v2\/comments?post=8461"}],"version-history":[{"count":0,"href":"https:\/\/infotorrent.es\/ca\/wp-json\/wp\/v2\/posts\/8461\/revisions"}],"wp:featuredmedia":[{"embeddable":true,"href":"https:\/\/infotorrent.es\/ca\/wp-json\/wp\/v2\/media\/1137"}],"wp:attachment":[{"href":"https:\/\/infotorrent.es\/ca\/wp-json\/wp\/v2\/media?parent=8461"}],"wp:term":[{"taxonomy":"category","embeddable":true,"href":"https:\/\/infotorrent.es\/ca\/wp-json\/wp\/v2\/categories?post=8461"},{"taxonomy":"post_tag","embeddable":true,"href":"https:\/\/infotorrent.es\/ca\/wp-json\/wp\/v2\/tags?post=8461"}],"curies":[{"name":"wp","href":"https:\/\/api.w.org\/{rel}","templated":true}]}}