{"id":8451,"date":"2017-02-17T07:59:23","date_gmt":"2017-02-17T07:59:23","guid":{"rendered":"https:\/\/infotorrent.es\/uncategorized\/memoria-viva-de-torrent-se-da-a-conocer-en-toda-la-ciudad\/"},"modified":"2017-02-17T07:59:23","modified_gmt":"2017-02-17T07:59:23","slug":"memoria-viva-de-torrent-se-da-a-conocer-en-toda-la-ciudad","status":"publish","type":"post","link":"https:\/\/infotorrent.es\/ca\/noticies\/memoria-viva-de-torrent-se-da-a-conocer-en-toda-la-ciudad\/","title":{"rendered":"Mem\u00f2ria viva de Torrent es d\u00f3na a con\u00e9ixer en tota la ciutat"},"content":{"rendered":"<p style=\"text-align: justify;\">La vesprada de dimecres es va presentar en el centre de majors Bellido el llibre Mem\u00f2ria viva de Torrent, una obra que va publicar l\u2019Oficina de Promoci\u00f3 i \u00das del Valenci\u00e0 i es present\u00e0 el passat mes de desembre en la localitat i que ara s\u2019est\u00e0 presentant pels diferents centres de majors de Torrent. La regidora d&#8217;Educaci\u00f3 i Dinamitzaci\u00f3 Ling\u00fc\u00edstica, Patricia S\u00e1ez, i la regidora de Desenvolupament Sostenible, Inma Amat, van acompanyar els protagonistes d\u2019este llibre, resum d\u2019hist\u00f2ries i viv\u00e8ncies de les persones que, durant 30 anys, han format part del teixit social de la ciutat i han treballat i han fet possible l\u2019evoluci\u00f3 de Torrent. Dos dels tres autors, Joan G\u00f3mez, Vicent Alabajos i Vicent Font, van acudir a esta cita on es va donar a con\u00e9ixer l\u2019obra a tots els presents. En l\u2019acte de presentaci\u00f3, es va guardar un minut de silenci en mem\u00f2ria de Manuel Chust, un dels protagonistes del llibre que va faltar fa un parell de setmanes.<\/p>\n","protected":false},"excerpt":{"rendered":"<p>La vesprada de dimecres es va presentar en el centre de majors Bellido el llibre Mem\u00f2ria viva de Torrent, una obra que va publicar l\u2019Oficina de Promoci\u00f3 i \u00das del Valenci\u00e0 i es present\u00e0 el passat mes de desembre en la localitat i que ara s\u2019est\u00e0 presentant pels diferents centres de majors de Torrent. La [&hellip;]<\/p>\n","protected":false},"author":4,"featured_media":1137,"comment_status":"open","ping_status":"open","sticky":false,"template":"","format":"standard","meta":{"_acf_changed":false,"footnotes":""},"categories":[117,116],"tags":[],"class_list":["post-8451","post","type-post","status-publish","format-standard","has-post-thumbnail","hentry","category-cultura","category-noticies"],"acf":[],"_links":{"self":[{"href":"https:\/\/infotorrent.es\/ca\/wp-json\/wp\/v2\/posts\/8451","targetHints":{"allow":["GET"]}}],"collection":[{"href":"https:\/\/infotorrent.es\/ca\/wp-json\/wp\/v2\/posts"}],"about":[{"href":"https:\/\/infotorrent.es\/ca\/wp-json\/wp\/v2\/types\/post"}],"author":[{"embeddable":true,"href":"https:\/\/infotorrent.es\/ca\/wp-json\/wp\/v2\/users\/4"}],"replies":[{"embeddable":true,"href":"https:\/\/infotorrent.es\/ca\/wp-json\/wp\/v2\/comments?post=8451"}],"version-history":[{"count":0,"href":"https:\/\/infotorrent.es\/ca\/wp-json\/wp\/v2\/posts\/8451\/revisions"}],"wp:featuredmedia":[{"embeddable":true,"href":"https:\/\/infotorrent.es\/ca\/wp-json\/wp\/v2\/media\/1137"}],"wp:attachment":[{"href":"https:\/\/infotorrent.es\/ca\/wp-json\/wp\/v2\/media?parent=8451"}],"wp:term":[{"taxonomy":"category","embeddable":true,"href":"https:\/\/infotorrent.es\/ca\/wp-json\/wp\/v2\/categories?post=8451"},{"taxonomy":"post_tag","embeddable":true,"href":"https:\/\/infotorrent.es\/ca\/wp-json\/wp\/v2\/tags?post=8451"}],"curies":[{"name":"wp","href":"https:\/\/api.w.org\/{rel}","templated":true}]}}