{"id":8447,"date":"2017-02-16T08:15:09","date_gmt":"2017-02-16T08:15:09","guid":{"rendered":"https:\/\/infotorrent.es\/uncategorized\/els-amics-dels-castells-visiten-la-torre-per-a-coneixer-la-historia-de-torrent\/"},"modified":"2017-02-16T08:15:09","modified_gmt":"2017-02-16T08:15:09","slug":"els-amics-dels-castells-visiten-la-torre-per-a-coneixer-la-historia-de-torrent","status":"publish","type":"post","link":"https:\/\/infotorrent.es\/ca\/noticies\/els-amics-dels-castells-visiten-la-torre-per-a-coneixer-la-historia-de-torrent\/","title":{"rendered":"Els Amics dels Castells visiten la Torre per a con\u00e9ixer la hist\u00f2ria de Torrent"},"content":{"rendered":"<p style=\"text-align: justify;\">Dissabte, l\u2019associaci\u00f3 Amics dels Castells de Val\u00e8ncia va fer una visita a la Torre per a con\u00e9ixer este monument emblem\u00e0tic. Els components del grup van ser obsequiats amb el c\u00f2mic de la hist\u00f2ria de la Torre per tal que, amb l\u2019ajuda del ratol\u00ed Godofred i la seua banda, coneguen amb m\u00e9s detall la hist\u00f2ria de la Torre i la ciutat en l&#8217;Edat del Bronze i en l\u2019\u00e8poca ib\u00e8rica, l\u2019\u00e8poca romana i tardoantiga, l\u2019\u00e8poca andalusina, l\u2019\u00e8poca medieval i cristiana, l\u2019\u00e8poca moderna i l\u2019\u00e8poca contempor\u00e0nia. En acabar la visita es van dirigir al Museu Comarcal on, a trav\u00e9s de l\u2019exposici\u00f3 permanent, van poder con\u00e9ixer la forma de vida d\u2019una fam\u00edlia de llauradors de la comarca durant la primera d\u00e8cada del segle XX.<\/p>\n","protected":false},"excerpt":{"rendered":"<p>Dissabte, l\u2019associaci\u00f3 Amics dels Castells de Val\u00e8ncia va fer una visita a la Torre per a con\u00e9ixer este monument emblem\u00e0tic. Els components del grup van ser obsequiats amb el c\u00f2mic de la hist\u00f2ria de la Torre per tal que, amb l\u2019ajuda del ratol\u00ed Godofred i la seua banda, coneguen amb m\u00e9s detall la hist\u00f2ria de [&hellip;]<\/p>\n","protected":false},"author":13,"featured_media":1137,"comment_status":"open","ping_status":"open","sticky":false,"template":"","format":"standard","meta":{"_acf_changed":false,"footnotes":""},"categories":[117,116],"tags":[],"class_list":["post-8447","post","type-post","status-publish","format-standard","has-post-thumbnail","hentry","category-cultura","category-noticies"],"acf":[],"_links":{"self":[{"href":"https:\/\/infotorrent.es\/ca\/wp-json\/wp\/v2\/posts\/8447","targetHints":{"allow":["GET"]}}],"collection":[{"href":"https:\/\/infotorrent.es\/ca\/wp-json\/wp\/v2\/posts"}],"about":[{"href":"https:\/\/infotorrent.es\/ca\/wp-json\/wp\/v2\/types\/post"}],"author":[{"embeddable":true,"href":"https:\/\/infotorrent.es\/ca\/wp-json\/wp\/v2\/users\/13"}],"replies":[{"embeddable":true,"href":"https:\/\/infotorrent.es\/ca\/wp-json\/wp\/v2\/comments?post=8447"}],"version-history":[{"count":0,"href":"https:\/\/infotorrent.es\/ca\/wp-json\/wp\/v2\/posts\/8447\/revisions"}],"wp:featuredmedia":[{"embeddable":true,"href":"https:\/\/infotorrent.es\/ca\/wp-json\/wp\/v2\/media\/1137"}],"wp:attachment":[{"href":"https:\/\/infotorrent.es\/ca\/wp-json\/wp\/v2\/media?parent=8447"}],"wp:term":[{"taxonomy":"category","embeddable":true,"href":"https:\/\/infotorrent.es\/ca\/wp-json\/wp\/v2\/categories?post=8447"},{"taxonomy":"post_tag","embeddable":true,"href":"https:\/\/infotorrent.es\/ca\/wp-json\/wp\/v2\/tags?post=8447"}],"curies":[{"name":"wp","href":"https:\/\/api.w.org\/{rel}","templated":true}]}}