{"id":8431,"date":"2017-02-13T10:41:43","date_gmt":"2017-02-13T10:41:43","guid":{"rendered":"https:\/\/infotorrent.es\/uncategorized\/torrent-fomenta-la-insercio-laboral-a-traves-duna-llancadora-docupacio\/"},"modified":"2017-02-13T10:41:43","modified_gmt":"2017-02-13T10:41:43","slug":"torrent-fomenta-la-insercio-laboral-a-traves-duna-llancadora-docupacio","status":"publish","type":"post","link":"https:\/\/infotorrent.es\/ca\/noticies\/torrent-fomenta-la-insercio-laboral-a-traves-duna-llancadora-docupacio\/","title":{"rendered":"Torrent fomenta la inserci\u00f3 laboral a trav\u00e9s d\u2019una llan\u00e7adora d\u2019ocupaci\u00f3"},"content":{"rendered":"<p style=\"text-align: center;\"><strong>Fundaci\u00f3 Santa Maria la Real, Fundaci\u00f3 Telef\u00f2nica i l&#8217;Ajuntament de Torrent, a trav\u00e9s de l\u2019empresa municipal IDEA\u2019T, col\u00b7laboren per tal d\u2019implantar al mar\u00e7 en la ciutat un programa pioner de foment de l&#8217;ocupaci\u00f3 amb el cofinan\u00e7ament del Fons Social Europeu, dins del programa operatiu POISES<\/strong><\/p>\n<p style=\"text-align: justify;\">La I Llan\u00e7adora d&#8217;Ocupaci\u00f3 de Torrent comen\u00e7ar\u00e0 a funcionar a la fi de mar\u00e7 i servir\u00e0 per a ajudar 20 persones aturades a entrenar una nova recerca de treball en equip i comptar amb noves possibilitats d\u2019inserci\u00f3 laboral. A este efecte, comptaran amb l\u2019ajuda i orientaci\u00f3 d\u2019un t\u00e8cnic, que els facilitar\u00e0 noves eines de cerca i els guiar\u00e0 per refor\u00e7ar les seues compet\u00e8ncies i millorar l\u2019ocupabilitat.<\/p>\n<p style=\"text-align: justify;\">La llan\u00e7adora tindr\u00e0 vint places: quinze estaran destinades a j\u00f3vens menors de 35 anys; i les altres cinc podran ser per a persones majors d\u2019edat fins als 59 anys. Tots hauran d\u2019estar en l\u2019atur i inscrits com a demandants d\u2019ocupaci\u00f3 en el Servei P\u00fablic d&#8217;Ocupaci\u00f3.<\/p>\n<p style=\"text-align: justify;\">Al marge d\u2019estos requisits, no es busca un perfil formatiu concret, sin\u00f3 que hi podran participar persones amb estudis b\u00e0sics; que procedisquen de formaci\u00f3 professional o batxillerat, aix\u00ed com amb diplomatures o llicenciatures universit\u00e0ries. De la mateixa manera, no se sol\u00b7licita un sector laboral determinat; sin\u00f3 que la participaci\u00f3 est\u00e0 oberta a persones amb traject\u00f2ries diverses, d\u2019\u00e0rees laborals diferents, amb experi\u00e8ncia o sense experi\u00e8ncia; o amb especials dificultats d\u2019acc\u00e9s al mercat laboral. \u00a0\u201cLa llan\u00e7adora estar\u00e0 integrada per un equip molt heterogeni, amb la idea que no competisquen entre ells per a buscar ofertes, sin\u00f3 que col\u00b7laboren i s\u2019ajuden m\u00fatuament. L\u2019equip \u00e9s fonamental per a superar la solitud de l\u2019atur, recuperar la motivaci\u00f3 i emprendre una recerca de treball m\u00e9s activa, professional i efectiva\u201d, explica el regidor de Gesti\u00f3 de Recursos i Modernitzaci\u00f3, Andr\u00e9s Campos.<\/p>\n<p style=\"text-align: justify;\">La Fundaci\u00f3 Santa Maria la Real, \u00e9s l\u2019entitat que d\u00e8cades arrere va crear les Escoles Taller i que des del 2013 desenvolupa el programa Llan\u00e7adores d&#8217;Ocupaci\u00f3 per tot el pa\u00eds, amb una mitjana d\u2019inserci\u00f3 laboral que en l\u2019actualitat est\u00e0 prop del 50 %.<\/p>\n<p style=\"text-align: justify;\"><strong>Desenvolupament del programa<\/strong><br \/>\nLes vint persones seleccionades s\u2019hauran de reunir diversos dies a la setmana en locals cedits per l&#8217;Ajuntament. Duran a terme sessions d\u2019entrenament i intel\u00b7lig\u00e8ncia emocional, din\u00e0miques de comunicaci\u00f3, marca personal i recerca d\u2019ocupaci\u00f3 2.0; entrenament d\u2019entrevistes personals; elaboraci\u00f3 de mapes d\u2019ocupabilitat, visites a empreses, reunions amb emprenedors i processos d\u2019intermediaci\u00f3 laboral amb responsables de Recursos Humans.<\/p>\n<p style=\"text-align: justify;\"><strong>Inscripcions<\/strong><br \/>\nLes persones interessades a participar-hi tenen fins al 9 de mar\u00e7 per a inscriure\u2019s en el programa a trav\u00e9s de la web de Llan\u00e7adores (http:\/\/www.lanzaderasdeempleo.es\/formulario-de-inscripcion), o en format presencial sol\u00b7licitant i presentant el formulari en les depend\u00e8ncies de l&#8217;Ag\u00e8ncia de Col\u00b7locaci\u00f3 Idea\u2019t (carrer de Val\u00e8ncia, 42), en horari de 9.00 a 14.00 hores. Tamb\u00e9 podran sol\u00b7licitar informaci\u00f3 addicional en el tel\u00e8fon 96 111 18 68.<\/p>\n<p style=\"text-align: justify;\"><strong>Bons resultats<\/strong><br \/>\nEsta llan\u00e7adora, aix\u00ed com les que es duran a terme tamb\u00e9 a Val\u00e8ncia, Alacant, Elx, Castell\u00f3 i Vila-real, forma part de les 140 que la Fundaci\u00f3 Santa Maria la Real, Fundaci\u00f3 Telef\u00f2nica i el Fons Social Europeu posaran en marxa enguany per tot el pa\u00eds. L\u2019experi\u00e8ncia de les llan\u00e7adores desenvolupades en anys anteriors i el recorregut realitzat han demostrat que este projecte contribu\u00efx de manera significativa a millorar les oportunitats reals de les persones aturades en el seu acc\u00e9s al m\u00f3n laboral\u201d, expliquen des de Fundaci\u00f3 Telef\u00f2nica.<\/p>\n","protected":false},"excerpt":{"rendered":"<p>Fundaci\u00f3 Santa Maria la Real, Fundaci\u00f3 Telef\u00f2nica i l&#8217;Ajuntament de Torrent, a trav\u00e9s de l\u2019empresa municipal IDEA\u2019T, col\u00b7laboren per tal d\u2019implantar al mar\u00e7 en la ciutat un programa pioner de foment de l&#8217;ocupaci\u00f3 amb el cofinan\u00e7ament del Fons Social Europeu, dins del programa operatiu POISES La I Llan\u00e7adora d&#8217;Ocupaci\u00f3 de Torrent comen\u00e7ar\u00e0 a funcionar a [&hellip;]<\/p>\n","protected":false},"author":13,"featured_media":1137,"comment_status":"open","ping_status":"open","sticky":false,"template":"","format":"standard","meta":{"_acf_changed":false,"footnotes":""},"categories":[120,116],"tags":[],"class_list":["post-8431","post","type-post","status-publish","format-standard","has-post-thumbnail","hentry","category-economia","category-noticies"],"acf":[],"_links":{"self":[{"href":"https:\/\/infotorrent.es\/ca\/wp-json\/wp\/v2\/posts\/8431","targetHints":{"allow":["GET"]}}],"collection":[{"href":"https:\/\/infotorrent.es\/ca\/wp-json\/wp\/v2\/posts"}],"about":[{"href":"https:\/\/infotorrent.es\/ca\/wp-json\/wp\/v2\/types\/post"}],"author":[{"embeddable":true,"href":"https:\/\/infotorrent.es\/ca\/wp-json\/wp\/v2\/users\/13"}],"replies":[{"embeddable":true,"href":"https:\/\/infotorrent.es\/ca\/wp-json\/wp\/v2\/comments?post=8431"}],"version-history":[{"count":0,"href":"https:\/\/infotorrent.es\/ca\/wp-json\/wp\/v2\/posts\/8431\/revisions"}],"wp:featuredmedia":[{"embeddable":true,"href":"https:\/\/infotorrent.es\/ca\/wp-json\/wp\/v2\/media\/1137"}],"wp:attachment":[{"href":"https:\/\/infotorrent.es\/ca\/wp-json\/wp\/v2\/media?parent=8431"}],"wp:term":[{"taxonomy":"category","embeddable":true,"href":"https:\/\/infotorrent.es\/ca\/wp-json\/wp\/v2\/categories?post=8431"},{"taxonomy":"post_tag","embeddable":true,"href":"https:\/\/infotorrent.es\/ca\/wp-json\/wp\/v2\/tags?post=8431"}],"curies":[{"name":"wp","href":"https:\/\/api.w.org\/{rel}","templated":true}]}}