{"id":84231,"date":"2025-07-28T12:32:57","date_gmt":"2025-07-28T10:32:57","guid":{"rendered":"https:\/\/infotorrent.es\/?p=84231"},"modified":"2025-07-28T12:34:13","modified_gmt":"2025-07-28T10:34:13","slug":"el-ple-de-torrent-aprova-per-unanimitat-una-bateria-dinversions-clau-per-a-la-ciutat-per-un-import-de-quasi-3-milions-deuros","status":"publish","type":"post","link":"https:\/\/infotorrent.es\/ca\/alcaldia-2\/el-ple-de-torrent-aprova-per-unanimitat-una-bateria-dinversions-clau-per-a-la-ciutat-per-un-import-de-quasi-3-milions-deuros\/","title":{"rendered":"El Ple de Torrent aprova, per unanimitat, una bateria d&#8217;inversions clau per a la ciutat per un import de quasi 3 milions d&#8217;euros"},"content":{"rendered":"\n<p><strong>I al seu torn s&#8217;aprova l&#8217;amortitzaci\u00f3 anticipada de deute per 6,9 milions d&#8217;euros rebaixant el deute de l&#8217;ajuntament un 22%, gr\u00e0cies a una gesti\u00f3 i planificaci\u00f3 rigorosa del romanent de Tresoreria, despr\u00e9s de la liquidaci\u00f3 del pressupost de 2024<\/strong><\/p>\n\n\n\n<p><strong>La injecci\u00f3 econ\u00f2mica ha comptat amb el vot favorable de PP, VOX, PSOE, COMPROM\u00cdS i representant del grup de no adscrits<\/strong><\/p>\n\n\n\n<p><strong>\u2022 S&#8217;injecta m\u00e9s de 1,8 milions d&#8217;euros, a trav\u00e9s d&#8217;Inversions Financeres sostenibles, en millores laborals dels treballadors municipals, refor\u00e7 del comer\u00e7 local, renovaci\u00f3 d&#8217;instal\u00b7lacions esportives, programaci\u00f3 cultural i festes i ambientaci\u00f3 urbana, entre altres.<\/strong><\/p>\n\n\n\n<p><strong>\u2022 Es destina 1 mili\u00f3 d&#8217;euros a infraestructures contra inundacions, reconstrucci\u00f3 d&#8217;instal\u00b7lacions p\u00fabliques esportives i creaci\u00f3 empre per a recuperaci\u00f3 despr\u00e9s de la Dana, ocupaci\u00f3 per a recuperaci\u00f3 despr\u00e9s de la Dana.<\/strong><\/p>\n\n\n\n<p>L&#8217;Ajuntament de Torrent ha celebrat un ple extraordinari, en el qual s&#8217;ha aprovat una amortitzaci\u00f3 de deute i dos modificacions pressupost\u00e0ries per a injectar diners destinats inversions, que permetran refor\u00e7ar \u00e0rees estrat\u00e8giques de la ciutat, anticipar-se als terminis administratius i donar compliment a compromisos esportius, socials, urban\u00edstics, laborals i judicials. Estes noves inversions per a la ciutat, promogudes per l&#8217;equip de govern i aprovada pr\u00e8viament per la Junta de Govern Local, han sigut aprovades, per unanimitat, pels vots favorables dels grups municipals del Partit Popular, VOX, Partit Socialista, Comprom\u00eds i el representant del grup de no adscrits.<\/p>\n\n\n\n<p><strong>L&#8217;Ajuntament redu\u00efx un 22% el seu deute amb una operaci\u00f3 anticipada finan\u00e7ada amb el super\u00e0vit de 2024<\/strong><\/p>\n\n\n\n<p>L&#8217;Ajuntament de Torrent ha aprovat una amortitzaci\u00f3 anticipada de deute per valor de 6,9 milions d&#8217;euros, finan\u00e7ada \u00edntegrament amb el romanent de tresoreria de l&#8217;exercici 2024. Esta operaci\u00f3, que permet reduir el deute municipal en un 22%, s&#8217;emmarca en una estrat\u00e8gia de gesti\u00f3 econ\u00f2mica responsable, complint amb la Llei d&#8217;Estabilitat Pressupost\u00e0ria i evitant aix\u00ed l&#8217;augment de l&#8217;endeutament net. El consistori ha prioritzat la devoluci\u00f3 dels tres pr\u00e9stecs m\u00e9s recents, maximitzant l&#8217;estalvi en interessos i refor\u00e7ant la sostenibilitat de les finances municipals sense comprometre servicis ni inversions previstes.<\/p>\n\n\n\n<p>L&#8217;\u00fas del super\u00e0vit consolidat ha perm\u00e9s afrontar esta mesura sense afectar altres partides pressupost\u00e0ries, alliberant recursos a mitj\u00e0 i llarg termini per a destinar-los a les prioritats municipals. Amb esta acci\u00f3, es garantix una major fortalesa financera i s&#8217;establixen les bases per a una gesti\u00f3 moderna i menys dependent, millorant la capacitat de resposta del consistori i preserva el patrimoni econ\u00f2mic de tots els torrentinos.<\/p>\n\n\n\n<p><strong>Modificacions de cr\u00e8dit<\/strong><\/p>\n\n\n\n<p>L&#8217;Ajuntament de Torrent, despr\u00e9s de la Liquidaci\u00f3 del pressupost de 2024, efectuada a l&#8217;abril, disposa d&#8217;un dels recursos previstos en la legislaci\u00f3 d&#8217;hisendes locals per al finan\u00e7ament d&#8217;estes modificacions pressupost\u00e0ries, com \u00e9s el Romanent de Tresoreria per a Gastos Generals (RTGG) i les Inversions Financeres sostenibles (IFS)<\/p>\n\n\n\n<p>Estes propostes, reflectixen la capacitat de reacci\u00f3 i la planificaci\u00f3 rigorosa de l&#8217;equip de govern, i permet continuar avan\u00e7ant en la recuperaci\u00f3 post-Dana, el desenrotllament econ\u00f2mic local, la millora dels servicis p\u00fablics i la dignificaci\u00f3 de la funci\u00f3 p\u00fablica. Amb una inversi\u00f3 global de quasi 3 milions d&#8217;euros, la sessi\u00f3 extraordin\u00e0ria es convertix en un exemple d&#8217;anticipaci\u00f3, efic\u00e0cia t\u00e8cnica i comprom\u00eds amb les necessitats reals de la ciutadania.<\/p>\n\n\n\n<p><strong>Comprom\u00eds amb els treballadors i compliment de sent\u00e8ncies<\/strong><\/p>\n\n\n\n<p>Un dels acords m\u00e9s rellevants ha sigut l&#8217;aprovaci\u00f3 de la modificaci\u00f3 pressupost\u00e0ria necess\u00e0ria per a posar en marxa la implantaci\u00f3 del sistema de carrera professional horitzontal a l&#8217;Ajuntament de Torrent. Esta mesura permetr\u00e0 recon\u00e9ixer el desenrotllament i la traject\u00f2ria professional del personal municipal, donant compliment a una sent\u00e8ncia del Jutjat Contenci\u00f3s Administratiu n\u00fam. 15 de Val\u00e8ncia, i suposa un pas avant en la millora de les condicions laborals i la professionalitzaci\u00f3 de l&#8217;administraci\u00f3 p\u00fablica local.<\/p>\n\n\n\n<p>L&#8217;equip de govern ha demostrat aix\u00ed el seu ferm comprom\u00eds amb els drets laborals del funcionariat municipal, destinant una partida de 400.000 euros per a sufragar la implantaci\u00f3 progressiva d&#8217;este sistema en el segon semestre de 2025. Esta inversi\u00f3 es distribuir\u00e0 entre diferents \u00e0rees municipals, en funci\u00f3 del personal adscrit a cada una d&#8217;elles, com a primer pas d&#8217;un proc\u00e9s que es completar\u00e0 en els exercicis 2026 i 2027.<\/p>\n\n\n\n<p><strong>Suport decidit al comer\u00e7 local: campanya \u201cTargeta +25\u201d<\/strong><\/p>\n\n\n\n<p>En esta Junta de Govern tamb\u00e9 s&#8217;ha aprovat una modificaci\u00f3 pressupost\u00e0ria per a rellan\u00e7ar la campanya \u201cTargeta +25\u201d, una de les iniciatives m\u00e9s exitoses en suport al comer\u00e7 de proximitat. Amb una dotaci\u00f3 econ\u00f2mica de 100.000 euros, esta actuaci\u00f3, gestionada a trav\u00e9s de l&#8217;empresa p\u00fablica IDEA\u2019T, busca incentivar el consum en establiments de Torrent, beneficiant tant a consumidors com a comerciants locals.<\/p>\n\n\n\n<p>Gr\u00e0cies a esta campanya, en edicions anteriors es va aconseguir dinamitzar de manera notable l&#8217;economia local, generant un retorn econ\u00f2mic directe en els negocis de la ciutat. La nova edici\u00f3, prevista per a l&#8217;\u00faltim trimestre de l&#8217;any, permetr\u00e0 repetir este \u00e8xit i consolidar Torrent com a referent en pol\u00edtiques actives d&#8217;impuls comercial.<\/p>\n\n\n\n<p><strong>Inversions en instal\u00b7lacions i millores en infraestructures esportives<\/strong><\/p>\n\n\n\n<p>La Junta tamb\u00e9 ha acordat destinar noves inversions per a millorar infraestructures esportives i espais p\u00fablics. Destaquen els 150.000 euros que s&#8217;invertiran en la il\u00b7luminaci\u00f3 del camp de futbol de Sant Gregori, una actuaci\u00f3 que millorar\u00e0 l&#8217;efici\u00e8ncia energ\u00e8tica i les condicions d&#8217;\u00fas del recinte tant per a esportistes com per a espectadors.<\/p>\n\n\n\n<p>Igualment, s&#8217;ha previst una inversi\u00f3 de 65.000 euros per a l&#8217;adquisici\u00f3 d&#8217;un deshumectador per a la piscina municipal de La Cotxera, la qual cosa permetr\u00e0 millorar les condicions ambientals del recinte i el seu manteniment t\u00e8cnic.<\/p>\n\n\n\n<p><strong>Cultura, festes i projecci\u00f3 de ciutat<\/strong><\/p>\n\n\n\n<p>La cultura i les tradicions locals tamb\u00e9 han sigut protagonistes en esta sessi\u00f3. El consistori ha donat llum verda a la dotaci\u00f3 pressupost\u00e0ria per a refor\u00e7ar les activitats culturals vinculades a la festivitat del 9 d\u2019Octubre i la programaci\u00f3 nadalenca, amb una assignaci\u00f3 de 68.000 euros.<\/p>\n\n\n\n<p>Aix\u00ed mateix, s&#8217;ha aprovat una partida de 100.000 euros destinada a prorrogar el contracte adjudicat d&#8217;il\u00b7luminaci\u00f3 de Nadal, amb l&#8217;objectiu de continuar millorant l&#8217;ambientaci\u00f3 i l&#8217;atractiu visual del centre urb\u00e0 i els barris durant la campanya nadalenca. Esta inversi\u00f3 no sols respon a criteris est\u00e8tics, sin\u00f3 tamb\u00e9 econ\u00f2mics, ja que contribu\u00efx a dinamitzar i promocionar el comer\u00e7 i l&#8217;hostaleria locals.<\/p>\n\n\n\n<p>Aix\u00ed mateix, tamb\u00e9 s&#8217;ha aprovat una inversi\u00f3 de 40.000 euros destinada a la Junta Local Fallera, amb l&#8217;objectiu de donar suport a la promoci\u00f3, organitzaci\u00f3 i difusi\u00f3 de les Falles com una de les principals senyes d&#8217;identitat cultural del municipi. Esta dotaci\u00f3 econ\u00f2mica refor\u00e7a el comprom\u00eds del consistori amb el teixit festiu local i contribu\u00efx a mantindre viva una tradici\u00f3 reconeguda com a Patrimoni Immaterial de la Humanitat.<\/p>\n\n\n\n<p><strong>Compliment normatiu i garanties jur\u00eddiques<\/strong><\/p>\n\n\n\n<p>En compliment d&#8217;una resoluci\u00f3 judicial per vulneraci\u00f3 de drets fonamentals, l&#8217;Ajuntament destinar\u00e0 47.000 euros a l&#8217;abonament d&#8217;indemnitzacions a afectats per la sent\u00e8ncia del procediment DFU 222\/2022 (expedient de l&#8217;any 2022). Esta actuaci\u00f3 posa en relleu la voluntat de l&#8217;equip de govern d&#8217;assumir amb responsabilitat les seues obligacions legals, actuant amb rigor jur\u00eddic i transpar\u00e8ncia institucional.<\/p>\n\n\n\n<p>Tamb\u00e9 s&#8217;ha aprovat una dotaci\u00f3 de 30.000 euros, amb la finalitat de garantir la correcta imputaci\u00f3 de gastos en l&#8217;administraci\u00f3 i el tancament comptable de l&#8217;exercici econ\u00f2mic de forma ordenada.<\/p>\n\n\n\n<p>D&#8217;altra banda, la segona injecci\u00f3 econ\u00f2mica, part de les mesures de car\u00e0cter financer previstes en el Reial decret llei 6\/2024, de 5 de novembre on es troben: 1. Inversions realitzades per a reparar els danys conseq\u00fc\u00e8ncia de la Depressi\u00f3 A\u00efllada en Nivells Alts (DANA) que complisquen amb els requisits establits en la disposici\u00f3 addicional sexta de la Llei org\u00e0nica 2\/2012, de 27 d&#8217;abril, d&#8217;Estabilitat Pressupost\u00e0ria i Sostenibilitat Financera, tindran la consideraci\u00f3 d&#8217;inversions financerament sostenibles, per un import total d&#8217;1.857.288.62 \u20ac:<\/p>\n\n\n\n<p><strong>Infraestructura hidr\u00e0ulica per a la prevenci\u00f3 d&#8217;inundacions: nou estany de tempestes en Parc Central<\/strong><\/p>\n\n\n\n<p>Un dels projectes m\u00e9s rellevants aprovats ha sigut la inversi\u00f3 de 450.000 euros per a la construcci\u00f3 d&#8217;un nou tanc de tempestes en Parc Central, una actuaci\u00f3 clau dins del pla de millora del sistema de drenatge urb\u00e0 de Torrent. Esta infraestructura permetr\u00e0 emmagatzemar l&#8217;exc\u00e9s d&#8217;aigua en episodis de fortes pluges, evitant aix\u00ed desbordaments i reduint el risc d&#8217;inundacions en zones residencials i equipaments p\u00fablics.<\/p>\n\n\n\n<p>Esta obra respon al comprom\u00eds de l&#8217;actual equip de govern amb la prevenci\u00f3 de riscos naturals, en un context en el qual s&#8217;estan intensificant fen\u00f2mens meteorol\u00f2gics extrems. Este nou estany de tempestes se suma a les mesures ja adoptades en els \u00faltims mesos, i forma part d&#8217;un pla d&#8217;inversi\u00f3 a llarg termini que refor\u00e7a la capacitat de Torrent per a afrontar amb garanties futures Dana o pluges torrencials.<\/p>\n\n\n\n<p><strong>M\u00e9s ocupaci\u00f3 per a la reconstrucci\u00f3 de Torrent: m\u00e9s de 800.000 euros per al nou Pla Estatal d&#8217;Ocupaci\u00f3 DANA 2025<\/strong><\/p>\n\n\n\n<p>Torrent s&#8217;ha beneficiat amb 1.542.240 euros, a trav\u00e9s del Pla d&#8217;Ocupaci\u00f3 Estatal destinada a pal\u00b7liar els efectes de la DANA, impulsat pel Govern d&#8217;Espanya a trav\u00e9s del Servici P\u00fablic d&#8217;Ocupaci\u00f3 Estatal (SEPE), en el marc del Reial decret 1282\/2024. Per a completar el finan\u00e7ament al Pla, el consistori realitza una aportaci\u00f3 municipal de 807.288,62 euros, amb c\u00e0rrec al romanent de tresoreria, destinada a la contractaci\u00f3 de persones desocupades per a executar obres i servicis de recuperaci\u00f3, rehabilitaci\u00f3 i reconstrucci\u00f3 en les zones del municipi m\u00e9s afectades pel temporal, que es desenrotllar\u00e0 en dos fases de quatre mesos cada una, i que comen\u00e7aran l&#8217;1 d&#8217;agost.<\/p>\n\n\n\n<p>Amb esta actuaci\u00f3, l&#8217;Ajuntament de Torrent refor\u00e7a el seu comprom\u00eds amb la recuperaci\u00f3 del municipi, facilitant a m\u00e9s noves oportunitats laborals a 136 persones desocupades i refor\u00e7ant els servicis municipals. La participaci\u00f3 en este Pla d&#8217;Ocupaci\u00f3 Estatal permetr\u00e0 executar intervencions urgents i indispensables, millorant infraestructures danyades i per a dur a terme tasques de reparaci\u00f3, manteniment, adequaci\u00f3 i neteja d&#8217;espais urbans afectats per la Dana.<\/p>\n\n\n\n<p>Este pla ha sigut dissenyat des de l&#8217;Ajuntament en col\u00b7laboraci\u00f3 amb LABORA i s&#8217;emmarca en les ajudes estatals per a la recuperaci\u00f3 post-cat\u00e0strofe. La seua posada en marxa consolida el comprom\u00eds social del consistori, que no sols ha sabut atraure finan\u00e7ament extern sin\u00f3 tamb\u00e9 mobilitzar-la amb rapidesa, efic\u00e0cia i sentit de la responsabilitat.<\/p>\n\n\n\n<p><strong>Inversi\u00f3 en esport per a totes les edats: nova pista d&#8217;atletisme i adequaci\u00f3 del camp de futbol La Garrofera<\/strong><\/p>\n\n\n\n<p>En l&#8217;\u00e0mbit esportiu, s&#8217;han aprovat dos actuacions que permetran modernitzar i millorar les instal\u00b7lacions municipals, amb una inversi\u00f3 total de 600.000 euros.<\/p>\n\n\n\n<p>D&#8217;una banda, s&#8217;ha donat el vistiplau a la creaci\u00f3 d&#8217;una nova pista d&#8217;atletisme en Parc Central, amb una dotaci\u00f3 de 250.000 euros que se suma a la donaci\u00f3 rebuda per part de la Societat Correcaminos SD (Marat\u00f3 Val\u00e8ncia Trinidad Alfonso Zurich 2024) i completa la inversi\u00f3 necess\u00e0ria per a la recuperaci\u00f3 de les esmentades pistes, la qual cosa permetr\u00e0 la recuperaci\u00f3 de la instal\u00b7laci\u00f3 i retornar a entrenament i la pr\u00e0ctica d&#8217;atletisme tant a clubs com a centres educatius i persones aficionades.<\/p>\n\n\n\n<p>D&#8217;altra banda, s&#8217;invertir\u00e0 350.000 euros en l&#8217;adequaci\u00f3 del camp de futbol de La Garrofera, una instal\u00b7laci\u00f3 molt utilitzada per j\u00f3vens i escoles esportives que, amb esta reforma, veur\u00e0 millorades les seues condicions d&#8217;\u00fas i accessibilitat.<\/p>\n\n\n\n<p><strong>Bona gesti\u00f3 i aprofitament dels recursos municipals<\/strong><\/p>\n\n\n\n<p>Totes estes actuacions s\u00f3n possibles gr\u00e0cies a l&#8217;\u00fas responsable del romanent de tresoreria per a gastos generals disponible despr\u00e9s de la liquidaci\u00f3 de l&#8217;exercici 2024. Este romanent, fruit d&#8217;una gesti\u00f3 econ\u00f2mica rigorosa i eficient, permet ara afrontar inversions clau per al desenrotllament local, sense necessitat de rec\u00f3rrer a endeutament ni comprometre l&#8217;estabilitat financera de l&#8217;Ajuntament.<\/p>\n\n\n\n<p>Les propostes traslladades i aprovades al Ple reflectixen la capacitat de l&#8217;equip de govern per a actuar amb agilitat davant la necessitat d&#8217;aprovar iniciatives clau per al present i el futur de Torrent. Una mostra de responsabilitat institucional, coordinaci\u00f3 entre \u00e0rees i anticipaci\u00f3 davant els terminis administratius necessaris perqu\u00e8 estes actuacions puguen executar-se amb garanties i en els temps establits.<\/p>\n\n\n\n<p>L&#8217;alcaldessa, Amparo Folgado ha explicat que <strong>\u201chui fem un gran pas cap a una ciutat m\u00e9s justa, moderna i pr\u00f2xima a les persones. Estes inversions reflectixen el nostre comprom\u00eds amb els treballadors municipals, amb l&#8217;anticipaci\u00f3 a pluges torrencials, amb el xicotet comer\u00e7, amb la cultura, l&#8217;esport, entre altres, i en definitiva, amb els ve\u00efns i ve\u00efnes de Torrent. Estes inversions suposen solucions reals a necessitats urgents, i tot aix\u00f2 gr\u00e0cies a una gesti\u00f3 responsable, seriosa i compromesa amb els nostres ve\u00efns\u201d.<\/strong><\/p>\n\n\n\n<p><strong>\u201cLa tramitaci\u00f3 d&#8217;estos expedients demostra que l&#8217;Ajuntament sap mobilitzar recursos p\u00fablics amb efic\u00e0cia i transpar\u00e8ncia, prioritzant els projectes que generen major impacte positiu per a la ciutat. \u00c9s un reflex de la nostra manera de governar: amb rigor, amb sensibilitat social i amb visi\u00f3 de futur\u201d,<\/strong> ha emfatitzat Folgado, que ha valorat positivament l&#8217;altura de mires de tots els grups municipals en el suport d&#8217;estes inversions per als torrentinos i torrentinas.<\/p>\n\n\n\n<p>La regidora de l&#8217;\u00c0rea d&#8217;Hisenda, Sonia Roca, ha declarat que <strong>\u201cestes iniciatives que hem portat al Ple reflectixen el treball t\u00e8cnic i pol\u00edtic que hem realitzat en els \u00faltims mesos per a posar en marxa actuacions estrat\u00e8giques en tots els \u00e0mbits. Des d&#8217;Hisenda hem impulsat unes injeccions de cr\u00e8dit que posa en valor l&#8217;\u00fas del romanent de tresoreria amb criteris d&#8217;utilitat p\u00fablica, oportunitat i efici\u00e8ncia\u201d.<\/strong><\/p>\n\n\n\n<p><strong>\u201cCada una d&#8217;estes actuacions respon a una an\u00e0lisi rigorosa de prioritats i possibilitats pressupost\u00e0ries. Hem aprofitat el romanent amb intel\u00b7lig\u00e8ncia i responsabilitat per a garantir que Torrent avance amb solidesa. Esta modificaci\u00f3 no \u00e9s nom\u00e9s t\u00e8cnica, \u00e9s estrat\u00e8gica: permet enfortir servicis, complir amb la legalitat i executar projectes que marcaran la difer\u00e8ncia en el present i en els pr\u00f2xims anys. La nostra gesti\u00f3 econ\u00f2mica continua estant al servici de les persones i del desenrotllament de la ciutat\u201d<\/strong>, ha assenyalat Roca.<\/p>\n\n\n\n<figure class=\"wp-block-image size-large\"><img fetchpriority=\"high\" decoding=\"async\" width=\"1024\" height=\"682\" src=\"https:\/\/infotorrent.es\/wp-content\/uploads\/2025\/07\/1-11-1024x682.jpg\" alt=\"\" class=\"wp-image-84232\" srcset=\"https:\/\/infotorrent.es\/wp-content\/uploads\/2025\/07\/1-11-1024x682.jpg 1024w, https:\/\/infotorrent.es\/wp-content\/uploads\/2025\/07\/1-11-300x200.jpg 300w, https:\/\/infotorrent.es\/wp-content\/uploads\/2025\/07\/1-11-768x512.jpg 768w, https:\/\/infotorrent.es\/wp-content\/uploads\/2025\/07\/1-11-1536x1023.jpg 1536w, https:\/\/infotorrent.es\/wp-content\/uploads\/2025\/07\/1-11.jpg 1600w\" sizes=\"(max-width: 1024px) 100vw, 1024px\" \/><\/figure>\n","protected":false},"excerpt":{"rendered":"<p>I al seu torn s&#8217;aprova l&#8217;amortitzaci\u00f3 anticipada de deute per 6,9 milions d&#8217;euros rebaixant el deute de l&#8217;ajuntament un 22%, gr\u00e0cies a una gesti\u00f3 i planificaci\u00f3 rigorosa del romanent de Tresoreria, despr\u00e9s de la liquidaci\u00f3 del pressupost de 2024 La injecci\u00f3 econ\u00f2mica ha comptat amb el vot favorable de PP, VOX, PSOE, COMPROM\u00cdS i representant [&hellip;]<\/p>\n","protected":false},"author":20,"featured_media":84234,"comment_status":"open","ping_status":"open","sticky":false,"template":"","format":"standard","meta":{"_acf_changed":false,"footnotes":""},"categories":[141,1217,1227],"tags":[],"class_list":["post-84231","post","type-post","status-publish","format-standard","has-post-thumbnail","hentry","category-alcaldia-2","category-dana-ca","category-hacienda-2"],"acf":[],"_links":{"self":[{"href":"https:\/\/infotorrent.es\/ca\/wp-json\/wp\/v2\/posts\/84231","targetHints":{"allow":["GET"]}}],"collection":[{"href":"https:\/\/infotorrent.es\/ca\/wp-json\/wp\/v2\/posts"}],"about":[{"href":"https:\/\/infotorrent.es\/ca\/wp-json\/wp\/v2\/types\/post"}],"author":[{"embeddable":true,"href":"https:\/\/infotorrent.es\/ca\/wp-json\/wp\/v2\/users\/20"}],"replies":[{"embeddable":true,"href":"https:\/\/infotorrent.es\/ca\/wp-json\/wp\/v2\/comments?post=84231"}],"version-history":[{"count":1,"href":"https:\/\/infotorrent.es\/ca\/wp-json\/wp\/v2\/posts\/84231\/revisions"}],"predecessor-version":[{"id":84235,"href":"https:\/\/infotorrent.es\/ca\/wp-json\/wp\/v2\/posts\/84231\/revisions\/84235"}],"wp:featuredmedia":[{"embeddable":true,"href":"https:\/\/infotorrent.es\/ca\/wp-json\/wp\/v2\/media\/84234"}],"wp:attachment":[{"href":"https:\/\/infotorrent.es\/ca\/wp-json\/wp\/v2\/media?parent=84231"}],"wp:term":[{"taxonomy":"category","embeddable":true,"href":"https:\/\/infotorrent.es\/ca\/wp-json\/wp\/v2\/categories?post=84231"},{"taxonomy":"post_tag","embeddable":true,"href":"https:\/\/infotorrent.es\/ca\/wp-json\/wp\/v2\/tags?post=84231"}],"curies":[{"name":"wp","href":"https:\/\/api.w.org\/{rel}","templated":true}]}}