{"id":84118,"date":"2025-07-25T14:09:32","date_gmt":"2025-07-25T12:09:32","guid":{"rendered":"https:\/\/infotorrent.es\/?p=84118"},"modified":"2025-07-25T14:13:39","modified_gmt":"2025-07-25T12:13:39","slug":"torrent-reitera-amb-preocupacio-a-la-confederacio-hidrografica-del-xuquer-la-urgencia-dintervindre-eficacment-en-el-tot-el-recorregut-del-barranc-de-lhorteta-davant-larribada-de-les-plug","status":"publish","type":"post","link":"https:\/\/infotorrent.es\/ca\/medio-ambiente-2\/torrent-reitera-amb-preocupacio-a-la-confederacio-hidrografica-del-xuquer-la-urgencia-dintervindre-eficacment-en-el-tot-el-recorregut-del-barranc-de-lhorteta-davant-larribada-de-les-plug\/","title":{"rendered":"Torrent reitera amb preocupaci\u00f3 a la Confederaci\u00f3 Hidrogr\u00e0fica del X\u00faquer la urg\u00e8ncia d&#8217;intervindre efica\u00e7ment en el tot el recorregut del barranc de l\u2019Horteta, davant l&#8217;arribada de les pluges tardorenques"},"content":{"rendered":"\n<h4 class=\"wp-block-heading\"><strong>Inquietud ve\u00efnal davant els avan\u00e7os a penes perceptibles en el llit del barranc de l\u2019Horteta<\/strong><\/h4>\n\n\n\n<h4 class=\"wp-block-heading\"><strong>L&#8217;Ajuntament advertix: si no s&#8217;actua ja, les conseq\u00fc\u00e8ncies<\/strong> <strong>podrien ser devastadores, de nou, a la tardor<\/strong><\/h4>\n\n\n\n<p>L&#8217;Ajuntament de Torrent ha dirigit un nou escrit a la Confederaci\u00f3 Hidrogr\u00e0fica del X\u00faquer (CHJ) en el qual sol\u00b7licita de manera urgent la retirada de dep\u00f2sits existents, la regularitzaci\u00f3 del llit i la finalitzaci\u00f3 de les obres d&#8217;emerg\u00e8ncia en el barranc de l\u2019Horteta, en tot el seu recorregut, l&#8217;estat del qual continua agreujant-se i representa una amena\u00e7a creixent per a les urbanitzacions, disseminats i nuclis habitats del municipi.<\/p>\n\n\n\n<p>Este nou requeriment oficial, firmat pel tinent d&#8217;alcalde d&#8217;Urbanisme, Vivenda i Medi Ambient, Jos\u00e9 Gozalvo, arriba en un moment d&#8217;especial incertesa per a la ciutat, on ve\u00efns i ve\u00efnes traslladen de forma cada vegada m\u00e9s insistent la seua preocupaci\u00f3 per la situaci\u00f3 actual i empitjorament del llit i els efectes que podrien tindre imminents pluges torrencials.<\/p>\n\n\n\n<p><strong>Una reiterada preocupaci\u00f3 ve\u00efnal que va en augment<\/strong><\/p>\n\n\n\n<p>Malgrat les reunions mantingudes en els \u00faltims mesos entre el consistori i responsables de la CHJ -com la celebrada el mes de juliol passat entre l&#8217;alcaldessa Amparo Folgado i els t\u00e8cnics de l&#8217;organisme estatal-, l&#8217;equip de govern municipal considera que les actuacions reals i preventives seguixen sense percebre&#8217;s, i existix una objectiva preocupaci\u00f3 davant previsions meteorol\u00f2giques per a esta tardor similars a episodis de pluges intenses similars als que van provocar la devastadora Dana en 2024.<\/p>\n\n\n\n<p>L&#8217;escrit enviat, es remet en el marc del proc\u00e9s de consulta p\u00fablica obert pel Ministeri de Transici\u00f3 Ecol\u00f2gica sobre el Pla per a la recuperaci\u00f3 i millora de la resili\u00e8ncia enfront de les inundacions a la Comunitat Valenciana. L&#8217;Ajuntament ha anunciat que formular\u00e0 al\u00b7legacions m\u00e9s detallades en els pr\u00f2xims dies, per\u00f2 ha volgut avan\u00e7ar amb urg\u00e8ncia esta petici\u00f3 en considerar que les condicions actuals del barranc no permeten esperar.<\/p>\n\n\n\n<p><strong>\u201cEstem actuant amb responsabilitat. No podem permetre que la inacci\u00f3 provoque conseq\u00fc\u00e8ncies irreparables. L&#8217;estat del barranc de l\u2019Horteta empitjora per dies, i no \u00e9s un advertiment alarmista, sin\u00f3 una realitat que es pot comprovar amb una simple visita\u201d<\/strong>, ha declarat el regidor Jos\u00e9 Gozalvo.<\/p>\n\n\n\n<p><strong>El barranc de l\u2019Horteta: una amena\u00e7a latent<\/strong><\/p>\n\n\n\n<p>Des de l&#8217;Ajuntament s&#8217;insistix que l&#8217;acumulaci\u00f3 de sediments, mala herba i obstacles en el llit del barranc impedix el correcte disc\u00f3rrer de l&#8217;aigua, la qual cosa augmenta el risc de desbordaments en cas de precipitacions intenses. A m\u00e9s, moltes de les actuacions d&#8217;emerg\u00e8ncia anunciades per la CHJ despr\u00e9s de la Dana encara no s&#8217;han completat, malgrat haver transcorregut m\u00e9s d&#8217;un any des de la cat\u00e0strofe.<\/p>\n\n\n\n<p>La preocupaci\u00f3 es veu incrementada pels episodis puntuals de pluja registrats este estiu, que han evidenciat la fragilitat del sistema actual de drenatge i canalitzaci\u00f3, generant inquietud entre els residents d&#8217;urbanitzacions com El Pant\u00e0, Calicanto, Mes del Jutge, \u00e0rea urbana de Torrent i zones confrontants.&nbsp;<strong>\u201cLes pluges de mar\u00e7 a juliol no han sigut generalitzades, per\u00f2 s\u00ed han demostrat que la capacitat de resposta del barranc \u00e9s pr\u00e0cticament nul\u00b7la. La situaci\u00f3 del barranc de l\u2019Horteta \u00e9s insostenible. Portem mesos reclamant una actuaci\u00f3 urgent i integral per part de la Confederaci\u00f3 Hidrogr\u00e0fica del X\u00faquer, per\u00f2 l&#8217;estat del llit a penes ha patit intervenci\u00f3. Cada pluja, per lleu que siga, genera en els ve\u00efns una preocupaci\u00f3 i intranquil\u00b7litat, tant quan, no es retiren els dep\u00f2sits i sediments i es regularitze el llit en tot el seu recorregut\u201d<\/strong>, ha assenyalat Gozalvo.<\/p>\n\n\n\n<p><strong>Inquietud davant el que puga vindre a la tardor<\/strong><\/p>\n\n\n\n<p>L&#8217;alcaldessa Amparo Folgado ja va advertir en les seues compareixences p\u00fabliques de juny i juliol que la ciutat no pot permetre&#8217;s una altra tardor sense inversions reals i urgents en l&#8217;adequaci\u00f3 dels seus barrancs.&nbsp;<strong>\u201cTorrent seguix sense estar protegida davant un fenomen meteorol\u00f2gic extrem que pot repetir-se. L&#8217;ajuntament est\u00e0 complint la seua part: hem presentat propostes, informes t\u00e8cnics i ara este nou escrit perqu\u00e8 la CHJ complisca amb la seua responsabilitat. El que sol\u00b7licitem \u00e9s una obligaci\u00f3 legal i moral: garantir la seguretat de milers de torrentinos que podrien veure&#8217;s afectats, de nou, amb conseq\u00fc\u00e8ncies m\u00e9s greus per inundacions si res canvia\u201d<\/strong>, va declarar llavors la primera edil, reclamant al Govern d&#8217;Espanya una implicaci\u00f3 directa.<\/p>\n\n\n\n<p>A m\u00e9s, en la reuni\u00f3 mantinguda fa unes setmanes amb responsables de la Confederaci\u00f3, Folgado va exigir que el barranc de l\u2019Horteta fora una de les prioritats, insistint que la situaci\u00f3 actual no \u00e9s sostenible.<\/p>\n\n\n\n<p><strong>Una anomenada a la responsabilitat institucional<\/strong><\/p>\n\n\n\n<p>Este nou escrit pret\u00e9n ser un toc d&#8217;atenci\u00f3 ferma i urgent. Segons el parer de l&#8217;equip de govern local, els advertiments t\u00e8cnics i socials han sigut suficientment reiterades, per\u00f2 les administracions competents seguixen sense actuar amb la contund\u00e8ncia que la situaci\u00f3 requerix. Torrent ja va viure en 2024 les conseq\u00fc\u00e8ncies de no estar preparats per a una Dana, i la ciutadania no pot veure&#8217;s de nou exposada per falta de previsi\u00f3.<\/p>\n\n\n\n<p><strong>\u201c\u00c9s una q\u00fcesti\u00f3 de responsabilitat institucional. No n&#8217;hi ha prou amb bones paraules o reunions puntuals sense resultats preventius, reals i efectius. Fa falta una actuaci\u00f3 decidida i una inversi\u00f3 concreta que protegisca els ve\u00efns de Torrent. Perqu\u00e8 cada dia que passa, el risc creix\u201d<\/strong>, ha remarcat Gozalvo.<\/p>\n\n\n\n<p>L&#8217;Ajuntament de Torrent continuar\u00e0 traslladant a la Confederaci\u00f3 Hidrogr\u00e0fica del X\u00faquer i al Ministeri de Transici\u00f3 Ecol\u00f2gica totes les necessitats hidr\u00e0uliques del municipi en el marc del pla de resili\u00e8ncia i altres mesures a adoptar de la m\u00e0 dels ve\u00efns afectats.<\/p>\n\n\n\n<p><strong>\u201cHem vist i patit el que va oc\u00f3rrer fa 9 mesos amb la Dana, i sabem el que pot passar si no hi ha una infraestructura hidr\u00e0ulica adequada. No ens quedarem de bra\u00e7os plegats, continuarem pressionant i exigint que s&#8217;adopten mesures urgents per a Torrent en el Pla de Resili\u00e8ncia. No volem promeses i bones intencions, volem m\u00e0quines treballant en el barranc i actuacions que de veritat protegisquen la ciutat\u201d<\/strong>, ha concl\u00f2s Gozalvo.<\/p>\n\n\n\n<figure class=\"wp-block-gallery has-nested-images columns-default is-cropped wp-block-gallery-1 is-layout-flex wp-block-gallery-is-layout-flex\">\n<figure class=\"wp-block-image size-large\"><img fetchpriority=\"high\" decoding=\"async\" width=\"1024\" height=\"682\" data-id=\"84115\" src=\"https:\/\/infotorrent.es\/wp-content\/uploads\/2025\/07\/1-18-1024x682.jpg\" alt=\"\" class=\"wp-image-84115\" srcset=\"https:\/\/infotorrent.es\/wp-content\/uploads\/2025\/07\/1-18-1024x682.jpg 1024w, https:\/\/infotorrent.es\/wp-content\/uploads\/2025\/07\/1-18-300x200.jpg 300w, https:\/\/infotorrent.es\/wp-content\/uploads\/2025\/07\/1-18-768x512.jpg 768w, https:\/\/infotorrent.es\/wp-content\/uploads\/2025\/07\/1-18-1536x1023.jpg 1536w, https:\/\/infotorrent.es\/wp-content\/uploads\/2025\/07\/1-18.jpg 1600w\" sizes=\"(max-width: 1024px) 100vw, 1024px\" \/><\/figure>\n\n\n\n<figure class=\"wp-block-image size-large\"><img decoding=\"async\" width=\"1024\" height=\"682\" data-id=\"84113\" src=\"https:\/\/infotorrent.es\/wp-content\/uploads\/2025\/07\/3-16-1024x682.jpg\" alt=\"\" class=\"wp-image-84113\" srcset=\"https:\/\/infotorrent.es\/wp-content\/uploads\/2025\/07\/3-16-1024x682.jpg 1024w, https:\/\/infotorrent.es\/wp-content\/uploads\/2025\/07\/3-16-300x200.jpg 300w, https:\/\/infotorrent.es\/wp-content\/uploads\/2025\/07\/3-16-768x512.jpg 768w, https:\/\/infotorrent.es\/wp-content\/uploads\/2025\/07\/3-16-1536x1023.jpg 1536w, https:\/\/infotorrent.es\/wp-content\/uploads\/2025\/07\/3-16.jpg 1600w\" sizes=\"(max-width: 1024px) 100vw, 1024px\" \/><\/figure>\n\n\n\n<figure class=\"wp-block-image size-large\"><img decoding=\"async\" width=\"1024\" height=\"682\" data-id=\"84111\" src=\"https:\/\/infotorrent.es\/wp-content\/uploads\/2025\/07\/2-14-1024x682.jpg\" alt=\"\" class=\"wp-image-84111\" srcset=\"https:\/\/infotorrent.es\/wp-content\/uploads\/2025\/07\/2-14-1024x682.jpg 1024w, https:\/\/infotorrent.es\/wp-content\/uploads\/2025\/07\/2-14-300x200.jpg 300w, https:\/\/infotorrent.es\/wp-content\/uploads\/2025\/07\/2-14-768x512.jpg 768w, https:\/\/infotorrent.es\/wp-content\/uploads\/2025\/07\/2-14-1536x1023.jpg 1536w, https:\/\/infotorrent.es\/wp-content\/uploads\/2025\/07\/2-14.jpg 1600w\" sizes=\"(max-width: 1024px) 100vw, 1024px\" \/><\/figure>\n\n\n\n<figure class=\"wp-block-image size-large\"><img loading=\"lazy\" decoding=\"async\" width=\"1024\" height=\"682\" data-id=\"84109\" src=\"https:\/\/infotorrent.es\/wp-content\/uploads\/2025\/07\/4-6-1024x682.jpg\" alt=\"\" class=\"wp-image-84109\" srcset=\"https:\/\/infotorrent.es\/wp-content\/uploads\/2025\/07\/4-6-1024x682.jpg 1024w, https:\/\/infotorrent.es\/wp-content\/uploads\/2025\/07\/4-6-300x200.jpg 300w, https:\/\/infotorrent.es\/wp-content\/uploads\/2025\/07\/4-6-768x512.jpg 768w, https:\/\/infotorrent.es\/wp-content\/uploads\/2025\/07\/4-6-1536x1023.jpg 1536w, https:\/\/infotorrent.es\/wp-content\/uploads\/2025\/07\/4-6.jpg 1600w\" sizes=\"(max-width: 1024px) 100vw, 1024px\" \/><\/figure>\n<\/figure>\n","protected":false},"excerpt":{"rendered":"<p>Inquietud ve\u00efnal davant els avan\u00e7os a penes perceptibles en el llit del barranc de l\u2019Horteta L&#8217;Ajuntament advertix: si no s&#8217;actua ja, les conseq\u00fc\u00e8ncies podrien ser devastadores, de nou, a la tardor L&#8217;Ajuntament de Torrent ha dirigit un nou escrit a la Confederaci\u00f3 Hidrogr\u00e0fica del X\u00faquer (CHJ) en el qual sol\u00b7licita de manera urgent la retirada [&hellip;]<\/p>\n","protected":false},"author":14,"featured_media":84113,"comment_status":"open","ping_status":"open","sticky":false,"template":"","format":"standard","meta":{"_acf_changed":false,"footnotes":""},"categories":[1217,138,1160],"tags":[],"class_list":["post-84118","post","type-post","status-publish","format-standard","has-post-thumbnail","hentry","category-dana-ca","category-medio-ambiente-2","category-urbanismo-noticias-ca"],"acf":[],"_links":{"self":[{"href":"https:\/\/infotorrent.es\/ca\/wp-json\/wp\/v2\/posts\/84118","targetHints":{"allow":["GET"]}}],"collection":[{"href":"https:\/\/infotorrent.es\/ca\/wp-json\/wp\/v2\/posts"}],"about":[{"href":"https:\/\/infotorrent.es\/ca\/wp-json\/wp\/v2\/types\/post"}],"author":[{"embeddable":true,"href":"https:\/\/infotorrent.es\/ca\/wp-json\/wp\/v2\/users\/14"}],"replies":[{"embeddable":true,"href":"https:\/\/infotorrent.es\/ca\/wp-json\/wp\/v2\/comments?post=84118"}],"version-history":[{"count":1,"href":"https:\/\/infotorrent.es\/ca\/wp-json\/wp\/v2\/posts\/84118\/revisions"}],"predecessor-version":[{"id":84120,"href":"https:\/\/infotorrent.es\/ca\/wp-json\/wp\/v2\/posts\/84118\/revisions\/84120"}],"wp:featuredmedia":[{"embeddable":true,"href":"https:\/\/infotorrent.es\/ca\/wp-json\/wp\/v2\/media\/84113"}],"wp:attachment":[{"href":"https:\/\/infotorrent.es\/ca\/wp-json\/wp\/v2\/media?parent=84118"}],"wp:term":[{"taxonomy":"category","embeddable":true,"href":"https:\/\/infotorrent.es\/ca\/wp-json\/wp\/v2\/categories?post=84118"},{"taxonomy":"post_tag","embeddable":true,"href":"https:\/\/infotorrent.es\/ca\/wp-json\/wp\/v2\/tags?post=84118"}],"curies":[{"name":"wp","href":"https:\/\/api.w.org\/{rel}","templated":true}]}}