{"id":8401,"date":"2017-01-30T08:25:51","date_gmt":"2017-01-30T08:25:51","guid":{"rendered":"https:\/\/infotorrent.es\/uncategorized\/els-col%c2%b7legis-de-torrent-celebren-el-dia-de-larbre-amb-50-noves-plantacions\/"},"modified":"2017-01-30T08:25:51","modified_gmt":"2017-01-30T08:25:51","slug":"els-col%c2%b7legis-de-torrent-celebren-el-dia-de-larbre-amb-50-noves-plantacions","status":"publish","type":"post","link":"https:\/\/infotorrent.es\/ca\/noticies\/els-col%c2%b7legis-de-torrent-celebren-el-dia-de-larbre-amb-50-noves-plantacions\/","title":{"rendered":"Els col\u00b7legis de Torrent celebren el Dia de l&#8217;Arbre amb 50 noves plantacions"},"content":{"rendered":"<p style=\"text-align: center;\"><strong>Els centres educatius plantaran 50 arbres en esta iniciativa, en col\u00b7laboraci\u00f3 amb Aig\u00fces de l&#8217;Horta, que inclou tallers i activitats did\u00e0ctiques i que afavorir\u00e0 les superf\u00edcies arbrades de la localitat<\/strong><\/p>\n<p style=\"text-align: justify;\">Amb motiu de la commemoraci\u00f3 del Dia de l&#8217;Arbre, 31 de gener, l&#8217;Ajuntament de Torrent en col\u00b7laboraci\u00f3 amb Aig\u00fces de l&#8217;Horta ha preparat una campanya de repoblaci\u00f3 per a plantar 50 arbres aut\u00f2ctons per diferents zones del municipi. En la iniciativa participen diferents centres educatius, tant p\u00fablics com d&#8217;educaci\u00f3 especial, els dies 30 i 31 de gener i 1 de febrer. Amb esta activitat, sumada a la primera edici\u00f3 que va tenir lloc l&#8217;any passat, s&#8217;haur\u00e0 aconseguit plantar 100 arbres repartits per diverses \u00e0rees del municipi, amb la qual cosa es far\u00e0 un treball de fixaci\u00f3 de CO2, contribuiran a compensar la petjada de carboni i a augmentar la massa forestal i la riquesa biol\u00f2gica de l&#8217;entorn.<\/p>\n<p style=\"text-align: justify;\">Un total de set centres educatius participen en el projecte, que consistix en la plantaci\u00f3 i apadrinament d&#8217;un arbre. Durant la jornada els xiquets i xiquetes seran rebuts, en les zones destinades a tal efecte, per monitors especialitzats que organitzaran diferents activitats did\u00e0ctiques. A m\u00e9s, s&#8217;efectuaran xarrades sobre la import\u00e0ncia que tenen els recursos forestals per a la vida i la necessitat de protegir el medi ambient. Tamb\u00e9 els participants podran gaudir del taller Nendo Dango, que consistix a aplicar una t\u00e8cnica de reforestaci\u00f3 amb boletes fets d&#8217;argila, humus i llavors que els xiquets s\u2019emportaran a casa i una vegada seques escamparan en terrenys seleccionats o espais propis per a veure com germinen.<br \/>\n\u201cAmb esta iniciativa tractem de conscienciar i educar els xiquets i xiquetes sobre la import\u00e0ncia que t\u00e9 mantenir un comprom\u00eds amb la cura dels arbres, i protegir aix\u00ed les superf\u00edcies arbrades de la nostra localitat. Plantarem 50 arbres de dos esp\u00e8cies aut\u00f2ctones com s\u00f3n el <em>Quercus Ilex<\/em> i <em>Celtis Australis<\/em>, a m\u00e9s de preparar tallers perqu\u00e8 aprenguen el valor del respecte cap al nostre entorn\u201d, declara Inma Amat, regidora de Medi Ambient.<\/p>\n<p style=\"text-align: justify;\">El calendari d&#8217;activitats s&#8217;inicia el dia 30 de gener amb el col\u00b7legi Miguel Hern\u00e1ndez, l&#8217;activitat que far\u00e0 tindr\u00e0 lloc en el Pant\u00e0. El dimarts 31, Dia de l&#8217;Arbre, la programaci\u00f3 continua amb els centres Lope de Vega, Joan XXIII i Mare de D\u00e9u del Rosari, en l&#8217;\u00e0rea recreativa de la Marxadella. En la mateixa zona, el dimecres dia 1 ser\u00e0 el torn dels centres d&#8217;educaci\u00f3 especial l&#8217;Encarnaci\u00f3 i de la Uni\u00f3, que duran a terme les activitats en el mateix centre d&#8217;estudis.<br \/>\n\u201cEsta iniciativa, que ja celebrem per segon any consecutiu, l\u2019any passat va permetre compensar la petjada de carboni generada per tot el paper que es consumix en l&#8217;oficina d&#8217;Aig\u00fces de l&#8217;Horta de Torrent, i que enguany esperem superar estes dades. Aix\u00ed mateix, s&#8217;engloba dins de la campanya \u2018Deixa de passar factura al planeta\u2019 que Aig\u00fces de l&#8217;Horta va llan\u00e7ar en 2016 amb l&#8217;objectiu de potenciar l&#8217;\u00fas de la factura online, i amb la qual la companyia es compromet a dur a terme estes campanyes de repoblaci\u00f3\u201d, indica Salvador Santamar\u00eda, gerent d&#8217;Aig\u00fces de l&#8217;Horta.<\/p>\n","protected":false},"excerpt":{"rendered":"<p>Els centres educatius plantaran 50 arbres en esta iniciativa, en col\u00b7laboraci\u00f3 amb Aig\u00fces de l&#8217;Horta, que inclou tallers i activitats did\u00e0ctiques i que afavorir\u00e0 les superf\u00edcies arbrades de la localitat Amb motiu de la commemoraci\u00f3 del Dia de l&#8217;Arbre, 31 de gener, l&#8217;Ajuntament de Torrent en col\u00b7laboraci\u00f3 amb Aig\u00fces de l&#8217;Horta ha preparat una campanya [&hellip;]<\/p>\n","protected":false},"author":4,"featured_media":1137,"comment_status":"open","ping_status":"open","sticky":false,"template":"","format":"standard","meta":{"_acf_changed":false,"footnotes":""},"categories":[119,116],"tags":[],"class_list":["post-8401","post","type-post","status-publish","format-standard","has-post-thumbnail","hentry","category-medi-ambient","category-noticies"],"acf":[],"_links":{"self":[{"href":"https:\/\/infotorrent.es\/ca\/wp-json\/wp\/v2\/posts\/8401","targetHints":{"allow":["GET"]}}],"collection":[{"href":"https:\/\/infotorrent.es\/ca\/wp-json\/wp\/v2\/posts"}],"about":[{"href":"https:\/\/infotorrent.es\/ca\/wp-json\/wp\/v2\/types\/post"}],"author":[{"embeddable":true,"href":"https:\/\/infotorrent.es\/ca\/wp-json\/wp\/v2\/users\/4"}],"replies":[{"embeddable":true,"href":"https:\/\/infotorrent.es\/ca\/wp-json\/wp\/v2\/comments?post=8401"}],"version-history":[{"count":0,"href":"https:\/\/infotorrent.es\/ca\/wp-json\/wp\/v2\/posts\/8401\/revisions"}],"wp:featuredmedia":[{"embeddable":true,"href":"https:\/\/infotorrent.es\/ca\/wp-json\/wp\/v2\/media\/1137"}],"wp:attachment":[{"href":"https:\/\/infotorrent.es\/ca\/wp-json\/wp\/v2\/media?parent=8401"}],"wp:term":[{"taxonomy":"category","embeddable":true,"href":"https:\/\/infotorrent.es\/ca\/wp-json\/wp\/v2\/categories?post=8401"},{"taxonomy":"post_tag","embeddable":true,"href":"https:\/\/infotorrent.es\/ca\/wp-json\/wp\/v2\/tags?post=8401"}],"curies":[{"name":"wp","href":"https:\/\/api.w.org\/{rel}","templated":true}]}}