{"id":8400,"date":"2017-01-30T08:00:25","date_gmt":"2017-01-30T08:00:25","guid":{"rendered":"https:\/\/infotorrent.es\/uncategorized\/el-grupo-de-arquitectos-taut-ch-organiza-una-visita-por-el-centro-historico-de-torrent\/"},"modified":"2017-01-30T08:00:25","modified_gmt":"2017-01-30T08:00:25","slug":"el-grupo-de-arquitectos-taut-ch-organiza-una-visita-por-el-centro-historico-de-torrent","status":"publish","type":"post","link":"https:\/\/infotorrent.es\/ca\/noticies\/el-grupo-de-arquitectos-taut-ch-organiza-una-visita-por-el-centro-historico-de-torrent\/","title":{"rendered":"El grup d&#8217;arquitectes\u00a0TAUT\u00a0CH organitza una visita pel centre hist\u00f2ric de Torrent\u00a0"},"content":{"rendered":"<p style=\"text-align: justify;\">Durant el mat\u00ed d&#8217;ahir el grup d&#8217;arquitectes\u00a0TAUT Centre Hist\u00f2ric dugu\u00e9 a terme una visita per alguns dels monuments hist\u00f2rics de la localitat com ara la Torre, l&#8217;esgl\u00e9sia de l&#8217;Assumpci\u00f3 i l\u2019Antic Mercat. Un recorregut pel nucli antic en el qual els arquitectes van explicar les singularitats i hist\u00f2ria de la ciutat i on a m\u00e9s dels arquitectes van participar t\u00e8cnics de l&#8217;Ajuntament i membres de la corporaci\u00f3 municipal.<\/p>\n","protected":false},"excerpt":{"rendered":"<p>Durant el mat\u00ed d&#8217;ahir el grup d&#8217;arquitectes\u00a0TAUT Centre Hist\u00f2ric dugu\u00e9 a terme una visita per alguns dels monuments hist\u00f2rics de la localitat com ara la Torre, l&#8217;esgl\u00e9sia de l&#8217;Assumpci\u00f3 i l\u2019Antic Mercat. Un recorregut pel nucli antic en el qual els arquitectes van explicar les singularitats i hist\u00f2ria de la ciutat i on a m\u00e9s [&hellip;]<\/p>\n","protected":false},"author":4,"featured_media":1137,"comment_status":"open","ping_status":"open","sticky":false,"template":"","format":"standard","meta":{"_acf_changed":false,"footnotes":""},"categories":[116,133],"tags":[],"class_list":["post-8400","post","type-post","status-publish","format-standard","has-post-thumbnail","hentry","category-noticies","category-urbanisme"],"acf":[],"_links":{"self":[{"href":"https:\/\/infotorrent.es\/ca\/wp-json\/wp\/v2\/posts\/8400","targetHints":{"allow":["GET"]}}],"collection":[{"href":"https:\/\/infotorrent.es\/ca\/wp-json\/wp\/v2\/posts"}],"about":[{"href":"https:\/\/infotorrent.es\/ca\/wp-json\/wp\/v2\/types\/post"}],"author":[{"embeddable":true,"href":"https:\/\/infotorrent.es\/ca\/wp-json\/wp\/v2\/users\/4"}],"replies":[{"embeddable":true,"href":"https:\/\/infotorrent.es\/ca\/wp-json\/wp\/v2\/comments?post=8400"}],"version-history":[{"count":0,"href":"https:\/\/infotorrent.es\/ca\/wp-json\/wp\/v2\/posts\/8400\/revisions"}],"wp:featuredmedia":[{"embeddable":true,"href":"https:\/\/infotorrent.es\/ca\/wp-json\/wp\/v2\/media\/1137"}],"wp:attachment":[{"href":"https:\/\/infotorrent.es\/ca\/wp-json\/wp\/v2\/media?parent=8400"}],"wp:term":[{"taxonomy":"category","embeddable":true,"href":"https:\/\/infotorrent.es\/ca\/wp-json\/wp\/v2\/categories?post=8400"},{"taxonomy":"post_tag","embeddable":true,"href":"https:\/\/infotorrent.es\/ca\/wp-json\/wp\/v2\/tags?post=8400"}],"curies":[{"name":"wp","href":"https:\/\/api.w.org\/{rel}","templated":true}]}}