{"id":8397,"date":"2017-01-27T11:29:02","date_gmt":"2017-01-27T11:29:02","guid":{"rendered":"https:\/\/infotorrent.es\/uncategorized\/100-km-que-canvien-vides\/"},"modified":"2017-01-27T11:29:02","modified_gmt":"2017-01-27T11:29:02","slug":"100-km-que-canvien-vides","status":"publish","type":"post","link":"https:\/\/infotorrent.es\/ca\/noticies\/100-km-que-canvien-vides\/","title":{"rendered":"100 km que canvien vides"},"content":{"rendered":"<p>En un m\u00f3n que ens ofega amb multitud d\u2019ofertes d\u2019oci i entreteniment, i una societat que ens envolta cada vegada m\u00e9s individualista, ens veiem en el deure de destacar la participaci\u00f3 d\u2019una fam\u00edlia torrentina per segon any consecutiu en el repte solidari de la \u00a0Oxfam Trailwalker, una carrera en qu\u00e8 l\u2019expressi\u00f3 \u201cel m\u00e9s important \u00e9s participar\u201d cobra m\u00e9s sentit que mai. Pepe Torrent, Isabel Ll\u00f3pez, Mireia Torrent, Quique Torrent, Xavi Ll\u00f3pez, Salva Ll\u00f3pez i tota la seua familia, el \u201cKaxos Team\u201d, ens fan veure que un m\u00f3n millor \u00e9s possible i amb iniciatives com la que vos contem, esta fam\u00edlia torrentina aporta el seu granet d\u2019arena per tal de canviar el m\u00f3n.<\/p>\n<p style=\"text-align: justify;\"><a href=\"https:\/\/www.infotorrent.es\/wp-content\/uploads\/2017\/01\/salida.jpg\"><img fetchpriority=\"high\" decoding=\"async\" class=\"aligncenter wp-image-3228\" src=\"https:\/\/www.infotorrent.es\/wp-content\/uploads\/2017\/01\/salida.jpg\" alt=\"\" width=\"509\" height=\"381\" \/><\/a><\/p>\n<p style=\"text-align: justify;\">La carrera es va celebrar els dies 11 i 12 de juny a Madrid per la vall de Lozoya i la Sierra Norte amb un total de 100 km que s\u2019havien de completar en 32 hores com a m\u00e0xim. El repte? Lluitar contra la pobresa i la injust\u00edcia en el m\u00f3n. Perqu\u00e8 ens fem una idea com els donatius de la carrera servixen d&#8217;ajuda en estos projectes, podem dir que amb 2.500 euros Oxfam Interm\u00f3n pot construir un pou i canalitzacions d&#8217;aigua potable a Eti\u00f2pia, on set de cada deu persones no tenen acc\u00e9s a aigua potable o han de caminar fins a sis hores per a poder obtenir-la i el consum d&#8217;aigua contaminada provoca 6.000 morts di\u00e0ries. Amb una quantitat prou inferior, 120 euros, una fam\u00edlia camperola al Per\u00fa pot construir un reservori d&#8217;aigua per a regar els seus cultius, millorar la seua producci\u00f3, i poder alimentar-se. A m\u00e9s, entre altres accions, amb 1.500 \u20ac Oxfam Interm\u00f3n impartir\u00e0 formaci\u00f3 en higiene en quatre comunitats i amb 2.000 \u20ac podr\u00e0 instal\u00b7lar bombes per a extraure aigua en cinc comunitats. Coneguem amb esta entrevista les viv\u00e8ncies i els detalls de la participaci\u00f3 d\u2019esta fam\u00edlia torrentina en la Oxfam Trailwalker.<\/p>\n<p style=\"text-align: justify;\"><strong>Per quanta gent estava format l&#8217;equip?\u00a0<\/strong><\/p>\n<p style=\"text-align: justify;\">L\u2019equip el form\u00e0vem sis persones: Pepe, Isabel, Mireia, Quique, Xavi i Salva. Som tots cosins i germans de la mateixa fam\u00edlia. L\u2019organitzaci\u00f3 nom\u00e9s permet inscriure quatre persones per a caminar i dos m\u00e9s com a equip de suport. Per\u00f2 darrere hi havia moltes persones m\u00e9s: les nostres parelles, germans, cunyats, pares. Tots sumaven. Enguany \u00e9rem 12 persones en total.<\/p>\n<p style=\"text-align: justify;\"><strong>Qu\u00e8 vos va moure a participar-hi l&#8217;any passat i este per a repetir-hi?<\/strong><\/p>\n<p style=\"text-align: justify;\">Tot va comen\u00e7ar ara fa dos anys. Enrique,\u00a0 pare de Quique i de Mireia i tio dels altres membres de l\u2019equip, ja va participar en l\u2019edici\u00f3 de 2014 i ens va contar la seua experi\u00e8ncia. A nosaltres ens va motivar i al setembre de 2014 ens vam posar en marxa, entrenant quasi cada diumenge fent caminades de 3-4 hores. L\u2019any passat fou la primera vegada que hi particip\u00e0rem per\u00f2 no tots pogu\u00e9rem fer els 100 km. Un dels components de l\u2019equip va causar baixa en el km 70 i un altre no hi pogu\u00e9 participar com a caminant per una greu malaltia que va patir al principi de 2015 i que a dia de hui ja est\u00e0 superada. Els que no vam poder complir el repte hi ten\u00edem un compte pendent i vol\u00edem superar-lo.<\/p>\n<p style=\"text-align: justify;\">Eixe fou un dels motius pels quals vam decidir repetir. I despr\u00e9s d\u2019enguany podem dir que ho hem aconseguit.<\/p>\n<p style=\"text-align: justify;\"><strong><a href=\"https:\/\/www.infotorrent.es\/wp-content\/uploads\/2017\/01\/camino.jpg\"><img decoding=\"async\" class=\"aligncenter wp-image-3231\" src=\"https:\/\/www.infotorrent.es\/wp-content\/uploads\/2017\/01\/camino.jpg\" alt=\"\" width=\"574\" height=\"431\" \/><\/a><\/strong><\/p>\n<p style=\"text-align: justify;\"><strong>Quina quantitat de diners recapt\u00e0reu i quines accions heu dut a terme per a recaptar eixos fons?<\/strong><\/p>\n<p style=\"text-align: justify;\">Per a poder participar en la prova, l\u2019equip ha d\u2019arreplegar com a m\u00ednim 1.500 \u20ac, a banda de la inscripci\u00f3. El primer any vam assolir la xifra de 1.700 \u20ac. Este segon any, encara que ens va costar arrancar, finalment vam superar els 2.000 \u20ac.<\/p>\n<p style=\"text-align: justify;\">Estem molt contents de la resposta de la gent. Quan explic\u00e0vem a la gent el repte i sabien que era per una causa solid\u00e0ria, no tardaven gens a aportar-ne. Enguany hem fet una rifa amb la col\u00b7laboraci\u00f3 del Llevant UE i del Val\u00e8ncia CF i vam fer m\u00e9s de 150 camisetes, amb l\u2019ajuda tamb\u00e9 de les aportacions de nou patrocinadors. Tamb\u00e9 hem rebut importants donatius particulars. Pensem que \u00e9s una bona manera de fer con\u00e9ixer les activitats solid\u00e0ries que fan estes organitzacions per tot el m\u00f3n i de promoure la solidaritat<\/p>\n<p style=\"text-align: justify;\"><strong>En un repte tan dur,\u00a0de segur que hi devia haver moments de debilitat. Quins van ser i \u00a0qu\u00e8 pens\u00e0veu en eixos moments?\u00a0<\/strong><\/p>\n<p style=\"text-align: justify;\">En 100 km passen moltes coses, tant a escala f\u00edsica com an\u00edmica. \u00c9s molt important preparar-nos f\u00edsicament per\u00f2 tamb\u00e9 mentalment. Han sigut al voltant de 24 hores. Els moments m\u00e9s durs per a nosaltres enguany han sigut despr\u00e9s de dinar, quan m\u00e9s calor feia. Eren les 5 de la vesprada i est\u00e0vem al voltant de 30 graus i hav\u00edem caminat ja huit hores. El moment m\u00e9s dur fou en el km 73 quan un membre de l\u2019equip es va haver de retirar per una lesi\u00f3 en el tend\u00f3. El van veure els fisioterapeutes per\u00f2 no hi havia altre remei que abandonar perqu\u00e8, si no, la lesi\u00f3 podia anar a m\u00e9s i portar m\u00e9s conseq\u00fc\u00e8ncies.<\/p>\n<p style=\"text-align: justify;\">El silenci en el grup tamb\u00e9 ens fa saber que una cosa no va b\u00e9. El primer que penses \u00e9s que tal volta no pots acabar i el cap et pega moltes voltes. Per\u00f2 tamb\u00e9 penses en l\u2019esfor\u00e7 que has fet per arribar-hi i sobretot perqu\u00e8 eres part d\u2019un equip i que ell tamb\u00e9 dep\u00e9n de tu.\u00a0 Traus forces gr\u00e0cies als altres. Aix\u00ed vam aconseguir superar els moments m\u00e9s delicats. I per aix\u00f2, la satisfacci\u00f3 d\u2019aconseguir-ho amb el teu equip, amb la teua fam\u00edlia, \u00e9s major.<\/p>\n<p style=\"text-align: justify;\"><strong><a href=\"https:\/\/www.infotorrent.es\/wp-content\/uploads\/2017\/01\/descanso.jpg\"><img decoding=\"async\" class=\"aligncenter wp-image-3219\" src=\"https:\/\/www.infotorrent.es\/wp-content\/uploads\/2017\/01\/descanso.jpg\" alt=\"\" width=\"526\" height=\"395\" \/><\/a><\/strong><\/p>\n<p style=\"text-align: justify;\"><strong>Alguna an\u00e8cdota que ens pugueu contar?<\/strong><\/p>\n<p style=\"text-align: justify;\">La veritat \u00e9s que s\u00f3n 24 hores molt intenses i es viuen tot tipus de situacions. \u00c9s una experi\u00e8ncia \u00fanica per a l\u2019equip, pel que compartim junts i amb la resta d\u2019equips.<\/p>\n<p style=\"text-align: justify;\">Despr\u00e9s de pagar-la per ser novells l\u2019any passat perqu\u00e8 isqu\u00e9rem darrere del tot i an\u00e0vem molt a espaiet, enguany hem eixit en primer l\u00ednea i al comen\u00e7ar arranc\u00e0rem esprintant. Per uns segons, i nom\u00e9s per uns segons, arrib\u00e0rem a ser l\u00edders de la prova.<\/p>\n<p style=\"text-align: justify;\">Tamb\u00e9 recordem xarrades amb altres equips d\u2019altres parts d\u2019Espanya, les bromes amb l\u2019equip del nostre oncle per a veure qui acabava abans, les cont\u00ednues revisions de \u201cxapa i pintura\u201d que ens va fer la nostra tia Dolors en els peus per a poder continuar, l\u2019atenci\u00f3 que ens donaven tots els membres de l\u2019equip de suport al llarg de la carrera. Moltes rialles i alguna llagrimeta.<\/p>\n<p style=\"text-align: justify;\"><strong>En quant de temps complet\u00e0reu el recorregut? Hi hagu\u00e9 temps per a una mica de descans?<\/strong><\/p>\n<p style=\"text-align: justify;\">Enguany el nostre objectiu era baixar de 24 hores i ho vam aconseguir, arrib\u00e0rem a meta en 23 hores i 45 minuts. Al llarg de la carrera par\u00e0vem als punts de control on f\u00e9iem revisi\u00f3 de peus i menj\u00e0vem i ens hidrat\u00e0vem. A m\u00e9s, f\u00e9rem parades un poc m\u00e9s llargues per a dinar, berenar i sopar. En esta \u00faltima parada pogu\u00e9rem dormir un parell d&#8217;hores, on aconsegu\u00edrem forces per als \u00faltims 27 km que restaven. Els quil\u00f2metres\u00a0anaven passant i nosaltres necessit\u00e0vem m\u00e9s forces per\u00f2 gr\u00e0cies a l\u2019equip de suport no ens va faltar res.<\/p>\n<p style=\"text-align: justify;\"><strong>Despr\u00e9s de finalitzar la carrera, eixa mateixa nit, ja tranquil\u00b7lament al llit i amb tantes emocions en tan poc de temps, qu\u00e8 vos passava pel cap?<\/strong><\/p>\n<p style=\"text-align: justify;\">Ens passaven pel cap tots els moments viscuts per\u00f2 sobretot la satisfacci\u00f3 d\u2019haver-ho aconseguit amb l\u2019equip i per una bona causa. Este repte el podr\u00edem intentar fer de manera individual per\u00f2 pensem que la satisfacci\u00f3 de fer-ho amb els altres, amb la teua fam\u00edlia, \u00e9s molt m\u00e9s gran. \u00c9s una experi\u00e8ncia que no oblidarem mai i que sempre podrem compartir. Enguany ha sigut tamb\u00e9 molt especial ja que al novembre vam perdre la nostra iaia Conxeta, la persona que sempre ha estat cuidant de tots nosaltres. I tots sab\u00edem que estos 100 km de sacrifici eren per ella. Ha sigut molt emotiu.<\/p>\n<p style=\"text-align: justify;\"><strong>Teniu pensat repetir en pr\u00f2ximes edicions? Qu\u00e8 dir\u00edeu a la gent perqu\u00e8 seguira el vostre cam\u00ed?<\/strong><\/p>\n<p style=\"text-align: justify;\">A la gent els diem que \u00e9s una cosa especial i que val la pena superar un repte en equip i a m\u00e9s amb fins solidaris. Per\u00f2 tamb\u00e9 els diem que no es f\u00e0cil, que cal ser constant i estar preparat. Per\u00f2 tornem a repetir: val la pena.<\/p>\n<p style=\"text-align: justify;\">Per a l\u2019any que ve hi ha una novetat. A banda de les rutes que es fan a Girona i a Madrid, on este any han participat m\u00e9s de 600 equips, en 2017 es far\u00e0 tamb\u00e9 per primera vegada a Euskadi i t\u00e9 molt bona pinta. Ens motiva con\u00e9ixer un altre lloc per\u00f2, com nosaltres diem, al setembre parlem. Ara \u00e9s moment d\u2019aprofitar el que hem aconseguit.<\/p>\n<p><a href=\"https:\/\/www.infotorrent.es\/wp-content\/uploads\/2017\/01\/diversi\u00f3n.jpg\"><img loading=\"lazy\" decoding=\"async\" class=\"aligncenter wp-image-3222\" src=\"https:\/\/www.infotorrent.es\/wp-content\/uploads\/2017\/01\/diversi\u00f3n.jpg\" alt=\"\" width=\"636\" height=\"477\" \/><\/a><\/p>\n","protected":false},"excerpt":{"rendered":"<p>En un m\u00f3n que ens ofega amb multitud d\u2019ofertes d\u2019oci i entreteniment, i una societat que ens envolta cada vegada m\u00e9s individualista, ens veiem en el deure de destacar la participaci\u00f3 d\u2019una fam\u00edlia torrentina per segon any consecutiu en el repte solidari de la \u00a0Oxfam Trailwalker, una carrera en qu\u00e8 l\u2019expressi\u00f3 \u201cel m\u00e9s important \u00e9s [&hellip;]<\/p>\n","protected":false},"author":4,"featured_media":8399,"comment_status":"open","ping_status":"open","sticky":false,"template":"","format":"standard","meta":{"_acf_changed":false,"footnotes":""},"categories":[116,139],"tags":[],"class_list":["post-8397","post","type-post","status-publish","format-standard","has-post-thumbnail","hentry","category-noticies","category-reportatges"],"acf":[],"_links":{"self":[{"href":"https:\/\/infotorrent.es\/ca\/wp-json\/wp\/v2\/posts\/8397","targetHints":{"allow":["GET"]}}],"collection":[{"href":"https:\/\/infotorrent.es\/ca\/wp-json\/wp\/v2\/posts"}],"about":[{"href":"https:\/\/infotorrent.es\/ca\/wp-json\/wp\/v2\/types\/post"}],"author":[{"embeddable":true,"href":"https:\/\/infotorrent.es\/ca\/wp-json\/wp\/v2\/users\/4"}],"replies":[{"embeddable":true,"href":"https:\/\/infotorrent.es\/ca\/wp-json\/wp\/v2\/comments?post=8397"}],"version-history":[{"count":0,"href":"https:\/\/infotorrent.es\/ca\/wp-json\/wp\/v2\/posts\/8397\/revisions"}],"wp:featuredmedia":[{"embeddable":true,"href":"https:\/\/infotorrent.es\/ca\/wp-json\/wp\/v2\/media\/8399"}],"wp:attachment":[{"href":"https:\/\/infotorrent.es\/ca\/wp-json\/wp\/v2\/media?parent=8397"}],"wp:term":[{"taxonomy":"category","embeddable":true,"href":"https:\/\/infotorrent.es\/ca\/wp-json\/wp\/v2\/categories?post=8397"},{"taxonomy":"post_tag","embeddable":true,"href":"https:\/\/infotorrent.es\/ca\/wp-json\/wp\/v2\/tags?post=8397"}],"curies":[{"name":"wp","href":"https:\/\/api.w.org\/{rel}","templated":true}]}}