{"id":83968,"date":"2025-07-21T18:45:27","date_gmt":"2025-07-21T16:45:27","guid":{"rendered":"https:\/\/infotorrent.es\/?p=83968"},"modified":"2025-07-21T18:52:53","modified_gmt":"2025-07-21T16:52:53","slug":"torrent-presenta-la-casa-de-la-festa-i-la-participacio-ciutadana","status":"publish","type":"post","link":"https:\/\/infotorrent.es\/ca\/participacio-ciutadana\/torrent-presenta-la-casa-de-la-festa-i-la-participacio-ciutadana\/","title":{"rendered":"Torrent presenta la &#8220;Casa de la Festa i la Participaci\u00f3 Ciutadana&#8221;"},"content":{"rendered":"\n<h4 class=\"wp-block-heading\">Les instal\u00b7lacions municipals en el centre de l&#8217;Avinguda al Vedat i en des\u00fas des de la seua compra fa anys, albergaran a Junta Local Fallera i a la Federaci\u00f3 de Moros i Cristians<\/h4>\n\n\n\n<p>Torrent comptar\u00e0 pr\u00f2ximament amb un nou espai destinat a centralitzar la gesti\u00f3 de les seues festes m\u00e9s representatives i fomentar la participaci\u00f3 ciutadana. Esta vesprada, l&#8217;alcaldessa Amparo Folgado ha presentat, al costat de l&#8217;equip de govern, la qual cosa ser\u00e0 la \u201cCasa de la Festa i la Participaci\u00f3 Ciutadana\u201d, un projecte que se situar\u00e0 en la segona planta del n\u00famero 25 de l&#8217;Avinguda al Vedat, en unes instal\u00b7lacions municipals de 450 metres quadrats.<\/p>\n\n\n\n<p>L&#8217;acte ha comptat amb la pres\u00e8ncia de representants de les dos grans festes locals: Sonia <em>Esteso per part de la Junta Local Fallera (<\/em>JLF) i Xavi Santamar\u00eda, president de la Federaci\u00f3 de Moros i Cristians de Torrent (FMCT), aix\u00ed com membres dels dos col\u00b7lectius que en conjunt, representen a 12.000 persones, entre fallers i festers.<\/p>\n\n\n\n<p>\u201cLes Falles i els Moros i Cristians no sols s\u00f3n una manifestaci\u00f3 cultural i festiva, sin\u00f3 tamb\u00e9 un potent motor econ\u00f2mic per a Torrent, i necessitaven comptar amb un espai digne, ampli i funcional per a poder treballar, organitzar la festa i realitzar les seues reunions&#8221;, ha assenyalat l&#8217;alcaldessa Amparo Folgado. &#8220;Amb esta nova Casa de la Festa, dotem als nostres col\u00b7lectius festius d&#8217;un lloc a l&#8217;altura de la seua import\u00e0ncia a la nostra ciutat&#8221;.<\/p>\n\n\n\n<p>Les noves instal\u00b7lacions, propietat de l&#8217;Ajuntament, estaven en des\u00fas des de la seua adquisici\u00f3 fa anys i es troben en el centre neur\u00e0lgic de Torrent, a escassos metres del Consistori i al costat del p\u00e0rquing subterrani de l&#8217;Avinguda al Vedat. La planta va albergar en el seu moment l&#8217;antic Club de Gerents i va ser completament remodelada a la fi dels anys 2000, per la qual cosa el seu estat de conservaci\u00f3 \u00e9s excel\u00b7lent i nom\u00e9s requerir\u00e0 una inversi\u00f3 m\u00ednima per a la seua adequaci\u00f3.<\/p>\n\n\n\n<p>Els diferents espais, separats per vidrieres i amb banys adaptats, acolliran les seus tant de la JLF com de la FMCT. Estes entitats podran realitzar all\u00ed les seues assemblees, gestionar els seus arxius, oferir atenci\u00f3 al p\u00fablic i coordinar l&#8217;activitat festera amb major efic\u00e0cia i comoditat. A m\u00e9s, el trasllat permetr\u00e0 recuperar per a altres usos municipals els locals actualment utilitzats: la seu de JLF al carrer Bellido i els baixos de l&#8217;Arxiu Municipal ocupats per la FMCT.<\/p>\n\n\n\n<p>\u201cEstem fent un \u00fas responsable i efica\u00e7 del patrimoni municipal&#8221;, ha afegit Folgado. &#8220;Creem un punt de trobada per a les nostres festes i tamb\u00e9 per a la participaci\u00f3 ciutadana, en un entorn c\u00e8ntric, modern i accessible\u201d.<\/p>\n\n\n\n<p>La nova Casa de la Festa tamb\u00e9 albergar\u00e0 la Delegaci\u00f3 de Participaci\u00f3 Ciutadana, per a tractar assumptes relacionats amb la festa i la implicaci\u00f3 ve\u00efnal. Aix\u00ed, el consistori busca centralitzar en un \u00fanic espai tota l&#8217;activitat relacionada amb les celebracions locals i la participaci\u00f3 social.<\/p>\n\n\n\n<p>La posada en marxa de la Casa de la Festa i la Participaci\u00f3 Ciutadana \u00e9s una mostra del comprom\u00eds del govern municipal per revaloritzar les festes tradicionals i donar veu activa a la ciutadania, fomentant la cohesi\u00f3, la identitat local i el dinamisme cultural a Torrent.<\/p>\n\n\n\n<figure class=\"wp-block-gallery has-nested-images columns-default is-cropped wp-block-gallery-1 is-layout-flex wp-block-gallery-is-layout-flex\">\n<figure class=\"wp-block-image size-large\"><img fetchpriority=\"high\" decoding=\"async\" width=\"1024\" height=\"682\" data-id=\"83965\" src=\"https:\/\/infotorrent.es\/wp-content\/uploads\/2025\/07\/casa2-1024x682.jpg\" alt=\"\" class=\"wp-image-83965\" srcset=\"https:\/\/infotorrent.es\/wp-content\/uploads\/2025\/07\/casa2-1024x682.jpg 1024w, https:\/\/infotorrent.es\/wp-content\/uploads\/2025\/07\/casa2-300x200.jpg 300w, https:\/\/infotorrent.es\/wp-content\/uploads\/2025\/07\/casa2-768x512.jpg 768w, https:\/\/infotorrent.es\/wp-content\/uploads\/2025\/07\/casa2-1536x1023.jpg 1536w, https:\/\/infotorrent.es\/wp-content\/uploads\/2025\/07\/casa2.jpg 1600w\" sizes=\"(max-width: 1024px) 100vw, 1024px\" \/><\/figure>\n\n\n\n<figure class=\"wp-block-image size-large\"><img decoding=\"async\" width=\"1024\" height=\"682\" data-id=\"83963\" src=\"https:\/\/infotorrent.es\/wp-content\/uploads\/2025\/07\/casa3-1024x682.jpg\" alt=\"\" class=\"wp-image-83963\" srcset=\"https:\/\/infotorrent.es\/wp-content\/uploads\/2025\/07\/casa3-1024x682.jpg 1024w, https:\/\/infotorrent.es\/wp-content\/uploads\/2025\/07\/casa3-300x200.jpg 300w, https:\/\/infotorrent.es\/wp-content\/uploads\/2025\/07\/casa3-768x512.jpg 768w, https:\/\/infotorrent.es\/wp-content\/uploads\/2025\/07\/casa3-1536x1023.jpg 1536w, https:\/\/infotorrent.es\/wp-content\/uploads\/2025\/07\/casa3.jpg 1600w\" sizes=\"(max-width: 1024px) 100vw, 1024px\" \/><\/figure>\n\n\n\n<figure class=\"wp-block-image size-large\"><img decoding=\"async\" width=\"1024\" height=\"682\" data-id=\"83961\" src=\"https:\/\/infotorrent.es\/wp-content\/uploads\/2025\/07\/casa4-1024x682.jpg\" alt=\"\" class=\"wp-image-83961\" srcset=\"https:\/\/infotorrent.es\/wp-content\/uploads\/2025\/07\/casa4-1024x682.jpg 1024w, https:\/\/infotorrent.es\/wp-content\/uploads\/2025\/07\/casa4-300x200.jpg 300w, https:\/\/infotorrent.es\/wp-content\/uploads\/2025\/07\/casa4-768x512.jpg 768w, https:\/\/infotorrent.es\/wp-content\/uploads\/2025\/07\/casa4-1536x1023.jpg 1536w, https:\/\/infotorrent.es\/wp-content\/uploads\/2025\/07\/casa4.jpg 1600w\" sizes=\"(max-width: 1024px) 100vw, 1024px\" \/><\/figure>\n\n\n\n<figure class=\"wp-block-image size-large\"><img loading=\"lazy\" decoding=\"async\" width=\"1024\" height=\"682\" data-id=\"83959\" src=\"https:\/\/infotorrent.es\/wp-content\/uploads\/2025\/07\/casa1-1024x682.jpg\" alt=\"\" class=\"wp-image-83959\" srcset=\"https:\/\/infotorrent.es\/wp-content\/uploads\/2025\/07\/casa1-1024x682.jpg 1024w, https:\/\/infotorrent.es\/wp-content\/uploads\/2025\/07\/casa1-300x200.jpg 300w, https:\/\/infotorrent.es\/wp-content\/uploads\/2025\/07\/casa1-768x512.jpg 768w, https:\/\/infotorrent.es\/wp-content\/uploads\/2025\/07\/casa1-1536x1023.jpg 1536w, https:\/\/infotorrent.es\/wp-content\/uploads\/2025\/07\/casa1.jpg 1600w\" sizes=\"(max-width: 1024px) 100vw, 1024px\" \/><\/figure>\n<\/figure>\n","protected":false},"excerpt":{"rendered":"<p>Les instal\u00b7lacions municipals en el centre de l&#8217;Avinguda al Vedat i en des\u00fas des de la seua compra fa anys, albergaran a Junta Local Fallera i a la Federaci\u00f3 de Moros i Cristians Torrent comptar\u00e0 pr\u00f2ximament amb un nou espai destinat a centralitzar la gesti\u00f3 de les seues festes m\u00e9s representatives i fomentar la participaci\u00f3 [&hellip;]<\/p>\n","protected":false},"author":14,"featured_media":83963,"comment_status":"open","ping_status":"open","sticky":false,"template":"","format":"standard","meta":{"_acf_changed":false,"footnotes":""},"categories":[1190,1149,1160],"tags":[],"class_list":["post-83968","post","type-post","status-publish","format-standard","has-post-thumbnail","hentry","category-ayuntamiento-de-torrent-ca","category-participacio-ciutadana","category-urbanismo-noticias-ca"],"acf":[],"_links":{"self":[{"href":"https:\/\/infotorrent.es\/ca\/wp-json\/wp\/v2\/posts\/83968","targetHints":{"allow":["GET"]}}],"collection":[{"href":"https:\/\/infotorrent.es\/ca\/wp-json\/wp\/v2\/posts"}],"about":[{"href":"https:\/\/infotorrent.es\/ca\/wp-json\/wp\/v2\/types\/post"}],"author":[{"embeddable":true,"href":"https:\/\/infotorrent.es\/ca\/wp-json\/wp\/v2\/users\/14"}],"replies":[{"embeddable":true,"href":"https:\/\/infotorrent.es\/ca\/wp-json\/wp\/v2\/comments?post=83968"}],"version-history":[{"count":1,"href":"https:\/\/infotorrent.es\/ca\/wp-json\/wp\/v2\/posts\/83968\/revisions"}],"predecessor-version":[{"id":83970,"href":"https:\/\/infotorrent.es\/ca\/wp-json\/wp\/v2\/posts\/83968\/revisions\/83970"}],"wp:featuredmedia":[{"embeddable":true,"href":"https:\/\/infotorrent.es\/ca\/wp-json\/wp\/v2\/media\/83963"}],"wp:attachment":[{"href":"https:\/\/infotorrent.es\/ca\/wp-json\/wp\/v2\/media?parent=83968"}],"wp:term":[{"taxonomy":"category","embeddable":true,"href":"https:\/\/infotorrent.es\/ca\/wp-json\/wp\/v2\/categories?post=83968"},{"taxonomy":"post_tag","embeddable":true,"href":"https:\/\/infotorrent.es\/ca\/wp-json\/wp\/v2\/tags?post=83968"}],"curies":[{"name":"wp","href":"https:\/\/api.w.org\/{rel}","templated":true}]}}