{"id":83808,"date":"2025-07-17T12:33:32","date_gmt":"2025-07-17T10:33:32","guid":{"rendered":"https:\/\/infotorrent.es\/?p=83808"},"modified":"2025-07-17T12:42:24","modified_gmt":"2025-07-17T10:42:24","slug":"torrent-activa-de-nou-els-punts-violeta-per-a-les-seues-festes-patronals-lliures-de-violencia-sexista","status":"publish","type":"post","link":"https:\/\/infotorrent.es\/ca\/igualtat\/torrent-activa-de-nou-els-punts-violeta-per-a-les-seues-festes-patronals-lliures-de-violencia-sexista\/","title":{"rendered":"Torrent activa, de nou, els Punts Violeta per a les seues festes patronals lliures de viol\u00e8ncia sexista"},"content":{"rendered":"\n<h4 class=\"wp-block-heading\"><strong>Igualtat, respecte i festa: Torrent impulsa una campanya integral amb tallers, jocs i material preventiu<\/strong><\/h4>\n\n\n\n<h4 class=\"wp-block-heading\"><strong>Unes celebracions amb prevenci\u00f3, informaci\u00f3, sensibilitzaci\u00f3 i espais segurs: dos Punts Violeta, punt digital 24h i repartiment de cobrix gots<\/strong><\/h4>\n\n\n\n<h4 class=\"wp-block-heading\"><strong>Enguany, com a novetat, la Casa de la Dona repartir\u00e0 clauers cobrix gots<\/strong><\/h4>\n\n\n\n<p>L&#8217;Ajuntament de Torrent, a trav\u00e9s de la Regidoria de Dona i la Casa de la Dona, torna a posar en marxa este estiu una nova edici\u00f3 dels Punts Violeta amb motiu de les Festes Patronals 2025. Es tracta d&#8217;una iniciativa fonamental de sensibilitzaci\u00f3 i prevenci\u00f3 enfront de les agressions sexistes, la viol\u00e8ncia sexual i la LGTBIQ+f\u00f2bia en contextos d&#8217;oci i espais de diversi\u00f3, amb l&#8217;objectiu de garantir que els carrers i espais festius de Torrent siguen espais segurs, inclusius i lliures de qualsevol forma de viol\u00e8ncia sexista.<\/p>\n\n\n\n<p><strong>Una campanya amb m\u00e9s recursos, m\u00e9s materials i nous missatges<\/strong><\/p>\n\n\n\n<p>El dispositiu d&#8217;enguany contempla la instal\u00b7laci\u00f3 de dos Punts Violeta que se situaran els dies:<\/p>\n\n\n\n<p><strong>\u2022&nbsp;&nbsp;&nbsp;&nbsp;&nbsp;&nbsp;&nbsp; Divendres 18 de juliol, al costat de la Pla\u00e7a de la Va unir Musical, de 18.00 a 20.30 hores.<\/strong><\/p>\n\n\n\n<p><strong>\u2022&nbsp;&nbsp;&nbsp;&nbsp;&nbsp;&nbsp;&nbsp; Dissabte 26 de juliol, durant la celebraci\u00f3 de la gran revetla de la Federaci\u00f3 de Moros i Cristians de Torrent a la Torre, de 23.30 a 01.30 hores.<\/strong><\/p>\n\n\n\n<p>Els dos espais estaran atesos per personal t\u00e8cnic especialitzat i format, que oferir\u00e0 atenci\u00f3 directa als qui ho necessiten, aix\u00ed com orientaci\u00f3 sobre com actuar en cas de patir o presenciar una situaci\u00f3 d&#8217;assetjament o agressi\u00f3. Estos punts actuen com a espais segurs on qualsevol persona pot informar-se, trobar suport o activar recursos d&#8217;emerg\u00e8ncia.<\/p>\n\n\n\n<p>A m\u00e9s, es continuar\u00e0 refor\u00e7ant la pres\u00e8ncia del Punt Violeta Digital, disponible les 24 hores del dia a trav\u00e9s de la web municipal&nbsp;<a href=\"https:\/\/torrent.es\/punto-violeta\/\" target=\"_blank\" rel=\"noreferrer noopener\">https:\/\/torrent.es\/punto-violeta\/<\/a>&nbsp;, amb materials informatius, guies d&#8217;actuaci\u00f3, recursos municipals i extramunicipales, test de detecci\u00f3 de viol\u00e8ncia i altres continguts clau per a fomentar una conviv\u00e8ncia segura.<\/p>\n\n\n\n<p><strong>Nous materials per a una prevenci\u00f3 efica\u00e7: clauers cobrix gots<\/strong><\/p>\n\n\n\n<p>Enguany, com a novetat, la Casa de la Dona repartir\u00e0 clauers cobrix gots, un material innovador que permet protegir les begudes enfront de possibles subst\u00e0ncies t\u00f2xiques, evitant aix\u00ed intents de submissi\u00f3 qu\u00edmica. Estos cobrix gots reutilitzables simbolitzen el comprom\u00eds del consistori amb una prevenci\u00f3 activa i tangible, que va m\u00e9s enll\u00e0 dels missatges i es tradu\u00efx en accions concretes per a protegir les dones en contextos de risc.<\/p>\n\n\n\n<p>A esta mesura se sumar\u00e0 tamb\u00e9 el repartiment de ventalls contra la LGTBIQ+f\u00f2bia, xapes amb missatges contra la viol\u00e8ncia sexual, polseres, xiulets d&#8217;alarma, fullets, calcomanies, ventalls, i altres materials de conscienciaci\u00f3 i sensibilitzaci\u00f3. Tot aix\u00f2 amb un enfocament did\u00e0ctic i participatiu que busca arribar a tots els perfils d&#8217;edat i p\u00fablics.<\/p>\n\n\n\n<p><strong>Activitats educatives i l\u00fadiques per a aprendre en igualtat<\/strong><\/p>\n\n\n\n<p>Els Punts Violeta inclouran enguany una programaci\u00f3 especial de jocs cooperatius per la igualtat, com el \u201cEndevina: gestos per la igualtat\u201d, per a la inf\u00e0ncia, i el joc familiar \u201cEl patri afartat\u201d, dirigit a adolescents i adults, els dos creats i editats per la pr\u00f2pia Casa de la Dona. A m\u00e9s, s&#8217;organitzaran tallers de xapes personalitzades, on la ciutadania podr\u00e0 crear les seues pr\u00f2pies ins\u00edgnies amb missatges com \u201cNo poses l&#8217;alcohol com a excusa\u201d o \u201cDe tornada a casa vull ser lliure, no valenta\u201d i \u201cJo 0,0 agressions sexuals\u201d.<\/p>\n\n\n\n<p><strong>Coordinaci\u00f3 institucional i adhesi\u00f3 al Protocol auton\u00f2mic<\/strong><\/p>\n\n\n\n<p>Estes pol\u00edtiques que el govern ve desenrotllant des de la seua entrada en 2023, es van enfortir amb l&#8217;adhesi\u00f3 de Torrent, a l&#8217;agost de 2024, al Protocol auton\u00f2mic d&#8217;actuaci\u00f3 contra les agressions sexuals en espais d&#8217;oci i festes, impulsat per la Generalitat Valenciana a trav\u00e9s del Comissionat per a la Lluita contra la Viol\u00e8ncia sobre la Dona. Esta adhesi\u00f3 permet al municipi beneficiar-se de materials, formaci\u00f3 i personal espec\u00edfic per a actuar davant qualsevol possible incid\u00e8ncia en esdeveniments de gran aflu\u00e8ncia com les festes patronals, millorant aix\u00ed la resposta institucional i optimitzant els recursos disponibles.<\/p>\n\n\n\n<p>La regidora de Dona, Amparo Chust, ha manifestat que&nbsp;<strong>\u201cTorrent se suma amb decisi\u00f3 i fermesa a totes les iniciatives que combaten la viol\u00e8ncia contra les dones i la LGTBIQ+f\u00f2bia. Els nostres Punts Violeta no s\u00f3n sol espais informatius, sin\u00f3 verdaders punts segurs que ens recorden que la festa ha de viure&#8217;s des del respecte, la llibertat i la conviv\u00e8ncia\u201d.<\/strong><\/p>\n\n\n\n<p><strong>Torrent, un municipi comprom\u00e9s amb unes festes lliures de viol\u00e8ncia sexual<\/strong><\/p>\n\n\n\n<p>Amb esta campanya, l&#8217;Ajuntament de Torrent renova i amplia el seu ferm comprom\u00eds amb una ciutat lliure de viol\u00e8ncies, en la qual les festes puguen gaudir-se amb alegria i responsabilitat per part de tota la ciutadania. La iniciativa complementa altres accions pr\u00e8vies impulsades des del consistori en esdeveniments com les Falles, el Mig Any, o les celebracions estivals, consolidant una estrat\u00e8gia estable i coherent de prevenci\u00f3 i actuaci\u00f3.<\/p>\n\n\n\n<p>El lema \u201cDe festa s\u00ed, per\u00f2 amb respecte. Torrent lliure de viol\u00e8ncia de g\u00e8nere\u201d resumix l&#8217;esperit d&#8217;esta proposta que, any rere any, es convertix en una refer\u00e8ncia en la Comunitat Valenciana com a model de festes segures, respectuoses i responsables.<\/p>\n\n\n\n<p>La regidora ha subratllat&nbsp;<strong>\u201cVolem que la ciutadania s&#8217;implique en esta causa. No n&#8217;hi ha prou amb dir que estem en contra de la viol\u00e8ncia: \u00e9s necessari actuar, acompanyar, previndre i detectar. Totes i tots som part de la soluci\u00f3.\u201d<\/strong><\/p>\n\n\n\n<p><strong>\u201cL&#8217;equip de govern de Torrent t\u00e9 toler\u00e0ncia zero davant qualsevol forma de viol\u00e8ncia masclista o discriminaci\u00f3 per ra\u00f3 d&#8217;identitat o orientaci\u00f3. Un comprom\u00eds que reforcem en les nostres benvolgudes festes per a compartir-les amb alegria i gaudir-les amb educaci\u00f3, responsabilitat i respecte\u201d<\/strong>, ha emfatitzat Chust.<\/p>\n\n\n\n<figure class=\"wp-block-gallery has-nested-images columns-default is-cropped wp-block-gallery-1 is-layout-flex wp-block-gallery-is-layout-flex\">\n<figure class=\"wp-block-image size-large\"><img fetchpriority=\"high\" decoding=\"async\" width=\"1024\" height=\"682\" data-id=\"83805\" src=\"https:\/\/infotorrent.es\/wp-content\/uploads\/2025\/07\/1-16-1024x682.jpg\" alt=\"\" class=\"wp-image-83805\" srcset=\"https:\/\/infotorrent.es\/wp-content\/uploads\/2025\/07\/1-16-1024x682.jpg 1024w, https:\/\/infotorrent.es\/wp-content\/uploads\/2025\/07\/1-16-300x200.jpg 300w, https:\/\/infotorrent.es\/wp-content\/uploads\/2025\/07\/1-16-768x512.jpg 768w, https:\/\/infotorrent.es\/wp-content\/uploads\/2025\/07\/1-16-1536x1023.jpg 1536w, https:\/\/infotorrent.es\/wp-content\/uploads\/2025\/07\/1-16.jpg 1600w\" sizes=\"(max-width: 1024px) 100vw, 1024px\" \/><\/figure>\n<\/figure>\n","protected":false},"excerpt":{"rendered":"<p>Igualtat, respecte i festa: Torrent impulsa una campanya integral amb tallers, jocs i material preventiu Unes celebracions amb prevenci\u00f3, informaci\u00f3, sensibilitzaci\u00f3 i espais segurs: dos Punts Violeta, punt digital 24h i repartiment de cobrix gots Enguany, com a novetat, la Casa de la Dona repartir\u00e0 clauers cobrix gots L&#8217;Ajuntament de Torrent, a trav\u00e9s de la [&hellip;]<\/p>\n","protected":false},"author":14,"featured_media":83805,"comment_status":"open","ping_status":"open","sticky":false,"template":"","format":"standard","meta":{"_acf_changed":false,"footnotes":""},"categories":[1190,1162,152],"tags":[],"class_list":["post-83808","post","type-post","status-publish","format-standard","has-post-thumbnail","hentry","category-ayuntamiento-de-torrent-ca","category-casa-de-la-dona-ca","category-igualtat"],"acf":[],"_links":{"self":[{"href":"https:\/\/infotorrent.es\/ca\/wp-json\/wp\/v2\/posts\/83808","targetHints":{"allow":["GET"]}}],"collection":[{"href":"https:\/\/infotorrent.es\/ca\/wp-json\/wp\/v2\/posts"}],"about":[{"href":"https:\/\/infotorrent.es\/ca\/wp-json\/wp\/v2\/types\/post"}],"author":[{"embeddable":true,"href":"https:\/\/infotorrent.es\/ca\/wp-json\/wp\/v2\/users\/14"}],"replies":[{"embeddable":true,"href":"https:\/\/infotorrent.es\/ca\/wp-json\/wp\/v2\/comments?post=83808"}],"version-history":[{"count":1,"href":"https:\/\/infotorrent.es\/ca\/wp-json\/wp\/v2\/posts\/83808\/revisions"}],"predecessor-version":[{"id":83810,"href":"https:\/\/infotorrent.es\/ca\/wp-json\/wp\/v2\/posts\/83808\/revisions\/83810"}],"wp:featuredmedia":[{"embeddable":true,"href":"https:\/\/infotorrent.es\/ca\/wp-json\/wp\/v2\/media\/83805"}],"wp:attachment":[{"href":"https:\/\/infotorrent.es\/ca\/wp-json\/wp\/v2\/media?parent=83808"}],"wp:term":[{"taxonomy":"category","embeddable":true,"href":"https:\/\/infotorrent.es\/ca\/wp-json\/wp\/v2\/categories?post=83808"},{"taxonomy":"post_tag","embeddable":true,"href":"https:\/\/infotorrent.es\/ca\/wp-json\/wp\/v2\/tags?post=83808"}],"curies":[{"name":"wp","href":"https:\/\/api.w.org\/{rel}","templated":true}]}}