{"id":8379,"date":"2017-01-23T11:15:51","date_gmt":"2017-01-23T11:15:51","guid":{"rendered":"https:\/\/infotorrent.es\/uncategorized\/la-aecc-presenta-la-run-cancer-2017\/"},"modified":"2017-01-23T11:15:51","modified_gmt":"2017-01-23T11:15:51","slug":"la-aecc-presenta-la-run-cancer-2017","status":"publish","type":"post","link":"https:\/\/infotorrent.es\/ca\/uncategorized\/la-aecc-presenta-la-run-cancer-2017\/","title":{"rendered":"L\u2019AECC presenta la Run C\u00e0ncer 2017"},"content":{"rendered":"<p style=\"text-align: center;\"><strong>El dia 23 de setembre Torrent acollir\u00e0 la I Carrera i la II Marxa Solid\u00e0ries contra el C\u00e0ncer<\/strong><\/p>\n<p style=\"text-align: center;\">\n<p style=\"text-align: justify;\">L\u2019AECC Val\u00e8ncia va presentar dimecres al mat\u00ed en el Complex Esportiu Cultural de la Petxina, la carrera Run C\u00e0ncer Val\u00e8ncia 2017. Un circuit de marxes i carreres solid\u00e0ries m\u00e9s gran de tot Europa, i Torrent s\u2019hi suma per segon any consecutiu per a lluitar contra el c\u00e0ncer. Enguany s&#8217;inclou la gran novetat d&#8217;una carrera amb classificaci\u00f3, a m\u00e9s de la marxa no competitiva que es f\u00e9u l&#8217;any passat, que va tenir 1.300 participants i en la qual es van recaptar un total de 6.550 euros. La data per a esta iniciativa s&#8217;ha programat per al dia 23 de setembre de 2017.<\/p>\n<p>L&#8217;acte de presentaci\u00f3 va comptar amb la pres\u00e8ncia de 150 persones, entre membres de les juntes locals, investigadors i representants institucionals i de l&#8217;\u00e0mbit esportiu, i no hi va faltar les representants de l&#8217;associaci\u00f3 de Torrent, aix\u00ed com la regidora d&#8217;Esports, Nadia Mar\u00edn. \u201cL&#8217;any passat la marxa va ser tot un \u00e8xit i s\u2019hi arrepleg\u00e0 una suma elevada per a poder prevenir i investigar sobre esta malaltia. Per aix\u00f2, enguany hem pujat un gra\u00f3, oferint la possibilitat de participar tamb\u00e9 en una carrera amb classificaci\u00f3, i augmentar aix\u00ed la participaci\u00f3 de corredors de la lluita contra esta malaltia\u201d, declara la regidora.<\/p>\n<p>A m\u00e9s en l&#8217;acte s&#8217;ha fet lliurament de les beques per als treballs de recerca de cinc j\u00f3vens valencians, amb les recaptacions obtingudes en el circuit 2016. Entre ells, es troben treballs per a millorar el tractament i abordatge de tumors d&#8217;alt impacte com el de pulm\u00f3, c\u00f2lon o met\u00e0stasi cerebral en mama, per\u00f2 tamb\u00e9 en tumors rars com la s\u00edndrome mielodispl\u00e0sica.<br \/>\nPer a completar el circuit que consta de 40 marxes i 20 carreres i on participen 60 municipis, tamb\u00e9 se celebrar\u00e0 l&#8217;acte \u2018Val\u00e8ncia Contra el C\u00e0ncer\u2019, que tindr\u00e0 lloc el 29 d&#8217;octubre, per a col\u00b7laborar de forma activa i saludable amb esta causa.<\/p>\n","protected":false},"excerpt":{"rendered":"<p>El dia 23 de setembre Torrent acollir\u00e0 la I Carrera i la II Marxa Solid\u00e0ries contra el C\u00e0ncer L\u2019AECC Val\u00e8ncia va presentar dimecres al mat\u00ed en el Complex Esportiu Cultural de la Petxina, la carrera Run C\u00e0ncer Val\u00e8ncia 2017. Un circuit de marxes i carreres solid\u00e0ries m\u00e9s gran de tot Europa, i Torrent s\u2019hi suma [&hellip;]<\/p>\n","protected":false},"author":13,"featured_media":1137,"comment_status":"open","ping_status":"open","sticky":false,"template":"","format":"standard","meta":{"_acf_changed":false,"footnotes":""},"categories":[123,116,25],"tags":[],"class_list":["post-8379","post","type-post","status-publish","format-standard","has-post-thumbnail","hentry","category-joventut-i-esports","category-noticies","category-uncategorized"],"acf":[],"_links":{"self":[{"href":"https:\/\/infotorrent.es\/ca\/wp-json\/wp\/v2\/posts\/8379","targetHints":{"allow":["GET"]}}],"collection":[{"href":"https:\/\/infotorrent.es\/ca\/wp-json\/wp\/v2\/posts"}],"about":[{"href":"https:\/\/infotorrent.es\/ca\/wp-json\/wp\/v2\/types\/post"}],"author":[{"embeddable":true,"href":"https:\/\/infotorrent.es\/ca\/wp-json\/wp\/v2\/users\/13"}],"replies":[{"embeddable":true,"href":"https:\/\/infotorrent.es\/ca\/wp-json\/wp\/v2\/comments?post=8379"}],"version-history":[{"count":0,"href":"https:\/\/infotorrent.es\/ca\/wp-json\/wp\/v2\/posts\/8379\/revisions"}],"wp:featuredmedia":[{"embeddable":true,"href":"https:\/\/infotorrent.es\/ca\/wp-json\/wp\/v2\/media\/1137"}],"wp:attachment":[{"href":"https:\/\/infotorrent.es\/ca\/wp-json\/wp\/v2\/media?parent=8379"}],"wp:term":[{"taxonomy":"category","embeddable":true,"href":"https:\/\/infotorrent.es\/ca\/wp-json\/wp\/v2\/categories?post=8379"},{"taxonomy":"post_tag","embeddable":true,"href":"https:\/\/infotorrent.es\/ca\/wp-json\/wp\/v2\/tags?post=8379"}],"curies":[{"name":"wp","href":"https:\/\/api.w.org\/{rel}","templated":true}]}}