{"id":83682,"date":"2025-07-15T12:39:22","date_gmt":"2025-07-15T10:39:22","guid":{"rendered":"https:\/\/infotorrent.es\/?p=83682"},"modified":"2025-07-15T12:42:12","modified_gmt":"2025-07-15T10:42:12","slug":"cita-amb-la-musica-festera-a-torrent-presentacio-del-nou-llibre-de-la-colleccio-gran-torrent","status":"publish","type":"post","link":"https:\/\/infotorrent.es\/ca\/cultura-es-2\/cita-amb-la-musica-festera-a-torrent-presentacio-del-nou-llibre-de-la-colleccio-gran-torrent\/","title":{"rendered":"Cita amb la m\u00fasica festera a Torrent: presentaci\u00f3 del nou llibre de la col\u00b7lecci\u00f3 &#8220;Gran Torrent&#8221;"},"content":{"rendered":"\n<h4 class=\"wp-block-heading\">La m\u00fasica festera, protagonista a Torrent amb la presentaci\u00f3 d\u2019un llibre que ret homenatge als seus compositors i que es presenta dimecres 16 de juliol<\/h4>\n\n\n\n<p>La Sala C\u00edvica de l\u2019Antic Mercat acull dem\u00e0 dimecres, 16 de juliol, a les 19.30 hores, l\u2019esperada presentaci\u00f3 del llibre&nbsp;<em>M\u00fasica Festera a Torrent<\/em>, tercer volum de la col\u00b7lecci\u00f3 editorial \u201cGran Torrent\u201d impulsada per la Regidoria de Cultura de l\u2019Ajuntament de Torrent.<\/p>\n\n\n\n<p>L\u2019obra, escrita pel professor i divulgador musical Bernardo Mora-Fandos, \u00e9s una ambiciosa recopilaci\u00f3 i an\u00e0lisi del patrimoni musical vinculat a les festes de Moros i Cristians de la ciutat. A trav\u00e9s d\u2019un estudi detallat de 37 peces \u201416 marxes mores, 18 marxes cristianes i tres composicions especials\u2014 es posa en valor el llegat musical de Torrent, amb obres creades per m\u00fasics locals o dedicades a comparses, filaes, c\u00e0rrecs o figures destacades de l\u2019\u00e0mbit fester.<\/p>\n\n\n\n<p>Cada composici\u00f3 compta amb la seua fitxa t\u00e8cnica, an\u00e0lisi musical i fotografies.<\/p>\n\n\n\n<p>El llibre s\u2019enriqueix a m\u00e9s amb tres articles signats per especialistes en l\u2019\u00e0mbit acad\u00e8mic i musical. El pr\u00f2leg,&nbsp;<em>Import\u00e0ncia i evoluci\u00f3 del llenguatge en la m\u00fasica festera<\/em>, ha sigut escrit per Juan Carlos Sempere Bombo\u00ed, president de l\u2019Associaci\u00f3 de Compositors de M\u00fasica de Moros i Cristians (ACMMIC).<\/p>\n\n\n\n<p>El segueix&nbsp;<em>El batec sonor de Torrent: valor social i cultural de la m\u00fasica en les festes de Moros i Cristians<\/em>, a c\u00e0rrec d\u2019un equip de la Universitat Polit\u00e8cnica de Val\u00e8ncia format per Daniel Catal\u00e0 P\u00e9rez, Blanca de Miguel Molina, Mar\u00eda de Miguel Molina i Conrado Carrascosa L\u00f3pez. Tanca l\u2019apartat te\u00f2ric el text&nbsp;<em>Sons de la identitat festera: la m\u00fasica de Moros i Cristians a la Comunitat Valenciana<\/em>, de la professora Ana Mar\u00eda Botella Nicol\u00e1s (Universitat de Val\u00e8ncia).<\/p>\n\n\n\n<p>El regidor de Cultura, Aitor S\u00e1nchez, ha subratllat que \u201ceste nou llibre de la col\u00b7lecci\u00f3 Gran Torrent posa en valor l\u2019immens llegat musical de les nostres festes i ret homenatge a generacions de compositors torrentins que, amb el seu talent, han donat identitat sonora a Torrent\u201d.<\/p>\n\n\n\n<p>Per la seua banda, l\u2019alcaldessa Amparo Folgado, en el saluda que encap\u00e7ala la publicaci\u00f3, destaca que \u201cla m\u00fasica festera no \u00e9s nom\u00e9s un acompanyament sonor, sin\u00f3 el fil conductor que ens uneix, que marca el ritme de les nostres emocions i que dona identitat pr\u00f2pia a cada acte\u201d. L\u2019alcaldessa agraix especialment el treball de Mora-Fandos i de tots els col\u00b7laboradors per contribuir a preservar el patrimoni musical per a les generacions futures.<\/p>\n\n\n\n<p>L\u2019entrada a l\u2019acte ser\u00e0 lliure fins a completar aforament. Una cita imprescindible per als amants de la m\u00fasica festera, de la hist\u00f2ria local i de la cultura torrentina.<\/p>\n\n\n\n<figure class=\"wp-block-image size-large\"><img fetchpriority=\"high\" decoding=\"async\" width=\"1024\" height=\"1024\" src=\"https:\/\/infotorrent.es\/wp-content\/uploads\/2025\/07\/musica-festera-1024x1024.jpg\" alt=\"\" class=\"wp-image-83679\" srcset=\"https:\/\/infotorrent.es\/wp-content\/uploads\/2025\/07\/musica-festera-1024x1024.jpg 1024w, https:\/\/infotorrent.es\/wp-content\/uploads\/2025\/07\/musica-festera-300x300.jpg 300w, https:\/\/infotorrent.es\/wp-content\/uploads\/2025\/07\/musica-festera-150x150.jpg 150w, https:\/\/infotorrent.es\/wp-content\/uploads\/2025\/07\/musica-festera-768x768.jpg 768w, https:\/\/infotorrent.es\/wp-content\/uploads\/2025\/07\/musica-festera-1536x1536.jpg 1536w, https:\/\/infotorrent.es\/wp-content\/uploads\/2025\/07\/musica-festera-700x700.jpg 700w, https:\/\/infotorrent.es\/wp-content\/uploads\/2025\/07\/musica-festera.jpg 1600w\" sizes=\"(max-width: 1024px) 100vw, 1024px\" \/><\/figure>\n","protected":false},"excerpt":{"rendered":"<p>La m\u00fasica festera, protagonista a Torrent amb la presentaci\u00f3 d\u2019un llibre que ret homenatge als seus compositors i que es presenta dimecres 16 de juliol La Sala C\u00edvica de l\u2019Antic Mercat acull dem\u00e0 dimecres, 16 de juliol, a les 19.30 hores, l\u2019esperada presentaci\u00f3 del llibre&nbsp;M\u00fasica Festera a Torrent, tercer volum de la col\u00b7lecci\u00f3 editorial \u201cGran [&hellip;]<\/p>\n","protected":false},"author":14,"featured_media":83679,"comment_status":"open","ping_status":"open","sticky":false,"template":"","format":"standard","meta":{"_acf_changed":false,"footnotes":""},"categories":[1190,126],"tags":[],"class_list":["post-83682","post","type-post","status-publish","format-standard","has-post-thumbnail","hentry","category-ayuntamiento-de-torrent-ca","category-cultura-es-2"],"acf":[],"_links":{"self":[{"href":"https:\/\/infotorrent.es\/ca\/wp-json\/wp\/v2\/posts\/83682","targetHints":{"allow":["GET"]}}],"collection":[{"href":"https:\/\/infotorrent.es\/ca\/wp-json\/wp\/v2\/posts"}],"about":[{"href":"https:\/\/infotorrent.es\/ca\/wp-json\/wp\/v2\/types\/post"}],"author":[{"embeddable":true,"href":"https:\/\/infotorrent.es\/ca\/wp-json\/wp\/v2\/users\/14"}],"replies":[{"embeddable":true,"href":"https:\/\/infotorrent.es\/ca\/wp-json\/wp\/v2\/comments?post=83682"}],"version-history":[{"count":1,"href":"https:\/\/infotorrent.es\/ca\/wp-json\/wp\/v2\/posts\/83682\/revisions"}],"predecessor-version":[{"id":83684,"href":"https:\/\/infotorrent.es\/ca\/wp-json\/wp\/v2\/posts\/83682\/revisions\/83684"}],"wp:featuredmedia":[{"embeddable":true,"href":"https:\/\/infotorrent.es\/ca\/wp-json\/wp\/v2\/media\/83679"}],"wp:attachment":[{"href":"https:\/\/infotorrent.es\/ca\/wp-json\/wp\/v2\/media?parent=83682"}],"wp:term":[{"taxonomy":"category","embeddable":true,"href":"https:\/\/infotorrent.es\/ca\/wp-json\/wp\/v2\/categories?post=83682"},{"taxonomy":"post_tag","embeddable":true,"href":"https:\/\/infotorrent.es\/ca\/wp-json\/wp\/v2\/tags?post=83682"}],"curies":[{"name":"wp","href":"https:\/\/api.w.org\/{rel}","templated":true}]}}