{"id":83656,"date":"2025-07-14T10:45:00","date_gmt":"2025-07-14T08:45:00","guid":{"rendered":"https:\/\/infotorrent.es\/?p=83656"},"modified":"2025-07-14T11:37:30","modified_gmt":"2025-07-14T09:37:30","slug":"torrent-reforca-la-seua-aposta-per-la-cultura-accessible-amb-lobertura-per-tercer-any-consecutiu-de-la-biblioteca-de-la-piscina-del-vedat","status":"publish","type":"post","link":"https:\/\/infotorrent.es\/ca\/cultura-es-2\/torrent-reforca-la-seua-aposta-per-la-cultura-accessible-amb-lobertura-per-tercer-any-consecutiu-de-la-biblioteca-de-la-piscina-del-vedat\/","title":{"rendered":"Torrent refor\u00e7a la seua aposta per la cultura accessible amb l&#8217;obertura, per tercer any consecutiu, de la Biblioteca de la Piscina del Vedat"},"content":{"rendered":"\n<h4 class=\"wp-block-heading\"><strong>Torna \u2018Bibliopiscina Parc El Vedat\u2019, una iniciativa que se submergix i conjumina lectura, oci i cultura en un entorn l\u00fadic a l&#8217;aire lliure, fomentant l&#8217;h\u00e0bit lector entre persones de totes les edats durant l&#8217;estiu<\/strong><\/h4>\n\n\n\n<p>La piscina municipal del Vedat torna a convertir-se este estiu en un espai per al foment de la lectura amb la reobertura de la seua ja consolidada \u2018Bibliopiscina\u2019. Per tercer any consecutiu, l&#8217;Ajuntament de Torrent, a trav\u00e9s de la delegaci\u00f3 de Cultura, el 4 de juliol va posar en marxa esta iniciativa que busca oferir als usuaris i usu\u00e0ries un complement cultural i d&#8217;oci durant la seua jornada estival.<\/p>\n\n\n\n<p>Des de juliol de 2023, esta biblioteca ha guanyat adeptes i reconeixement com un punt de trobada entre el descans i la cultura, oferint llibres i revistes de lliure acc\u00e9s als banyistes, que poden agafar i deixar els exemplars al seu gust sense necessitat de registre ni control. Estar\u00e0 disponible durant tota la temporada de bany, fins al 31 d&#8217;agost.<\/p>\n\n\n\n<p><strong>\u201cVolem que cada rac\u00f3 de Torrent, a l&#8217;estiu, siga tamb\u00e9 un rac\u00f3 per a llegir, per a somiar i per a cr\u00e9ixer. Esta biblioteca a l&#8217;aire lliure \u00e9s una invitaci\u00f3 al fet que la cultura es cole entre capbuss\u00f3 i capbuss\u00f3, i al fet que la lectura es visca tamb\u00e9 com una experi\u00e8ncia d&#8217;estiu\u201d<\/strong>, ha manifestat l&#8217;alcaldessa, Amparo Folgado, qui ha visitat les instal\u00b7lacions de la Piscina i ha compartit uns minuts amb els primers usuaris de la \u2018Bibliopiscina\u2019.<\/p>\n\n\n\n<p>La \u2018Bibliopiscina Parc El Vedat\u2019 es presenta com un espai obert a totes les edats, on es fomenta especialment la lectura entre el p\u00fablic infantil i juvenil amb una selecci\u00f3 de t\u00edtols adaptats a diferents nivells, gustos i edats. Des de revistes d&#8217;entreteniment, contes, llibres, novel\u00b7les breus, entre altres. La col\u00b7lecci\u00f3 es renova durant tota la temporada per a mantindre l&#8217;inter\u00e9s i oferir una experi\u00e8ncia atractiva per a tots els p\u00fablics.<\/p>\n\n\n\n<p><strong>\u201cL&#8217;\u00e8xit d&#8217;esta iniciativa demostra que la lectura no t\u00e9 per qu\u00e8 estar vinculada exclusivament a espais silenciosos i tancats. La piscina pot ser tamb\u00e9 un lloc on submergir-se en les p\u00e0gines d&#8217;un bon llibre, en un entorn relaxat i natural. Volem trencar barreres i fer de la lectura una cosa quotidiana, accessible i divertit\u201d<\/strong>, ha destacat el regidor de Cultura, Aitor S\u00e1nchez.<\/p>\n\n\n\n<p>A m\u00e9s del seu car\u00e0cter accessible, gratu\u00eft i participatiu, la \u2018Bibliopiscina\u2019 forma part d&#8217;una l\u00ednia estrat\u00e8gica del consistori per a estendre la cultura a peu de carrer -i en este cas, a peu de piscina-, refor\u00e7ant la idea que la lectura \u00e9s un dret que ha de poder exercir-se en tots els espais de la vida quotidiana. En esta mateixa l\u00ednia, l&#8217;Ajuntament ha vingut implementant altres propostes com els punts de lectura lliure en edificis municipals i espais p\u00fablics.<\/p>\n\n\n\n<p>L&#8217;acolliment d&#8217;esta iniciativa en edicions anteriors ha sigut molt positiva, tant per part de la ciutadania com dels professionals que atenen el recinte. El respecte als materials, l&#8217;\u00fas responsable i la rotaci\u00f3 de llibres per part dels usuaris han perm\u00e9s que esta proposta es consolide com una f\u00f3rmula d&#8217;\u00e8xit i conviv\u00e8ncia entre oci i cultura.<\/p>\n\n\n\n<p><strong>\u201cTorrent est\u00e0 demostrant que apostar per la lectura no \u00e9s nom\u00e9s posar llibres en prestatgeries, sin\u00f3 tamb\u00e9 acostar-los on est\u00e0 la vida de les persones. Eixa \u00e9s l&#8217;ess\u00e8ncia de la nostra pol\u00edtica cultural: convertir la ciutat en una gran biblioteca viva\u201d<\/strong>, ha subratllat Folgado.<\/p>\n\n\n\n<p>Este rac\u00f3 lector en la piscina Parc Vedat se suma aix\u00ed a altres iniciatives com la xarxa de b\u00fasties liter\u00e0ries urbanes, que l&#8217;Ajuntament de Torrent va posar en marxa el mes d&#8217;abril passat amb motiu del Dia Internacional del Llibre, i que compartix amb \u2018Bibliopiscina\u2019, un model de funcionament basat en la lectura lliure, l&#8217;acc\u00e9s gratu\u00eft i la participaci\u00f3 ciutadana.<\/p>\n\n\n\n<p>Iniciatives amb les quals el consistori torrentino reafirma el seu comprom\u00eds amb una cultura participativa, sostenible i inclusiva.<\/p>\n\n\n\n<figure class=\"wp-block-gallery has-nested-images columns-default is-cropped wp-block-gallery-1 is-layout-flex wp-block-gallery-is-layout-flex\">\n<figure class=\"wp-block-image size-large\"><img fetchpriority=\"high\" decoding=\"async\" width=\"1024\" height=\"682\" data-id=\"83653\" src=\"https:\/\/infotorrent.es\/wp-content\/uploads\/2025\/07\/5-6-1024x682.jpg\" alt=\"\" class=\"wp-image-83653\" srcset=\"https:\/\/infotorrent.es\/wp-content\/uploads\/2025\/07\/5-6-1024x682.jpg 1024w, https:\/\/infotorrent.es\/wp-content\/uploads\/2025\/07\/5-6-300x200.jpg 300w, https:\/\/infotorrent.es\/wp-content\/uploads\/2025\/07\/5-6-768x512.jpg 768w, https:\/\/infotorrent.es\/wp-content\/uploads\/2025\/07\/5-6-1536x1023.jpg 1536w, https:\/\/infotorrent.es\/wp-content\/uploads\/2025\/07\/5-6.jpg 1600w\" sizes=\"(max-width: 1024px) 100vw, 1024px\" \/><\/figure>\n\n\n\n<figure class=\"wp-block-image size-large\"><img decoding=\"async\" width=\"512\" height=\"1024\" data-id=\"83651\" src=\"https:\/\/infotorrent.es\/wp-content\/uploads\/2025\/07\/foto-512x1024.jpg\" alt=\"\" class=\"wp-image-83651\" srcset=\"https:\/\/infotorrent.es\/wp-content\/uploads\/2025\/07\/foto-512x1024.jpg 512w, https:\/\/infotorrent.es\/wp-content\/uploads\/2025\/07\/foto-150x300.jpg 150w, https:\/\/infotorrent.es\/wp-content\/uploads\/2025\/07\/foto-768x1536.jpg 768w, https:\/\/infotorrent.es\/wp-content\/uploads\/2025\/07\/foto.jpg 800w\" sizes=\"(max-width: 512px) 100vw, 512px\" \/><\/figure>\n<\/figure>\n","protected":false},"excerpt":{"rendered":"<p>Torna \u2018Bibliopiscina Parc El Vedat\u2019, una iniciativa que se submergix i conjumina lectura, oci i cultura en un entorn l\u00fadic a l&#8217;aire lliure, fomentant l&#8217;h\u00e0bit lector entre persones de totes les edats durant l&#8217;estiu La piscina municipal del Vedat torna a convertir-se este estiu en un espai per al foment de la lectura amb la [&hellip;]<\/p>\n","protected":false},"author":14,"featured_media":83653,"comment_status":"open","ping_status":"open","sticky":false,"template":"","format":"standard","meta":{"_acf_changed":false,"footnotes":""},"categories":[1190,126],"tags":[],"class_list":["post-83656","post","type-post","status-publish","format-standard","has-post-thumbnail","hentry","category-ayuntamiento-de-torrent-ca","category-cultura-es-2"],"acf":[],"_links":{"self":[{"href":"https:\/\/infotorrent.es\/ca\/wp-json\/wp\/v2\/posts\/83656","targetHints":{"allow":["GET"]}}],"collection":[{"href":"https:\/\/infotorrent.es\/ca\/wp-json\/wp\/v2\/posts"}],"about":[{"href":"https:\/\/infotorrent.es\/ca\/wp-json\/wp\/v2\/types\/post"}],"author":[{"embeddable":true,"href":"https:\/\/infotorrent.es\/ca\/wp-json\/wp\/v2\/users\/14"}],"replies":[{"embeddable":true,"href":"https:\/\/infotorrent.es\/ca\/wp-json\/wp\/v2\/comments?post=83656"}],"version-history":[{"count":1,"href":"https:\/\/infotorrent.es\/ca\/wp-json\/wp\/v2\/posts\/83656\/revisions"}],"predecessor-version":[{"id":83658,"href":"https:\/\/infotorrent.es\/ca\/wp-json\/wp\/v2\/posts\/83656\/revisions\/83658"}],"wp:featuredmedia":[{"embeddable":true,"href":"https:\/\/infotorrent.es\/ca\/wp-json\/wp\/v2\/media\/83653"}],"wp:attachment":[{"href":"https:\/\/infotorrent.es\/ca\/wp-json\/wp\/v2\/media?parent=83656"}],"wp:term":[{"taxonomy":"category","embeddable":true,"href":"https:\/\/infotorrent.es\/ca\/wp-json\/wp\/v2\/categories?post=83656"},{"taxonomy":"post_tag","embeddable":true,"href":"https:\/\/infotorrent.es\/ca\/wp-json\/wp\/v2\/tags?post=83656"}],"curies":[{"name":"wp","href":"https:\/\/api.w.org\/{rel}","templated":true}]}}