{"id":83635,"date":"2025-07-14T09:41:49","date_gmt":"2025-07-14T07:41:49","guid":{"rendered":"https:\/\/infotorrent.es\/?p=83635"},"modified":"2025-07-14T09:54:50","modified_gmt":"2025-07-14T07:54:50","slug":"andrea-adelantado-montoya-i-sara-magan-miquel-falleres-majors-de-torrent-2026","status":"publish","type":"post","link":"https:\/\/infotorrent.es\/ca\/cultura-es-2\/andrea-adelantado-montoya-i-sara-magan-miquel-falleres-majors-de-torrent-2026\/","title":{"rendered":"Andrea Adelantado Montoya i Sara Mag\u00e1n Miquel, Falleres Majors de Torrent 2026"},"content":{"rendered":"\n<p><strong>L&#8217;\u00c0gora de Parc Central ha acollit l&#8217;elecci\u00f3 de les m\u00e0ximes representants falleres de la ciutat i les seues corts d&#8217;honor, en un acte carregat d&#8217;emoci\u00f3 i sentiment.<\/strong><\/p>\n\n\n\n<p>L&#8217;\u00c0gora de Parc Central s&#8217;ha convertit en l&#8217;escenari d&#8217;una vesprada m\u00e0gica per al m\u00f3n faller, en acollir l&#8217;acte d&#8217;elecci\u00f3 de les m\u00e0ximes representants de les Falles de Torrent per a l&#8217;exercici 2025-2026. Amb una atmosfera repleta d&#8217;emoci\u00f3 i entusiasme, Andrea Adelantado Montoya, de la Falla Saragossa-Parc Central, i Sara Mag\u00e1n Miquel, de la Falla Avinguda, han sigut nomenades Fallera Major i Fallera Major Infantil de la ciutat per a l&#8217;any 2026.<\/p>\n\n\n\n<p><br>Amb 27 anys, Andrea Adelantado Montoya \u00e9s infermera i exercix la seua labor professional en una resid\u00e8ncia per a persones majors. Fallera des de la inf\u00e0ncia, es definix com una apassionada de les tradicions i valora profundament l&#8217;aspecte cultural de la festa. Entre els seus elements favorits destaca el monument faller, especialment aquells de tall cl\u00e0ssic, que considera essencials en l&#8217;ess\u00e8ncia de la festa.<\/p>\n\n\n\n<p><br>Per part seua, la nova Fallera Major Infantil, Sara Mag\u00e1n Miquel, d&#8217;11 anys, cursa sext de prim\u00e0ria en el col\u00b7legi Ntra. Sra. de Mont-Si\u00f3n. Per a ella, les falles representen una mescla \u00fanica de cultura, alegria, tradici\u00f3 i, sobretot, una gran fam\u00edlia fallera que li ompli d&#8217;il\u00b7lusi\u00f3.<\/p>\n\n\n\n<p><br>La gala s&#8217;ha celebrat este diumenge, ja que, a causa de l&#8217;av\u00eds especial del Centre de Coordinaci\u00f3 d&#8217;Emerg\u00e8ncies per l&#8217;arribada d&#8217;una DANA, el CECOPAL celebrat el divendres a l&#8217;Ajuntament de Torrent, va decidir posposar tots els actes previstos per al dissabte 12 de juliol.<\/p>\n\n\n\n<p><br>La Gala titulada \u201cIl\u00b7lusions\u201d ha arrancat a les 19.30 hores amb la benvinguda a les Corts d&#8217;Honor i Falleres Majors de 2025, Alicia Moreno Jim\u00e9nez i Ana Barber\u00e1 Palop, els qui han sigut rebudes per l&#8217;alcaldessa Amparo Folgado i el regidor de Falles Aitor S\u00e1nchez.<\/p>\n\n\n\n<p><br>Alicia i Ana han oferit un emotiu discurs conjunt, intercanviant les seues paraules amb gran complicitat. Han agra\u00eft a totes les persones que les han acompanyades en esta intensa experi\u00e8ncia, amb una especial menci\u00f3 a les seues fam\u00edlies i a les integrants de les seues respectives Corts d&#8217;Honor.<\/p>\n\n\n\n<p><br>Despr\u00e9s d&#8217;una vistosa actuaci\u00f3 musical amb tem\u00e0tica fallera i entorn a les il\u00b7lusions, ha arribat un dels moments m\u00e9s simb\u00f2lics de la nit: la presentaci\u00f3 de les 18 candidates a Falleres Majors, nou j\u00f3vens i nou infantils, que han pujat a l&#8217;escenari per a iniciar oficialment el nou cicle faller. Finalment, en un ambient d&#8217;expectaci\u00f3, l&#8217;alcaldessa ha rebut els sobres per part d&#8217;un membre del jurat i ha procedit a la seua lectura, anunciant els noms de les triades, que no han vist fet realitat el seu somni de ser les m\u00e0ximes representants falleres de la ciutat per a l&#8217;any 2026.<br>Posteriorment, l&#8217;alcaldessa Amparo Folgado ha felicitat a Andrea i a Sara per \u201cel privilegi de ser les ambaixadores de Torrent en les Falles 2026\u201d, i les ha animades a disfrutar intensament de \u201cun any carregat de viv\u00e8ncies irrepetibles al costat de les seues Corts, fam\u00edlia, amics i fallers\u201d.<\/p>\n\n\n\n<p>Despr\u00e9s de l&#8217;acte d&#8217;elecci\u00f3, el pr\u00f2xim acte ser\u00e0 la proclamaci\u00f3 d&#8217;Andrea i Sara com a Falleres Majors de Torrent.<\/p>\n\n\n\n<p><strong>Cort d&#8217;Honor Fallera Major de Torrent 2026:<\/strong><\/p>\n\n\n\n<p>Sara Teruel i Cabrera \u2013 Falla Cronista Vicent Beguer i Esteve<\/p>\n\n\n\n<p>Vanessa Maroto i Esteve \u2013 Falla Avinguda<\/p>\n\n\n\n<p>Andrea Linares i Felipe \u2013 Falla Lope de Rueda i Verge del Puig<\/p>\n\n\n\n<p>Marta Mart\u00ednez i Pastor \u2013 Falla II Tram Avinguda Pais Valenci\u00e0<\/p>\n\n\n\n<p>Celeste Herraiz i Rosa \u2013 Falla Antoni Pardo<\/p>\n\n\n\n<p>Mireia Peinado i Arce \u2013 Falla Nicolau Andreu<\/p>\n\n\n\n<p>Laura Gonz\u00e1lez i Carratal\u00e0 \u2013 Falla Sedav\u00ed<\/p>\n\n\n\n<p>Beatriz Ruiz i C\u00f3cera \u2013 Falla Escultor Vicent Pallard\u00f3<\/p>\n\n\n\n<p><strong>Cort d&#8217;Honor Fallera Major Infantil de Torrent 2026:<\/strong><\/p>\n\n\n\n<p>Elsa Aranda i Lara \u2013 Falla Carrer Toledo<\/p>\n\n\n\n<p>Mar\u00eda S\u00e1nchez i Gom\u00e1riz \u2013 Falla Lope de Rueda i Verge del Puig<\/p>\n\n\n\n<p>Patricia Barila i Hidalgo \u2013 Falla Av. Reina Sofia<\/p>\n\n\n\n<p>Martina Fern\u00e1ndez i Luis \u2013 Falla Nicolau Andreu<\/p>\n\n\n\n<p>Maria Bonet i Montoro \u2013 Falla Carrer Benem\u00e8rita<\/p>\n\n\n\n<p>Olga Garc\u00eda i Ort\u00ed \u2013 Falla Sedav\u00ed<\/p>\n\n\n\n<p>Carla Linares i Miquel \u2013 Falla Antoni Pardo<\/p>\n\n\n\n<p>Olivia Chust i L\u00f3pez \u2013 Falla Cronista Vicent Beguer i Esteve<\/p>\n","protected":false},"excerpt":{"rendered":"<p>L&#8217;\u00c0gora de Parc Central ha acollit l&#8217;elecci\u00f3 de les m\u00e0ximes representants falleres de la ciutat i les seues corts d&#8217;honor, en un acte carregat d&#8217;emoci\u00f3 i sentiment. L&#8217;\u00c0gora de Parc Central s&#8217;ha convertit en l&#8217;escenari d&#8217;una vesprada m\u00e0gica per al m\u00f3n faller, en acollir l&#8217;acte d&#8217;elecci\u00f3 de les m\u00e0ximes representants de les Falles de Torrent [&hellip;]<\/p>\n","protected":false},"author":15,"featured_media":83633,"comment_status":"open","ping_status":"open","sticky":false,"template":"","format":"standard","meta":{"_acf_changed":false,"footnotes":""},"categories":[126,1171],"tags":[],"class_list":["post-83635","post","type-post","status-publish","format-standard","has-post-thumbnail","hentry","category-cultura-es-2","category-fallas-ca"],"acf":[],"_links":{"self":[{"href":"https:\/\/infotorrent.es\/ca\/wp-json\/wp\/v2\/posts\/83635","targetHints":{"allow":["GET"]}}],"collection":[{"href":"https:\/\/infotorrent.es\/ca\/wp-json\/wp\/v2\/posts"}],"about":[{"href":"https:\/\/infotorrent.es\/ca\/wp-json\/wp\/v2\/types\/post"}],"author":[{"embeddable":true,"href":"https:\/\/infotorrent.es\/ca\/wp-json\/wp\/v2\/users\/15"}],"replies":[{"embeddable":true,"href":"https:\/\/infotorrent.es\/ca\/wp-json\/wp\/v2\/comments?post=83635"}],"version-history":[{"count":1,"href":"https:\/\/infotorrent.es\/ca\/wp-json\/wp\/v2\/posts\/83635\/revisions"}],"predecessor-version":[{"id":83636,"href":"https:\/\/infotorrent.es\/ca\/wp-json\/wp\/v2\/posts\/83635\/revisions\/83636"}],"wp:featuredmedia":[{"embeddable":true,"href":"https:\/\/infotorrent.es\/ca\/wp-json\/wp\/v2\/media\/83633"}],"wp:attachment":[{"href":"https:\/\/infotorrent.es\/ca\/wp-json\/wp\/v2\/media?parent=83635"}],"wp:term":[{"taxonomy":"category","embeddable":true,"href":"https:\/\/infotorrent.es\/ca\/wp-json\/wp\/v2\/categories?post=83635"},{"taxonomy":"post_tag","embeddable":true,"href":"https:\/\/infotorrent.es\/ca\/wp-json\/wp\/v2\/tags?post=83635"}],"curies":[{"name":"wp","href":"https:\/\/api.w.org\/{rel}","templated":true}]}}