{"id":83602,"date":"2025-07-11T15:03:32","date_gmt":"2025-07-11T13:03:32","guid":{"rendered":"https:\/\/infotorrent.es\/?p=83602"},"modified":"2025-07-11T15:07:00","modified_gmt":"2025-07-11T13:07:00","slug":"lajuntament-de-torrent-ha-activat-el-cecopal-davant-lalerta-groga-per-risc-de-pluges-intenses-i-vent","status":"publish","type":"post","link":"https:\/\/infotorrent.es\/ca\/ayuntamiento-de-torrent-ca\/lajuntament-de-torrent-ha-activat-el-cecopal-davant-lalerta-groga-per-risc-de-pluges-intenses-i-vent\/","title":{"rendered":"L&#8217;Ajuntament de Torrent ha activat el CECOPAL davant l&#8217;alerta groga per risc de pluges intenses i vent"},"content":{"rendered":"\n<p><strong>L&#8217;\u00f2rgan ha acordat ajornar l&#8217;acte d&#8217;Elecci\u00f3 de Falleres Majors de Torrent 2026 al diumenge 13 de juliol a les 20.00 hores<\/strong><\/p>\n\n\n\n<p><strong>L&#8217;ajuntament ha aconsellat a les entitats i associacions festeres amb actes programats, com a festes de barri, revetles, concentracions populars o activitats culturals per al dissabte a la vesprada, que romanguen informats i atents a l&#8217;evoluci\u00f3 meteorol\u00f2gica i en qualsevol cas als canals oficials de comunicaci\u00f3 de l&#8217;ajuntament que s&#8217;actualitzaran en temps real davant qualsevol evoluci\u00f3<\/strong><\/p>\n\n\n\n<p>L&#8217;Ajuntament de Torrent ha celebrat una reuni\u00f3 d&#8217;urg\u00e8ncia del Centre de Coordinaci\u00f3 Operativa Municipal (CECOPAL) davant la situaci\u00f3 d&#8217;av\u00eds i alerta groga emesa per AEMET i 112CV, a causa de la previsi\u00f3 de pluges localment intenses, gran\u00edssol i fortes ratxes de vent que podrien afectar el municipi durant la jornada del dissabte.<\/p>\n\n\n\n<p>La reuni\u00f3, que ha estat presidida per l&#8217;alcaldessa Amparo Folgado, ha comptat amb la participaci\u00f3 del comissari cap i l&#8217;inspector de la Policia Local, el cap de Protecci\u00f3 Civil i el policia local adscrit a Urbanisme per a assumptes de coordinaci\u00f3 d&#8217;emerg\u00e8ncies, amb la finalitat de coordinar mesures preventives i operatives per a garantir la seguretat de la ciutadania.<\/p>\n\n\n\n<p><strong>Activaci\u00f3 del dispositiu municipal<\/strong><\/p>\n\n\n\n<p>Durant la reuni\u00f3 s&#8217;han avaluat les dades disponibles d&#8217;AEMET, que apunten a possibles precipitacions intenses, gran\u00edssol de fins a 2 cm i ratxes de vent considerables, especialment durant la vesprada del dissabte. A pesar que l&#8217;alerta meteorol\u00f2gica \u00e9s de nivell groc -el m\u00e9s baix en l&#8217;escala de riscos-, el consistori ha optat per activar de manera preventiva tots els protocols de seguretat i actuaci\u00f3 en zones de risc, tal com marquen els procediments del Pla d&#8217;Actuaci\u00f3 Municipal davant Emerg\u00e8ncies.<\/p>\n\n\n\n<p><strong>Entre les principals mesures adoptades, es troben:<\/strong><\/p>\n\n\n\n<p>-Tancament de passos subterranis i inundables durant les hores de major risc.<\/p>\n\n\n\n<p>-Supervisi\u00f3 cont\u00ednua de punts cr\u00edtics d&#8217;acumulaci\u00f3 d&#8217;aigua per part dels equips de Policia Local i Protecci\u00f3 Civil.<\/p>\n\n\n\n<p>-Dispositiu de vigil\u00e0ncia refor\u00e7at en urbanitzacions, zones rurals i barris susceptibles a inundacions.<\/p>\n\n\n\n<p>-Control i seguiment directe dels avisos emesos per AEMET i 112CV des del Lloc de Comandament Municipal, amb comunicaci\u00f3 permanent amb l&#8217;alcaldia i el gabinet d&#8217;emerg\u00e8ncies.<\/p>\n\n\n\n<p><strong>Reprogramaci\u00f3 d&#8217;actes festius<\/strong><\/p>\n\n\n\n<p>La reuni\u00f3 tamb\u00e9 ha servit per a analitzar l&#8217;impacte de les condicions meteorol\u00f2giques sobre la programaci\u00f3 d&#8217;actes festius previstos en el marc de les festes patronals.<\/p>\n\n\n\n<p>L&#8217;alcaldessa ha anunciat la reprogramaci\u00f3 de l&#8217;acte d&#8217;elecci\u00f3 de les Falleres Majors de Torrent 2026, previst inicialment per al dissabte 12 de juliol a la nit, que passa a celebrar-se el diumenge 13 a les 20.00 hores en l\u2019Auditori de Torrent, amb l&#8217;objectiu de preservar la seguretat de participants i assistents i per la complexitat t\u00e8cnica del muntatge. La recepci\u00f3 institucional tindr\u00e0 lloc a les 20.00 hores, i l&#8217;acte comen\u00e7ar\u00e0 a les 20.30 hores.<\/p>\n\n\n\n<p>\u201cLa seguretat dels torrentinos est\u00e0 per damunt de qualsevol altra consideraci\u00f3. Actuar amb responsabilitat i previsi\u00f3 \u00e9s la millor manera de cuidar de la nostra ciutat i dels nostres\u201d, ha declarat l&#8217;alcaldessa Amparo Folgado al final de la reuni\u00f3.<\/p>\n\n\n\n<p>A m\u00e9s de l&#8217;acte de l&#8217;elecci\u00f3 de la Fallera Major Infantil, el dissabte est\u00e0 prevista la celebraci\u00f3 de nombroses activitats festives en diferents barris de Torrent, emmarcades en el calendari de les Festes Patronals 2025. Per aix\u00f2, l&#8217;Ajuntament ha instat a totes les entitats organitzadores a mantindre&#8217;s atentes a l&#8217;evoluci\u00f3 de la situaci\u00f3 meteorol\u00f2gica i a seguir en tot moment les recomanacions de Protecci\u00f3 Civil i Policia Local.<\/p>\n\n\n\n<p>Entre els actes programats per al dissabte es troba la tradicional festa de les Ballesteras, que tindr\u00e0 lloc de 8.00 a 22.00 hores, aix\u00ed com la popular Festa de la Cl\u00f2txina i la M\u00fasica a la Fresca. Tamb\u00e9 destaca la celebraci\u00f3 de la Festa popular del barri Nicol\u00e1s Andreu, que es desenrotllar\u00e0 des de les 21.00 fins a les 00.00 hores, totes elles es mantenen llevat que hagueren canvis en els avisos o la climatologia fora adversa.<\/p>\n\n\n\n<p>Aix\u00ed mateix, es mant\u00e9 en el programa la celebraci\u00f3 del Tir i Arrossegament, previst durant tota la jornada del dissabte i tamb\u00e9 el diumenge, una de les competicions tradicionals m\u00e9s arrelades en les festes patronals, la continu\u00eftat de les quals dependr\u00e0 de l&#8217;evoluci\u00f3 del temps, especialment pel risc que suposa per als animals i assistents si es produ\u00efren precipitacions intenses o fortes ratxes de vent.<\/p>\n\n\n\n<p>Quant a l&#8217;activitat comercial habitual del dissabte, es mant\u00e9 el mercat ambulant ambulant, previst per al mat\u00ed, encara que tamb\u00e9 s&#8217;ha instat els responsables i comerciants a extremar precaucions en cas de canvis bruscos en les condicions meteorol\u00f2giques.<\/p>\n\n\n\n<p>La piscina El Vedat es mantindr\u00e0 oberta, tant quan, no hi haja canvi en l&#8217;evoluci\u00f3 de la climatologia.<\/p>\n\n\n\n<p>Des del consistori s&#8217;ha reiterat que en cas que l&#8217;alerta passe de groga a taronja, es procedir\u00e0 a la suspensi\u00f3 autom\u00e0tica de tots els actes p\u00fablics programats a partir del dissabte a la vesprada, tal com marca el protocol municipal. Davant esta possibilitat, es recomana a totes les entitats organitzadores i participants que romanguen informades a trav\u00e9s dels canals oficials de l&#8217;Ajuntament de Torrent.<\/p>\n\n\n\n<p>A m\u00e9s, s&#8217;ha fet una crida a totes les associacions i entitats festives que tinguen actes programats per al dissabte \u2014com a festes de barri, revetles, concentracions populars o activitats culturals\u2014 al fet que romanguen atentes a l&#8217;evoluci\u00f3 de l&#8217;alerta meteorol\u00f2gica i valoren possibles ajornaments o cancel\u00b7lacions en funci\u00f3 de les condicions atmosf\u00e8riques. Des del consistori se&#8217;ls aconsella seguir els canals oficials de comunicaci\u00f3.<\/p>\n\n\n\n<p><strong>Possibles escenaris i mesures addicionals<\/strong><\/p>\n\n\n\n<p>Durant la reuni\u00f3 del CECOPAL s&#8217;ha contemplat tamb\u00e9 l&#8217;escenari d&#8217;una eventual evoluci\u00f3 a alerta taronja, i en este cas se suspendrien autom\u00e0ticament tots els actes p\u00fablics previstos, tal com establix el protocol d&#8217;emerg\u00e8ncies. En este sentit, l&#8217;Ajuntament ha subratllat la import\u00e0ncia de mantindre la vigil\u00e0ncia activa durant tot el cap de setmana, especialment a partir del dissabte a la vesprada.<\/p>\n\n\n\n<p>Aix\u00ed mateix, s&#8217;ha determinat el tancament temporal dels parcs p\u00fablics durant les hores de major risc de vent i pluja, per a evitar qualsevol situaci\u00f3 de perill per caiguda de branques o altres elements i dels passos subterranis i inundables.<\/p>\n\n\n\n<p>El servici d&#8217;atenci\u00f3 ciutadana romandr\u00e0 actiu, i es recorda als ve\u00efns i ve\u00efnes que davant qualsevol incid\u00e8ncia poden contactar amb la Policia Local (092), Protecci\u00f3 Civil o el 112.<\/p>\n\n\n\n<p><strong>Comunicaci\u00f3 i coordinaci\u00f3 permanent<\/strong><\/p>\n\n\n\n<p>L&#8217;Ajuntament de Torrent mantindr\u00e0 una coordinaci\u00f3 constant amb l&#8217;Ag\u00e8ncia Valenciana de Seguretat i Resposta a les Emerg\u00e8ncies (AVSRE), l&#8217;Ag\u00e8ncia Estatal de Meteorologia (AEMET) i el 112 Comunitat Valenciana, per a adaptar en temps real les actuacions i recursos mobilitzats.<\/p>\n\n\n\n<p>L&#8217;alcaldessa ha volgut agrair expressament \u201cel treball i la disposici\u00f3 de tots els cossos de seguretat, Protecci\u00f3 Civil i els servicis t\u00e8cnics municipals, l&#8217;efic\u00e0cia i la professionalitat dels quals han tornat a quedar demostrades en esta nova activaci\u00f3 del CECOPAL\u201d.<\/p>\n\n\n\n<p>Des del consistori s&#8217;aconsella als ciutadans fer seguiment constant a tots els canals oficials, on en temps real es traslladaran instruccions urgents o actualitzacions sobre la situaci\u00f3.<\/p>\n\n\n\n<p>L&#8217;Ajuntament de Torrent reitera el seu comprom\u00eds de continuar treballant amb antelaci\u00f3, prud\u00e8ncia i responsabilitat davant qualsevol av\u00eds meteorol\u00f2gic, per a garantir la protecci\u00f3 de tots els ve\u00efns i minimitzar qualsevol possible impacte sobre la ciutat.<\/p>\n\n\n\n<figure class=\"wp-block-gallery has-nested-images columns-default is-cropped wp-block-gallery-1 is-layout-flex wp-block-gallery-is-layout-flex\">\n<figure class=\"wp-block-image size-large\"><img fetchpriority=\"high\" decoding=\"async\" width=\"1024\" height=\"682\" data-id=\"83590\" src=\"https:\/\/infotorrent.es\/wp-content\/uploads\/2025\/07\/5-10-1024x682.jpg\" alt=\"\" class=\"wp-image-83590\" srcset=\"https:\/\/infotorrent.es\/wp-content\/uploads\/2025\/07\/5-10-1024x682.jpg 1024w, https:\/\/infotorrent.es\/wp-content\/uploads\/2025\/07\/5-10-300x200.jpg 300w, https:\/\/infotorrent.es\/wp-content\/uploads\/2025\/07\/5-10-768x512.jpg 768w, https:\/\/infotorrent.es\/wp-content\/uploads\/2025\/07\/5-10-1536x1023.jpg 1536w, https:\/\/infotorrent.es\/wp-content\/uploads\/2025\/07\/5-10.jpg 1600w\" sizes=\"(max-width: 1024px) 100vw, 1024px\" \/><\/figure>\n\n\n\n<figure class=\"wp-block-image size-large\"><img decoding=\"async\" width=\"1024\" height=\"682\" data-id=\"83588\" src=\"https:\/\/infotorrent.es\/wp-content\/uploads\/2025\/07\/1-37-1024x682.jpg\" alt=\"\" class=\"wp-image-83588\" srcset=\"https:\/\/infotorrent.es\/wp-content\/uploads\/2025\/07\/1-37-1024x682.jpg 1024w, https:\/\/infotorrent.es\/wp-content\/uploads\/2025\/07\/1-37-300x200.jpg 300w, https:\/\/infotorrent.es\/wp-content\/uploads\/2025\/07\/1-37-768x512.jpg 768w, https:\/\/infotorrent.es\/wp-content\/uploads\/2025\/07\/1-37-1536x1023.jpg 1536w, https:\/\/infotorrent.es\/wp-content\/uploads\/2025\/07\/1-37.jpg 1600w\" sizes=\"(max-width: 1024px) 100vw, 1024px\" \/><\/figure>\n\n\n\n<figure class=\"wp-block-image size-large\"><img decoding=\"async\" width=\"1024\" height=\"682\" data-id=\"83586\" src=\"https:\/\/infotorrent.es\/wp-content\/uploads\/2025\/07\/2-32-1024x682.jpg\" alt=\"\" class=\"wp-image-83586\" srcset=\"https:\/\/infotorrent.es\/wp-content\/uploads\/2025\/07\/2-32-1024x682.jpg 1024w, https:\/\/infotorrent.es\/wp-content\/uploads\/2025\/07\/2-32-300x200.jpg 300w, https:\/\/infotorrent.es\/wp-content\/uploads\/2025\/07\/2-32-768x512.jpg 768w, https:\/\/infotorrent.es\/wp-content\/uploads\/2025\/07\/2-32-1536x1023.jpg 1536w, https:\/\/infotorrent.es\/wp-content\/uploads\/2025\/07\/2-32.jpg 1600w\" sizes=\"(max-width: 1024px) 100vw, 1024px\" \/><\/figure>\n<\/figure>\n","protected":false},"excerpt":{"rendered":"<p>L&#8217;\u00f2rgan ha acordat ajornar l&#8217;acte d&#8217;Elecci\u00f3 de Falleres Majors de Torrent 2026 al diumenge 13 de juliol a les 20.00 hores L&#8217;ajuntament ha aconsellat a les entitats i associacions festeres amb actes programats, com a festes de barri, revetles, concentracions populars o activitats culturals per al dissabte a la vesprada, que romanguen informats i atents [&hellip;]<\/p>\n","protected":false},"author":15,"featured_media":83588,"comment_status":"open","ping_status":"open","sticky":false,"template":"","format":"standard","meta":{"_acf_changed":false,"footnotes":""},"categories":[1190,1217],"tags":[],"class_list":["post-83602","post","type-post","status-publish","format-standard","has-post-thumbnail","hentry","category-ayuntamiento-de-torrent-ca","category-dana-ca"],"acf":[],"_links":{"self":[{"href":"https:\/\/infotorrent.es\/ca\/wp-json\/wp\/v2\/posts\/83602","targetHints":{"allow":["GET"]}}],"collection":[{"href":"https:\/\/infotorrent.es\/ca\/wp-json\/wp\/v2\/posts"}],"about":[{"href":"https:\/\/infotorrent.es\/ca\/wp-json\/wp\/v2\/types\/post"}],"author":[{"embeddable":true,"href":"https:\/\/infotorrent.es\/ca\/wp-json\/wp\/v2\/users\/15"}],"replies":[{"embeddable":true,"href":"https:\/\/infotorrent.es\/ca\/wp-json\/wp\/v2\/comments?post=83602"}],"version-history":[{"count":1,"href":"https:\/\/infotorrent.es\/ca\/wp-json\/wp\/v2\/posts\/83602\/revisions"}],"predecessor-version":[{"id":83605,"href":"https:\/\/infotorrent.es\/ca\/wp-json\/wp\/v2\/posts\/83602\/revisions\/83605"}],"wp:featuredmedia":[{"embeddable":true,"href":"https:\/\/infotorrent.es\/ca\/wp-json\/wp\/v2\/media\/83588"}],"wp:attachment":[{"href":"https:\/\/infotorrent.es\/ca\/wp-json\/wp\/v2\/media?parent=83602"}],"wp:term":[{"taxonomy":"category","embeddable":true,"href":"https:\/\/infotorrent.es\/ca\/wp-json\/wp\/v2\/categories?post=83602"},{"taxonomy":"post_tag","embeddable":true,"href":"https:\/\/infotorrent.es\/ca\/wp-json\/wp\/v2\/tags?post=83602"}],"curies":[{"name":"wp","href":"https:\/\/api.w.org\/{rel}","templated":true}]}}