{"id":83575,"date":"2025-07-11T14:28:58","date_gmt":"2025-07-11T12:28:58","guid":{"rendered":"https:\/\/infotorrent.es\/?p=83575"},"modified":"2025-07-11T14:30:49","modified_gmt":"2025-07-11T12:30:49","slug":"torrent-es-prepara-per-a-lacte-deleccio-de-les-seues-falleres-majors-2026-este-diumenge-13-de-juliol","status":"publish","type":"post","link":"https:\/\/infotorrent.es\/ca\/cultura-es-2\/torrent-es-prepara-per-a-lacte-deleccio-de-les-seues-falleres-majors-2026-este-diumenge-13-de-juliol\/","title":{"rendered":"Torrent es prepara per a l&#8217;acte d&#8217;elecci\u00f3 de les seues Falleres Majors 2026 este diumenge 13 de juliol"},"content":{"rendered":"\n<p><mark style=\"background-color:rgba(0, 0, 0, 0)\" class=\"has-inline-color has-vivid-red-color\"><strong>A causa de l\u2019Avis Especial del Centre de Coordinaci\u00f3 d\u2019Emerg\u00e8ncies per l\u2019arribada d\u2019una DANA amb tempestes i precipitacions intenses i seguint les seues indicacions, el CECOPAL ha decidit traslladar l\u2019acte de comiat i elecci\u00f3 al diumenge 13 de juliol, sent a les 20 hores la recepci\u00f3.<\/strong><\/mark><\/p>\n\n\n\n<p><strong>En la gala amb el lema \u201cIl\u00b7lusions\u201d i amb un espectacle sobre les il\u00b7lusions en el m\u00f3n de les falles, coneixerem a les Falleres Majors de la ciutat per a 2026.<\/strong><\/p>\n\n\n\n<p><strong>Alicia Moreno Jim\u00e9nez i Ana Barber\u00e1 Palop, Falleres Majors de 2025 junt a les seues Corts d\u2019Honor, es despediran del m\u00f3n faller de la ciutat.<\/strong><\/p>\n\n\n\n<p>L\u2019\u00c0gora de Parc Central es vestir\u00e0 de gala este diumenge, a partir de les 20:00 hores, per acollir un dels actes m\u00e9s esperats del calendari faller: l\u2019elecci\u00f3 de les Falleres Majors de Torrent per a l\u2019any 2026. La Junta Local Fallera ja ha donat a con\u00e9ixer el veredicte del jurat i qui seran les integrants de les Corts d\u2019Honor i candidates a FFMMT, que s\u00f3n nou xiquetes i nou joves.<\/p>\n\n\n\n<p>A causa de l\u2019Avis Especial del Centre de Coordinaci\u00f3 d\u2019Emerg\u00e8ncies per l\u2019arribada d\u2019una DANA amb tempestes i precipitacions intenses, el CECOPAL ha decidit, seguint les indicacions de l\u2019Avis Especial, traslladar l\u2019acte de comiat i elecci\u00f3 al diumenge 13 de juliol, sent a les 20:00 hores la recepci\u00f3. A m\u00e9s de l\u2019Avis de Nivell Groc, la principal preocupaci\u00f3 \u00e9s el muntatge d\u2019escenari, pantalles, cadires i equips t\u00e8cnics durant la vesprada del dissabte, per la qual cosa s\u2019ha decidit assegurar el correcte funcionament de l\u2019acte el diumenge per la vesprada.<\/p>\n\n\n\n<p><strong>Les candidates a Fallera Major Infantil de Torrent 2026 s\u00f3n:<\/strong><\/p>\n\n\n\n<p>Carla Linares Miquel (Falla Antoni Pardo), Sara Mag\u00e1n Miquel (Falla Avinguda), Olga Garc\u00eda Ort\u00ed (Falla Sedav\u00ed), Elsa Aranda Lara (Falla Carrer Toledo), Mar\u00eda Bonet Montoro (Falla Carrer Benem\u00e8rita &#8211; Gu\u00e0rdia Civil), Martina Fern\u00e1ndez Luis (Falla Nicolau Andreu), Mar\u00eda S\u00e1nchez Gom\u00e1riz (Falla Lope de Rueda-Verge del Puig), Olivia Chust L\u00f3pez (Falla Cronista Vicent Beguer i Esteve) i Patricia Barila Hidalgo (Falla Avinguda Reina Sofia &#8211; Pla\u00e7a Pedro Iturralde).<\/p>\n\n\n\n<p><strong>Per la seua banda, les aspirants a Fallera Major de Torrent 2026 s\u00f3n:<\/strong><\/p>\n\n\n\n<p>Celeste Herraiz Rosa (Falla Antoni Pardo), Vanessa Maroto Esteve (Falla Avinguda), Laura Gonz\u00e1lez Carratal\u00e1 (Falla Sedav\u00ed), Mireia Peinado Arce (Falla Nicolau Andreu), Andrea Adelantado Montoya (Falla Saragossa-Parc Central), Marta Mart\u00ednez Pastor (Falla Segon Tram Avinguda del Pa\u00eds Valenci\u00e0 &#8211; Caixa d\u2019Estalvis), Andrea Linares Felipe (Falla Lope de Rueda-Verge del Puig), Sara Teruel Cabrera (Falla Cronista Vicent Beguer i Esteve) i Beatriz Ruiz C\u00f3cera (Falla Escultor Vicent Pallard\u00f3).<\/p>\n\n\n\n<p><strong>Recepci\u00f3 i gala sota el lema \u201cIl\u00b7lusions\u201d<\/strong><\/p>\n\n\n\n<p>La vesprada comen\u00e7ar\u00e0 a les 20:00 hores amb la recepci\u00f3 oficial a les candidates per part de l\u2019alcaldessa de Torrent, Amparo Folgado, i el regidor de Falles, Aitor S\u00e1nchez. A continuaci\u00f3, donar\u00e0 inici la gala, el fil conductor de la qual ser\u00e0 el lema \u201cIl\u00b7lusions\u201d. El cartell d\u2019esta gala est\u00e0 dissenyat per Elena Andreu de la Falla de la Pla\u00e7a.<\/p>\n\n\n\n<p><strong>Comiat de les Falleres Majors de 2025<\/strong><\/p>\n\n\n\n<p>Abans del moment culminant de la nit, se celebrar\u00e0 l\u2019emotiu acte de comiat de les Falleres Majors de Torrent 2025, Alicia Moreno Jim\u00e9nez i Ana Barber\u00e1 Palop, qui es despediran del m\u00f3n faller torrent\u00ed acompanyades per les seues respectives Corts d\u2019Honor.<\/p>\n\n\n\n<p>La Cort d\u2019Honor d\u2019Alicia Moreno l\u2019integren: Rebeca Bellmunt Garc\u00eda, Ana Cerc\u00f3s Calatayud, Sara Hern\u00e1ndez Herrero, Eva V\u00e1zquez Alcal\u00e1, Aida Ballester Escuin i Tamara Luc\u00eda Guill\u00e9n Ca\u00f1avate.<\/p>\n\n\n\n<p>La Cort Infantil d\u2019Ana Barber\u00e1 est\u00e0 composta per: Marta Morales Sierra, Elena Ruiz \u00dabeda, Daniela Moraga Pl\u00e0, Carla Navarro Llopis, Alba Delgado Centelles, Sara L\u00f3pez Torres, Lola Llorens Medina i Nuria Lillo Santamatilde.<\/p>\n\n\n\n<p><strong>El moment m\u00e9s esperat: l\u2019elecci\u00f3<\/strong><\/p>\n\n\n\n<p>Despr\u00e9s dels discursos de comiat, arribar\u00e0 l\u2019instant m\u00e9s esperat: l\u2019obertura dels sobres que entregar\u00e0 el jurat i la lectura de l\u2019acta per part de l\u2019alcaldessa Amparo Folgado, en la qual es desvetlaran els noms de les Falleres Majors de Torrent 2026, despr\u00e9s del seu pas per les proves del \u201cCam\u00ed d\u2019un Somni 2026\u201d.<\/p>\n\n\n\n<p>El jurat d\u2019enguany est\u00e0 format per Lola Flor, Maria Donderis, Elena Mart\u00ednez, Josep Vicent Zaragoza i Blanca Gemma Gamborino. Dos fam\u00edlies torrentines viuran eixa nit un somni fet realitat sota la lluna del Parc Central.<\/p>\n\n\n\n<p>Per tal de facilitar l\u2019acc\u00e9s, la Junta Local Fallera ha informat que l\u2019Ajuntament habilitar\u00e0 l\u2019aparcament subterrani del Parc Central i s\u2019oferir\u00e0 servei de barra durant la gala.<\/p>\n\n\n\n<p><strong>Pr\u00f2xima cita: el Ple de Proclamaci\u00f3<\/strong><\/p>\n\n\n\n<p>Una vegada elegides les noves Falleres Majors de Torrent i les seues Corts d\u2019Honor, la setmana pr\u00f2xima tindr\u00e0 lloc el Ple de Proclamaci\u00f3 oficial a l\u2019Ajuntament, on comen\u00e7aran oficialment el seu regnat faller per a l\u2019exercici 2026.<\/p>\n\n\n\n<figure class=\"wp-block-image size-large\"><img fetchpriority=\"high\" decoding=\"async\" width=\"1024\" height=\"682\" src=\"https:\/\/infotorrent.es\/wp-content\/uploads\/2025\/07\/Imagen-de-WhatsApp-2025-07-10-a-las-10.06.02_2088d9c8-1024x682.jpg\" alt=\"\" class=\"wp-image-83548\" srcset=\"https:\/\/infotorrent.es\/wp-content\/uploads\/2025\/07\/Imagen-de-WhatsApp-2025-07-10-a-las-10.06.02_2088d9c8-1024x682.jpg 1024w, https:\/\/infotorrent.es\/wp-content\/uploads\/2025\/07\/Imagen-de-WhatsApp-2025-07-10-a-las-10.06.02_2088d9c8-300x200.jpg 300w, https:\/\/infotorrent.es\/wp-content\/uploads\/2025\/07\/Imagen-de-WhatsApp-2025-07-10-a-las-10.06.02_2088d9c8-768x512.jpg 768w, https:\/\/infotorrent.es\/wp-content\/uploads\/2025\/07\/Imagen-de-WhatsApp-2025-07-10-a-las-10.06.02_2088d9c8-1536x1023.jpg 1536w, https:\/\/infotorrent.es\/wp-content\/uploads\/2025\/07\/Imagen-de-WhatsApp-2025-07-10-a-las-10.06.02_2088d9c8.jpg 1600w\" sizes=\"(max-width: 1024px) 100vw, 1024px\" \/><\/figure>\n","protected":false},"excerpt":{"rendered":"<p>A causa de l\u2019Avis Especial del Centre de Coordinaci\u00f3 d\u2019Emerg\u00e8ncies per l\u2019arribada d\u2019una DANA amb tempestes i precipitacions intenses i seguint les seues indicacions, el CECOPAL ha decidit traslladar l\u2019acte de comiat i elecci\u00f3 al diumenge 13 de juliol, sent a les 20 hores la recepci\u00f3. En la gala amb el lema \u201cIl\u00b7lusions\u201d i amb [&hellip;]<\/p>\n","protected":false},"author":15,"featured_media":83548,"comment_status":"open","ping_status":"open","sticky":false,"template":"","format":"standard","meta":{"_acf_changed":false,"footnotes":""},"categories":[126,1171],"tags":[],"class_list":["post-83575","post","type-post","status-publish","format-standard","has-post-thumbnail","hentry","category-cultura-es-2","category-fallas-ca"],"acf":[],"_links":{"self":[{"href":"https:\/\/infotorrent.es\/ca\/wp-json\/wp\/v2\/posts\/83575","targetHints":{"allow":["GET"]}}],"collection":[{"href":"https:\/\/infotorrent.es\/ca\/wp-json\/wp\/v2\/posts"}],"about":[{"href":"https:\/\/infotorrent.es\/ca\/wp-json\/wp\/v2\/types\/post"}],"author":[{"embeddable":true,"href":"https:\/\/infotorrent.es\/ca\/wp-json\/wp\/v2\/users\/15"}],"replies":[{"embeddable":true,"href":"https:\/\/infotorrent.es\/ca\/wp-json\/wp\/v2\/comments?post=83575"}],"version-history":[{"count":1,"href":"https:\/\/infotorrent.es\/ca\/wp-json\/wp\/v2\/posts\/83575\/revisions"}],"predecessor-version":[{"id":83577,"href":"https:\/\/infotorrent.es\/ca\/wp-json\/wp\/v2\/posts\/83575\/revisions\/83577"}],"wp:featuredmedia":[{"embeddable":true,"href":"https:\/\/infotorrent.es\/ca\/wp-json\/wp\/v2\/media\/83548"}],"wp:attachment":[{"href":"https:\/\/infotorrent.es\/ca\/wp-json\/wp\/v2\/media?parent=83575"}],"wp:term":[{"taxonomy":"category","embeddable":true,"href":"https:\/\/infotorrent.es\/ca\/wp-json\/wp\/v2\/categories?post=83575"},{"taxonomy":"post_tag","embeddable":true,"href":"https:\/\/infotorrent.es\/ca\/wp-json\/wp\/v2\/tags?post=83575"}],"curies":[{"name":"wp","href":"https:\/\/api.w.org\/{rel}","templated":true}]}}