{"id":83433,"date":"2025-07-08T14:25:27","date_gmt":"2025-07-08T12:25:27","guid":{"rendered":"https:\/\/infotorrent.es\/?p=83433"},"modified":"2025-07-08T14:27:44","modified_gmt":"2025-07-08T12:27:44","slug":"torrent-celebra-una-nova-edicio-del-campus-social-al-ceip-sant-joan-baptista","status":"publish","type":"post","link":"https:\/\/infotorrent.es\/ca\/bienestar-social-2\/torrent-celebra-una-nova-edicio-del-campus-social-al-ceip-sant-joan-baptista\/","title":{"rendered":"Torrent celebra una nova edici\u00f3 del Campus Social al CEIP Sant Joan Baptista"},"content":{"rendered":"\n<p>&nbsp;L\u2019Ajuntament de Torrent ha posat en marxa, un estiu m\u00e9s, el Campus Social, una iniciativa que t\u00e9 com a finalitat oferir a xiquets i xiquetes en situaci\u00f3 de vulnerabilitat un entorn segur, educatiu i d\u2019oci durant els mesos estivals. En esta edici\u00f3 de 2025, i com en anys anteriors, el Campus es desenvolupa en les instal\u00b7lacions del CEIP Sant Joan Baptista i compta amb la participaci\u00f3 de prop de 100 menors.<\/p>\n\n\n\n<p>Este mat\u00ed, l\u2019alcaldessa de Torrent, Amparo Folgado, ha visitat el centre per interessar-se pel desenvolupament del programa i con\u00e9ixer de primera m\u00e0 el funcionament diari del Campus. L\u2019alcaldessa ha recorregut les diferents aules i espais on els xiquets i xiquetes participen en activitats com tallers creatius, jocs educatius, din\u00e0miques esportives o activitats aqu\u00e0tiques, a m\u00e9s de compartir impressions amb els monitors i responsables del programa.<\/p>\n\n\n\n<p>Despr\u00e9s de la visita, l\u2019alcaldessa ha volgut destacar la import\u00e0ncia d\u2019este tipus de programes impulsats des de l\u2019administraci\u00f3 local:&nbsp;<em>\u201cEl Campus Social \u00e9s una eina fonamental per a moltes fam\u00edlies torrentines, ja que oferix un espai segur, educatiu i d\u2019oci per als seus fills i filles durant l\u2019estiu. Des de l\u2019Ajuntament, continuarem apostant per este tipus de programes que afavorixen la igualtat d\u2019oportunitats i ajuden a construir una ciutat m\u00e9s justa i inclusiva. A m\u00e9s, permet als pares i mares poder conciliar millor la seua vida laboral i familiar sabent que els seus fills estan ben atesos.\u201d<\/em><\/p>\n\n\n\n<p>El Campus Social est\u00e0 dirigit a menors en risc d\u2019exclusi\u00f3 social o pertanyents a fam\u00edlies amb dificultats econ\u00f2miques, i busca garantir que cap xiquet o xiqueta de Torrent es quede sense l\u2019oportunitat de gaudir d\u2019unes vacances plenes d\u2019aprenentatge, diversi\u00f3 i conviv\u00e8ncia. El programa, coordinat per la Regidoria de Serveis Socials, compta amb un equip de monitors i educadors qualificats que s\u2019encarreguen de dissenyar i dur a terme les diferents activitats adaptades a les edats i interessos de l\u2019alumnat.<\/p>\n\n\n\n<p>Per la seua part, el regidor de Serveis Socials, Arturo Garc\u00eda, ha subratllat que&nbsp;<em>\u201cTots els xiquets i xiquetes inscrits compten amb servei d\u2019esmorzar i menjador, amb men\u00fas equilibrats i adaptats, la qual cosa garantix una alimentaci\u00f3 saludable durant l\u2019estiu. A m\u00e9s, s\u2019inclou Escola Matinera i Vespertina per ampliar la franja hor\u00e0ria i facilitar aix\u00ed la conciliaci\u00f3 de les fam\u00edlies.\u201d<\/em><\/p>\n\n\n\n<p>El Campus Social de Torrent es desenvolupa de dilluns a divendres, en horari de 9:00 a 15:00 hores. Al llarg de la jornada, els menors participen en un ampli ventall d\u2019activitats dissenyades per a fomentar valors com la cooperaci\u00f3, el respecte, la creativitat i el treball en equip. Tamb\u00e9 s\u2019organitzen eixides culturals i excursions que complementen el programa i enriqueixen l\u2019experi\u00e8ncia educativa.<\/p>\n\n\n\n<p>Des de l\u2019Ajuntament de Torrent es considera que el Campus Social \u00e9s una iniciativa essencial dins de les pol\u00edtiques municipals de benestar i cohesi\u00f3 social. Per aix\u00f2, l\u2019equip de govern liderat per Amparo Folgado aposta fermament per la seua continu\u00eftat i per ampliar en futures edicions tant el nombre de places com els recursos disponibles, amb l\u2019objectiu d\u2019arribar a m\u00e9s fam\u00edlies i refor\u00e7ar el comprom\u00eds amb la inf\u00e0ncia m\u00e9s vulnerable de la ciutat.<\/p>\n\n\n\n<p>El Campus Social \u00e9s una mostra m\u00e9s de com l\u2019administraci\u00f3 local pot convertir-se en un motor de canvi i en un suport real per a aquelles fam\u00edlies que m\u00e9s ho necessiten. Gr\u00e0cies a programes com este, Torrent continua avan\u00e7ant cap a una societat m\u00e9s equitativa, solid\u00e0ria i integradora.<\/p>\n\n\n\n<figure class=\"wp-block-gallery has-nested-images columns-default is-cropped wp-block-gallery-1 is-layout-flex wp-block-gallery-is-layout-flex\">\n<figure class=\"wp-block-image size-large\"><img fetchpriority=\"high\" decoding=\"async\" width=\"1024\" height=\"683\" data-id=\"83436\" src=\"https:\/\/infotorrent.es\/wp-content\/uploads\/2025\/07\/WhatsApp-Image-2025-07-08-at-11.35.132-1-1024x683.jpeg\" alt=\"\" class=\"wp-image-83436\" srcset=\"https:\/\/infotorrent.es\/wp-content\/uploads\/2025\/07\/WhatsApp-Image-2025-07-08-at-11.35.132-1-1024x683.jpeg 1024w, https:\/\/infotorrent.es\/wp-content\/uploads\/2025\/07\/WhatsApp-Image-2025-07-08-at-11.35.132-1-300x200.jpeg 300w, https:\/\/infotorrent.es\/wp-content\/uploads\/2025\/07\/WhatsApp-Image-2025-07-08-at-11.35.132-1-768x512.jpeg 768w, https:\/\/infotorrent.es\/wp-content\/uploads\/2025\/07\/WhatsApp-Image-2025-07-08-at-11.35.132-1.jpeg 1500w\" sizes=\"(max-width: 1024px) 100vw, 1024px\" \/><\/figure>\n\n\n\n<figure class=\"wp-block-image size-large\"><img decoding=\"async\" width=\"1024\" height=\"654\" data-id=\"83434\" src=\"https:\/\/infotorrent.es\/wp-content\/uploads\/2025\/07\/WhatsApp-Image-2025-07-08-at-11.35.13-1-1024x654.jpeg\" alt=\"\" class=\"wp-image-83434\" srcset=\"https:\/\/infotorrent.es\/wp-content\/uploads\/2025\/07\/WhatsApp-Image-2025-07-08-at-11.35.13-1-1024x654.jpeg 1024w, https:\/\/infotorrent.es\/wp-content\/uploads\/2025\/07\/WhatsApp-Image-2025-07-08-at-11.35.13-1-300x192.jpeg 300w, https:\/\/infotorrent.es\/wp-content\/uploads\/2025\/07\/WhatsApp-Image-2025-07-08-at-11.35.13-1-768x491.jpeg 768w, https:\/\/infotorrent.es\/wp-content\/uploads\/2025\/07\/WhatsApp-Image-2025-07-08-at-11.35.13-1.jpeg 1453w\" sizes=\"(max-width: 1024px) 100vw, 1024px\" \/><\/figure>\n\n\n\n<figure class=\"wp-block-image size-large\"><img decoding=\"async\" width=\"1024\" height=\"683\" data-id=\"83440\" src=\"https:\/\/infotorrent.es\/wp-content\/uploads\/2025\/07\/WhatsApp-Image-2025-07-08-at-11.35.14-copia-1024x683.jpeg\" alt=\"\" class=\"wp-image-83440\" srcset=\"https:\/\/infotorrent.es\/wp-content\/uploads\/2025\/07\/WhatsApp-Image-2025-07-08-at-11.35.14-copia-1024x683.jpeg 1024w, https:\/\/infotorrent.es\/wp-content\/uploads\/2025\/07\/WhatsApp-Image-2025-07-08-at-11.35.14-copia-300x200.jpeg 300w, https:\/\/infotorrent.es\/wp-content\/uploads\/2025\/07\/WhatsApp-Image-2025-07-08-at-11.35.14-copia-768x512.jpeg 768w, https:\/\/infotorrent.es\/wp-content\/uploads\/2025\/07\/WhatsApp-Image-2025-07-08-at-11.35.14-copia.jpeg 1500w\" sizes=\"(max-width: 1024px) 100vw, 1024px\" \/><\/figure>\n\n\n\n<figure class=\"wp-block-image size-large\"><img loading=\"lazy\" decoding=\"async\" width=\"1024\" height=\"638\" data-id=\"83438\" src=\"https:\/\/infotorrent.es\/wp-content\/uploads\/2025\/07\/WhatsApp-Image-2025-07-08-at-11.35.131-copia-1024x638.jpeg\" alt=\"\" class=\"wp-image-83438\" srcset=\"https:\/\/infotorrent.es\/wp-content\/uploads\/2025\/07\/WhatsApp-Image-2025-07-08-at-11.35.131-copia-1024x638.jpeg 1024w, https:\/\/infotorrent.es\/wp-content\/uploads\/2025\/07\/WhatsApp-Image-2025-07-08-at-11.35.131-copia-300x187.jpeg 300w, https:\/\/infotorrent.es\/wp-content\/uploads\/2025\/07\/WhatsApp-Image-2025-07-08-at-11.35.131-copia-768x478.jpeg 768w, https:\/\/infotorrent.es\/wp-content\/uploads\/2025\/07\/WhatsApp-Image-2025-07-08-at-11.35.131-copia.jpeg 1392w\" sizes=\"(max-width: 1024px) 100vw, 1024px\" \/><\/figure>\n<\/figure>\n","protected":false},"excerpt":{"rendered":"<p>&nbsp;L\u2019Ajuntament de Torrent ha posat en marxa, un estiu m\u00e9s, el Campus Social, una iniciativa que t\u00e9 com a finalitat oferir a xiquets i xiquetes en situaci\u00f3 de vulnerabilitat un entorn segur, educatiu i d\u2019oci durant els mesos estivals. En esta edici\u00f3 de 2025, i com en anys anteriors, el Campus es desenvolupa en les [&hellip;]<\/p>\n","protected":false},"author":14,"featured_media":83436,"comment_status":"open","ping_status":"open","sticky":false,"template":"","format":"standard","meta":{"_acf_changed":false,"footnotes":""},"categories":[1190,128],"tags":[],"class_list":["post-83433","post","type-post","status-publish","format-standard","has-post-thumbnail","hentry","category-ayuntamiento-de-torrent-ca","category-bienestar-social-2"],"acf":[],"_links":{"self":[{"href":"https:\/\/infotorrent.es\/ca\/wp-json\/wp\/v2\/posts\/83433","targetHints":{"allow":["GET"]}}],"collection":[{"href":"https:\/\/infotorrent.es\/ca\/wp-json\/wp\/v2\/posts"}],"about":[{"href":"https:\/\/infotorrent.es\/ca\/wp-json\/wp\/v2\/types\/post"}],"author":[{"embeddable":true,"href":"https:\/\/infotorrent.es\/ca\/wp-json\/wp\/v2\/users\/14"}],"replies":[{"embeddable":true,"href":"https:\/\/infotorrent.es\/ca\/wp-json\/wp\/v2\/comments?post=83433"}],"version-history":[{"count":1,"href":"https:\/\/infotorrent.es\/ca\/wp-json\/wp\/v2\/posts\/83433\/revisions"}],"predecessor-version":[{"id":83443,"href":"https:\/\/infotorrent.es\/ca\/wp-json\/wp\/v2\/posts\/83433\/revisions\/83443"}],"wp:featuredmedia":[{"embeddable":true,"href":"https:\/\/infotorrent.es\/ca\/wp-json\/wp\/v2\/media\/83436"}],"wp:attachment":[{"href":"https:\/\/infotorrent.es\/ca\/wp-json\/wp\/v2\/media?parent=83433"}],"wp:term":[{"taxonomy":"category","embeddable":true,"href":"https:\/\/infotorrent.es\/ca\/wp-json\/wp\/v2\/categories?post=83433"},{"taxonomy":"post_tag","embeddable":true,"href":"https:\/\/infotorrent.es\/ca\/wp-json\/wp\/v2\/tags?post=83433"}],"curies":[{"name":"wp","href":"https:\/\/api.w.org\/{rel}","templated":true}]}}