{"id":8341,"date":"2016-12-28T10:39:57","date_gmt":"2016-12-28T10:39:57","guid":{"rendered":"https:\/\/infotorrent.es\/uncategorized\/la-unio-musical-de-torrent-celebra-su-concierto-solidario-de-navidad\/"},"modified":"2016-12-28T10:39:57","modified_gmt":"2016-12-28T10:39:57","slug":"la-unio-musical-de-torrent-celebra-su-concierto-solidario-de-navidad","status":"publish","type":"post","link":"https:\/\/infotorrent.es\/ca\/noticies\/la-unio-musical-de-torrent-celebra-su-concierto-solidario-de-navidad\/","title":{"rendered":"La Uni\u00f3 Musical de Torrent celebra el seu concert solidari de Nadal"},"content":{"rendered":"<p style=\"text-align: justify;\">La vesprada de divendres l&#8217;Auditori de Torrent va acollir la XIX edici\u00f3 del Concert de Nadal a benefici de C\u00e0ritas que organitza la Uni\u00f3 Musical de Torrent. L&#8217;acte, dividit en dos parts, va comptar tamb\u00e9 amb la pres\u00e8ncia del tenor torrent\u00ed Pascual Andreu Navarro qui va interpretar al costat de la banda simf\u00f2nica de la Uni\u00f3 Musical peces com \u201cEls pescadors de perles\u201d de George Bizet, \u201cUna furtiva ll\u00e0grima\u201d de Gaetano Donizetti, \u201cNessun Dorma\u201d de Giacomo Puccini, \u201cSanta Nit\u201d o \u201cBon Nadal\u201d. Per la seua banda, la banda simf\u00f2nica tamb\u00e9 va interpretar \u201cEl Danubi blau\u201d de Johann Strauss I o \u201cQuatre Nadales\u201d de Pablo S\u00e1nchez Torrella entre altres. Per a acabar la vetlada nadalenca i solid\u00e0ria va sonar la tradicional \u201cMarxa Radeztky\u201d. L&#8217;alcalde Jes\u00fas Ros acompanyat per diversos membres de la corporaci\u00f3 va estar present en el concert acompanyant la m\u00e0xima representant de la Uni\u00f3 Musical, la musa de la M\u00fasica, Gema Guillam\u00f3n i el seu president, Juan Benavent.<\/p>\n","protected":false},"excerpt":{"rendered":"<p>La vesprada de divendres l&#8217;Auditori de Torrent va acollir la XIX edici\u00f3 del Concert de Nadal a benefici de C\u00e0ritas que organitza la Uni\u00f3 Musical de Torrent. L&#8217;acte, dividit en dos parts, va comptar tamb\u00e9 amb la pres\u00e8ncia del tenor torrent\u00ed Pascual Andreu Navarro qui va interpretar al costat de la banda simf\u00f2nica de la [&hellip;]<\/p>\n","protected":false},"author":4,"featured_media":1137,"comment_status":"open","ping_status":"open","sticky":false,"template":"","format":"standard","meta":{"_acf_changed":false,"footnotes":""},"categories":[126,116],"tags":[757],"class_list":["post-8341","post","type-post","status-publish","format-standard","has-post-thumbnail","hentry","category-cultura-es-2","category-noticies","tag-culturanadalnavidadunio-musicalunio-musical"],"acf":[],"_links":{"self":[{"href":"https:\/\/infotorrent.es\/ca\/wp-json\/wp\/v2\/posts\/8341","targetHints":{"allow":["GET"]}}],"collection":[{"href":"https:\/\/infotorrent.es\/ca\/wp-json\/wp\/v2\/posts"}],"about":[{"href":"https:\/\/infotorrent.es\/ca\/wp-json\/wp\/v2\/types\/post"}],"author":[{"embeddable":true,"href":"https:\/\/infotorrent.es\/ca\/wp-json\/wp\/v2\/users\/4"}],"replies":[{"embeddable":true,"href":"https:\/\/infotorrent.es\/ca\/wp-json\/wp\/v2\/comments?post=8341"}],"version-history":[{"count":0,"href":"https:\/\/infotorrent.es\/ca\/wp-json\/wp\/v2\/posts\/8341\/revisions"}],"wp:featuredmedia":[{"embeddable":true,"href":"https:\/\/infotorrent.es\/ca\/wp-json\/wp\/v2\/media\/1137"}],"wp:attachment":[{"href":"https:\/\/infotorrent.es\/ca\/wp-json\/wp\/v2\/media?parent=8341"}],"wp:term":[{"taxonomy":"category","embeddable":true,"href":"https:\/\/infotorrent.es\/ca\/wp-json\/wp\/v2\/categories?post=8341"},{"taxonomy":"post_tag","embeddable":true,"href":"https:\/\/infotorrent.es\/ca\/wp-json\/wp\/v2\/tags?post=8341"}],"curies":[{"name":"wp","href":"https:\/\/api.w.org\/{rel}","templated":true}]}}