{"id":83385,"date":"2025-07-07T09:38:32","date_gmt":"2025-07-07T07:38:32","guid":{"rendered":"https:\/\/infotorrent.es\/?p=83385"},"modified":"2025-07-07T11:07:12","modified_gmt":"2025-07-07T09:07:12","slug":"torrent-es-prepara-per-a-celebrar-el-seu-primer-gran-sarao-amb-els-seus-grups-de-folklore","status":"publish","type":"post","link":"https:\/\/infotorrent.es\/ca\/fiestas-y-tradiciones\/torrent-es-prepara-per-a-celebrar-el-seu-primer-gran-sarao-amb-els-seus-grups-de-folklore\/","title":{"rendered":"Torrent es prepara per a celebrar el seu primer gran Sarao amb els seus grups de folklore"},"content":{"rendered":"\n<p><strong>La cita ser\u00e0 este pr\u00f2xim divendres a les 20 hores<\/strong><\/p>\n\n\n\n<p>La ciutat de Torrent s\u2019omplir\u00e0 de m\u00fasica, tradici\u00f3 i alegria el pr\u00f2xim divendres 11 de juliol, amb la celebraci\u00f3 del&nbsp;<strong>primer gran Sarao<\/strong>, una iniciativa de la&nbsp;<strong>regidoria de Cultura de l\u2019Ajuntament de Torrent<\/strong>&nbsp;que servir\u00e0 de p\u00f2rtic a les esperades festes patronals. A partir de les 20 hores, la&nbsp;<strong>pla\u00e7a Major<\/strong>&nbsp;es transformar\u00e0 en l\u2019epicentre del folklore valenci\u00e0 amb una cita que reunir\u00e0&nbsp;<strong>grups de dansa de tota la prov\u00edncia<\/strong>&nbsp;en un ambient festiu, desenfadat i ple de cultura valenciana.<\/p>\n\n\n\n<p>Este gran encontre de cultura popular comptar\u00e0 amb la participaci\u00f3 del\u00a0<strong>Grup de Ball de Torrent<\/strong>\u00a0i\u00a0<strong>l\u2019U i Dos del Llar Antoni\u00e0<\/strong>, aix\u00ed com altres agrupacions de dansa tradicional que compartiran escenari per a celebrar i\u00a0<strong>promocionar la m\u00fasica i el ball tradicional valenci\u00e0<\/strong>. La\u00a0<strong>rondalla del Grup de Ball de Torrent<\/strong>\u00a0<strong>i la del l\u00b4U i Dos <\/strong>ser\u00e0 l\u2019encarregada de posar m\u00fasica a l\u2019esdeveniment, en qu\u00e8 no faltaran les\u00a0<strong>jotes, fandangos i valencianes<\/strong>\u00a0que posaran a ballar els assistents.<\/p>\n\n\n\n<p>\u201c<strong>Volem que este Sarao es convertisca en una cita anual imprescindible dins del calendari festiu i cultural de Torrent. \u00c9s una forma de retre homenatge a les nostres tradicions, de compartir-les amb tota la comarca i de disfrutar-les com a ciutat<\/strong>\u201d, ha assenyalat el&nbsp;<strong>regidor de Cultura, Aitor S\u00e1nchez<\/strong>, qui ha volgut convidar a tots els ve\u00efns i ve\u00efnes \u201c<strong>a vindre amb ganes de passar-ho b\u00e9, amb la fam\u00edlia, amb amics, i amb l\u2019orgull de ser part d\u2019una terra amb una cultura viva i alegre<\/strong>\u201d.<\/p>\n\n\n\n<p>La jornada conclour\u00e0 amb&nbsp;<strong>un sopar popular a la fresca<\/strong>&nbsp;en la mateixa pla\u00e7a i, com a colof\u00f3,&nbsp;<strong>una ronda de balls oberts<\/strong>&nbsp;perqu\u00e8 tot aquell que ho desitge se sume a la festa. Una celebraci\u00f3 pensada per a&nbsp;<strong>tots els p\u00fablics<\/strong>&nbsp;i que ser\u00e0 una&nbsp;<strong>avan\u00e7ada de les festes patronals<\/strong>&nbsp;que enguany es presenten amb for\u00e7a, tradici\u00f3 i molta participaci\u00f3.<\/p>\n\n\n\n<figure class=\"wp-block-image size-large\"><img fetchpriority=\"high\" decoding=\"async\" width=\"819\" height=\"1024\" src=\"https:\/\/infotorrent.es\/wp-content\/uploads\/2025\/07\/REDES-FIESTAS-2025-1-819x1024.png\" alt=\"\" class=\"wp-image-83382\" srcset=\"https:\/\/infotorrent.es\/wp-content\/uploads\/2025\/07\/REDES-FIESTAS-2025-1-819x1024.png 819w, https:\/\/infotorrent.es\/wp-content\/uploads\/2025\/07\/REDES-FIESTAS-2025-1-240x300.png 240w, https:\/\/infotorrent.es\/wp-content\/uploads\/2025\/07\/REDES-FIESTAS-2025-1-768x960.png 768w, https:\/\/infotorrent.es\/wp-content\/uploads\/2025\/07\/REDES-FIESTAS-2025-1.png 1080w\" sizes=\"(max-width: 819px) 100vw, 819px\" \/><\/figure>\n","protected":false},"excerpt":{"rendered":"<p>La cita ser\u00e0 este pr\u00f2xim divendres a les 20 hores La ciutat de Torrent s\u2019omplir\u00e0 de m\u00fasica, tradici\u00f3 i alegria el pr\u00f2xim divendres 11 de juliol, amb la celebraci\u00f3 del&nbsp;primer gran Sarao, una iniciativa de la&nbsp;regidoria de Cultura de l\u2019Ajuntament de Torrent&nbsp;que servir\u00e0 de p\u00f2rtic a les esperades festes patronals. A partir de les 20 [&hellip;]<\/p>\n","protected":false},"author":15,"featured_media":83382,"comment_status":"open","ping_status":"open","sticky":false,"template":"","format":"standard","meta":{"_acf_changed":false,"footnotes":""},"categories":[756,143],"tags":[],"class_list":["post-83385","post","type-post","status-publish","format-standard","has-post-thumbnail","hentry","category-cultura-noticias-2","category-fiestas-y-tradiciones"],"acf":[],"_links":{"self":[{"href":"https:\/\/infotorrent.es\/ca\/wp-json\/wp\/v2\/posts\/83385","targetHints":{"allow":["GET"]}}],"collection":[{"href":"https:\/\/infotorrent.es\/ca\/wp-json\/wp\/v2\/posts"}],"about":[{"href":"https:\/\/infotorrent.es\/ca\/wp-json\/wp\/v2\/types\/post"}],"author":[{"embeddable":true,"href":"https:\/\/infotorrent.es\/ca\/wp-json\/wp\/v2\/users\/15"}],"replies":[{"embeddable":true,"href":"https:\/\/infotorrent.es\/ca\/wp-json\/wp\/v2\/comments?post=83385"}],"version-history":[{"count":3,"href":"https:\/\/infotorrent.es\/ca\/wp-json\/wp\/v2\/posts\/83385\/revisions"}],"predecessor-version":[{"id":83410,"href":"https:\/\/infotorrent.es\/ca\/wp-json\/wp\/v2\/posts\/83385\/revisions\/83410"}],"wp:featuredmedia":[{"embeddable":true,"href":"https:\/\/infotorrent.es\/ca\/wp-json\/wp\/v2\/media\/83382"}],"wp:attachment":[{"href":"https:\/\/infotorrent.es\/ca\/wp-json\/wp\/v2\/media?parent=83385"}],"wp:term":[{"taxonomy":"category","embeddable":true,"href":"https:\/\/infotorrent.es\/ca\/wp-json\/wp\/v2\/categories?post=83385"},{"taxonomy":"post_tag","embeddable":true,"href":"https:\/\/infotorrent.es\/ca\/wp-json\/wp\/v2\/tags?post=83385"}],"curies":[{"name":"wp","href":"https:\/\/api.w.org\/{rel}","templated":true}]}}