{"id":83376,"date":"2025-07-07T09:28:13","date_gmt":"2025-07-07T07:28:13","guid":{"rendered":"https:\/\/infotorrent.es\/?p=83376"},"modified":"2025-07-07T09:28:18","modified_gmt":"2025-07-07T07:28:18","slug":"torrent-exalta-als-seus-carrecs-festers-en-una-vetlada-marcada-per-la-responsabilitat-ciutadana","status":"publish","type":"post","link":"https:\/\/infotorrent.es\/ca\/uncategorized\/torrent-exalta-als-seus-carrecs-festers-en-una-vetlada-marcada-per-la-responsabilitat-ciutadana\/","title":{"rendered":"Torrent exalta als seus c\u00e0rrecs festers en una vetlada marcada per la responsabilitat ciutadana"},"content":{"rendered":"\n<p><strong>L&#8217;\u00c0gora del Parc Central de Torrent es va omplir este cap de setmana d&#8217;emoci\u00f3, tradici\u00f3 i orgull festiu amb motiu del sopar i exaltaci\u00f3 dels c\u00e0rrecs festers de les Festes de Moros i Cristians 2025, un acte emblem\u00e0tic que marca l&#8217;inici oficial d&#8217;unes celebracions esperades amb entusiasme per tota la ciutadania.<\/strong><\/p>\n\n\n\n<p>La nit va comen\u00e7ar amb un c\u00f2ctel de benvinguda ambientat amb m\u00fasica medieval en directe, creant un ambient m\u00e0gic que va donar pas a la solemne entrada dels alferes: Pau Bermell, de la comparsa Sumayl\u2019s, com a alferes moro, i Julio Palop, de la fil\u00e0 dels Comilitons, com a alferes cristi\u00e0. Posteriorment, van ser rebuts amb calorosos aplaudiments els capitans: Christian Triguero, de Bedu\u00efns, com a capit\u00e0 moro, i Merce Mora, de Dames Ballesteres, com a capitana cristiana. Els seus discursos carregats d&#8217;emoci\u00f3 i simbolisme van posar de manifest el comprom\u00eds amb les festes i la hist\u00f2ria de Torrent.<\/p>\n\n\n\n<p>Durant l&#8217;acte, els c\u00e0rrecs van rebre les seues medalles de mans de la regidora de Festes, Mar\u00eda Fern\u00e1ndez Arazil, i estendards commemoratius entregats pel president de la Federaci\u00f3 de Moros i Cristians de Torrent (FMICT), Xavi Santamar\u00eda. En la seua intervenci\u00f3, la regidora va destacar la import\u00e0ncia cultural i social d&#8217;estes festes:<\/p>\n\n\n\n<p>\u201cEstes festes s\u00f3n un referent de la nostra identitat i cultura, i ajuden a dinamitzar l&#8217;economia i el turisme local\u201d, va assenyalar, al mateix temps que va animar a tota la ciutadania a participar: \u201cS\u00f3n unes festes obertes a tots, on la diversi\u00f3 i el bon ambient estan assegurats\u201d.<\/p>\n\n\n\n<p>La vetlada estava prevista que continuara amb una revetla amenitzada per tres DJ, per\u00f2 les condicions meteorol\u00f2giques adverses i un fort vendaval van obligar a suspendre l&#8217;esdeveniment per recomanaci\u00f3 de la Policia Local i Nacional.<\/p>\n\n\n\n<p>Comportament exemplar davant l&#8217;adversitat<\/p>\n\n\n\n<p>Davant esta situaci\u00f3, l&#8217;Ajuntament de Torrent va procedir al desallotjament preventiu del recinte amb total normalitat i en coordinaci\u00f3 amb els cossos de seguretat. El comportament exemplar dels assistents va ser clau per a garantir la seguretat de tots i va ser agra\u00eft p\u00fablicament pel consistori:<\/p>\n\n\n\n<p>\u201cVolem agrair la comprensi\u00f3 i col\u00b7laboraci\u00f3 de tots els presents. La ciutadania de Torrent ha demostrat una vegada m\u00e9s el seu civisme i responsabilitat en una situaci\u00f3 complicada\u201d, van expressar des de l&#8217;Ajuntament.<\/p>\n\n\n\n<p>Despr\u00e9s del desallotjament, l&#8217;alcaldessa i diversos membres de l&#8217;equip de govern es van traslladar a la Sala CISEM, des d&#8217;on van estar en contacte permanent amb els cossos d&#8217;emerg\u00e8ncia per a coordinar les actuacions necess\u00e0ries durant la nit.<\/p>\n\n\n\n<p>Una edici\u00f3 que promet hist\u00f2ria, color i conviv\u00e8ncia<\/p>\n\n\n\n<p>Les Festes de Moros i Cristians de Torrent 2025, que se celebraran del 24 al 30 de juliol, tornaran a omplir els carrers d&#8217;hist\u00f2ria, colorit i conviv\u00e8ncia. Entre els actes m\u00e9s esperats figuren el preg\u00f3, la conquesta i reconquesta de la Torre amb arcabussos, l&#8217;Entradeta Infantil i l&#8217;espectacular Gran Entrada del 29 de juliol.<\/p>\n\n\n\n<p>Torrent ja respira ambient festiu, amb uns c\u00e0rrecs festers que representen l&#8217;esperit d&#8217;una ciutat que honra les seues tradicions i sap respondre amb unitat i responsabilitat davant qualsevol circumst\u00e0ncia.<\/p>\n\n\n\n<figure class=\"wp-block-gallery has-nested-images columns-default is-cropped wp-block-gallery-1 is-layout-flex wp-block-gallery-is-layout-flex\">\n<figure class=\"wp-block-image size-large\"><img fetchpriority=\"high\" decoding=\"async\" width=\"1024\" height=\"683\" data-id=\"83367\" src=\"https:\/\/infotorrent.es\/wp-content\/uploads\/2025\/07\/WhatsApp-Image-2025-07-07-at-09.19.46-1-1024x683.jpeg\" alt=\"\" class=\"wp-image-83367\" srcset=\"https:\/\/infotorrent.es\/wp-content\/uploads\/2025\/07\/WhatsApp-Image-2025-07-07-at-09.19.46-1-1024x683.jpeg 1024w, https:\/\/infotorrent.es\/wp-content\/uploads\/2025\/07\/WhatsApp-Image-2025-07-07-at-09.19.46-1-300x200.jpeg 300w, https:\/\/infotorrent.es\/wp-content\/uploads\/2025\/07\/WhatsApp-Image-2025-07-07-at-09.19.46-1-768x512.jpeg 768w, https:\/\/infotorrent.es\/wp-content\/uploads\/2025\/07\/WhatsApp-Image-2025-07-07-at-09.19.46-1.jpeg 1500w\" sizes=\"(max-width: 1024px) 100vw, 1024px\" \/><\/figure>\n\n\n\n<figure class=\"wp-block-image size-large\"><img decoding=\"async\" width=\"1024\" height=\"683\" data-id=\"83369\" src=\"https:\/\/infotorrent.es\/wp-content\/uploads\/2025\/07\/WhatsApp-Image-2025-07-07-at-09.19.47-1024x683.jpeg\" alt=\"\" class=\"wp-image-83369\" srcset=\"https:\/\/infotorrent.es\/wp-content\/uploads\/2025\/07\/WhatsApp-Image-2025-07-07-at-09.19.47-1024x683.jpeg 1024w, https:\/\/infotorrent.es\/wp-content\/uploads\/2025\/07\/WhatsApp-Image-2025-07-07-at-09.19.47-300x200.jpeg 300w, https:\/\/infotorrent.es\/wp-content\/uploads\/2025\/07\/WhatsApp-Image-2025-07-07-at-09.19.47-768x512.jpeg 768w, https:\/\/infotorrent.es\/wp-content\/uploads\/2025\/07\/WhatsApp-Image-2025-07-07-at-09.19.47-1536x1024.jpeg 1536w, https:\/\/infotorrent.es\/wp-content\/uploads\/2025\/07\/WhatsApp-Image-2025-07-07-at-09.19.47.jpeg 2048w\" sizes=\"(max-width: 1024px) 100vw, 1024px\" \/><\/figure>\n\n\n\n<figure class=\"wp-block-image size-large\"><img decoding=\"async\" width=\"1024\" height=\"683\" data-id=\"83371\" src=\"https:\/\/infotorrent.es\/wp-content\/uploads\/2025\/07\/WhatsApp-Image-2025-07-07-at-09.19.46-2-1024x683.jpeg\" alt=\"\" class=\"wp-image-83371\" srcset=\"https:\/\/infotorrent.es\/wp-content\/uploads\/2025\/07\/WhatsApp-Image-2025-07-07-at-09.19.46-2-1024x683.jpeg 1024w, https:\/\/infotorrent.es\/wp-content\/uploads\/2025\/07\/WhatsApp-Image-2025-07-07-at-09.19.46-2-300x200.jpeg 300w, https:\/\/infotorrent.es\/wp-content\/uploads\/2025\/07\/WhatsApp-Image-2025-07-07-at-09.19.46-2-768x512.jpeg 768w, https:\/\/infotorrent.es\/wp-content\/uploads\/2025\/07\/WhatsApp-Image-2025-07-07-at-09.19.46-2.jpeg 1500w\" sizes=\"(max-width: 1024px) 100vw, 1024px\" \/><\/figure>\n\n\n\n<figure class=\"wp-block-image size-large\"><img loading=\"lazy\" decoding=\"async\" width=\"1024\" height=\"683\" data-id=\"83373\" src=\"https:\/\/infotorrent.es\/wp-content\/uploads\/2025\/07\/WhatsApp-Image-2025-07-07-at-09.19.46-1024x683.jpeg\" alt=\"\" class=\"wp-image-83373\" srcset=\"https:\/\/infotorrent.es\/wp-content\/uploads\/2025\/07\/WhatsApp-Image-2025-07-07-at-09.19.46-1024x683.jpeg 1024w, https:\/\/infotorrent.es\/wp-content\/uploads\/2025\/07\/WhatsApp-Image-2025-07-07-at-09.19.46-300x200.jpeg 300w, https:\/\/infotorrent.es\/wp-content\/uploads\/2025\/07\/WhatsApp-Image-2025-07-07-at-09.19.46-768x512.jpeg 768w, https:\/\/infotorrent.es\/wp-content\/uploads\/2025\/07\/WhatsApp-Image-2025-07-07-at-09.19.46-1536x1024.jpeg 1536w, https:\/\/infotorrent.es\/wp-content\/uploads\/2025\/07\/WhatsApp-Image-2025-07-07-at-09.19.46.jpeg 2048w\" sizes=\"(max-width: 1024px) 100vw, 1024px\" \/><\/figure>\n<\/figure>\n","protected":false},"excerpt":{"rendered":"<p>L&#8217;\u00c0gora del Parc Central de Torrent es va omplir este cap de setmana d&#8217;emoci\u00f3, tradici\u00f3 i orgull festiu amb motiu del sopar i exaltaci\u00f3 dels c\u00e0rrecs festers de les Festes de Moros i Cristians 2025, un acte emblem\u00e0tic que marca l&#8217;inici oficial d&#8217;unes celebracions esperades amb entusiasme per tota la ciutadania. La nit va comen\u00e7ar [&hellip;]<\/p>\n","protected":false},"author":15,"featured_media":83369,"comment_status":"open","ping_status":"open","sticky":false,"template":"","format":"standard","meta":{"_acf_changed":false,"footnotes":""},"categories":[25],"tags":[],"class_list":["post-83376","post","type-post","status-publish","format-standard","has-post-thumbnail","hentry","category-uncategorized"],"acf":[],"_links":{"self":[{"href":"https:\/\/infotorrent.es\/ca\/wp-json\/wp\/v2\/posts\/83376","targetHints":{"allow":["GET"]}}],"collection":[{"href":"https:\/\/infotorrent.es\/ca\/wp-json\/wp\/v2\/posts"}],"about":[{"href":"https:\/\/infotorrent.es\/ca\/wp-json\/wp\/v2\/types\/post"}],"author":[{"embeddable":true,"href":"https:\/\/infotorrent.es\/ca\/wp-json\/wp\/v2\/users\/15"}],"replies":[{"embeddable":true,"href":"https:\/\/infotorrent.es\/ca\/wp-json\/wp\/v2\/comments?post=83376"}],"version-history":[{"count":1,"href":"https:\/\/infotorrent.es\/ca\/wp-json\/wp\/v2\/posts\/83376\/revisions"}],"predecessor-version":[{"id":83378,"href":"https:\/\/infotorrent.es\/ca\/wp-json\/wp\/v2\/posts\/83376\/revisions\/83378"}],"wp:featuredmedia":[{"embeddable":true,"href":"https:\/\/infotorrent.es\/ca\/wp-json\/wp\/v2\/media\/83369"}],"wp:attachment":[{"href":"https:\/\/infotorrent.es\/ca\/wp-json\/wp\/v2\/media?parent=83376"}],"wp:term":[{"taxonomy":"category","embeddable":true,"href":"https:\/\/infotorrent.es\/ca\/wp-json\/wp\/v2\/categories?post=83376"},{"taxonomy":"post_tag","embeddable":true,"href":"https:\/\/infotorrent.es\/ca\/wp-json\/wp\/v2\/tags?post=83376"}],"curies":[{"name":"wp","href":"https:\/\/api.w.org\/{rel}","templated":true}]}}