{"id":8337,"date":"2016-12-15T11:34:57","date_gmt":"2016-12-15T11:34:57","guid":{"rendered":"https:\/\/infotorrent.es\/uncategorized\/les-falles-el-nostre-patrimoni-una-exposicion-de-la-falla-santa-lucia-por-su-semana-cultural\/"},"modified":"2016-12-15T11:34:57","modified_gmt":"2016-12-15T11:34:57","slug":"les-falles-el-nostre-patrimoni-una-exposicion-de-la-falla-santa-lucia-por-su-semana-cultural","status":"publish","type":"post","link":"https:\/\/infotorrent.es\/ca\/noticies\/les-falles-el-nostre-patrimoni-una-exposicion-de-la-falla-santa-lucia-por-su-semana-cultural\/","title":{"rendered":"\u201cLes Falles, el nostre patrimoni\u201d, una exposici\u00f3 de la falla de Santa Ll\u00facia en la seua setmana cultural"},"content":{"rendered":"<p>La falla de Santa Ll\u00facia celebra esta setmana la seua setmana cultural amb multitud d&#8217;activitats. Dimarts a la vesprada es va inaugurar l&#8217;exposici\u00f3 \u201cLes Falles, el nostre patrimoni\u201d, una combinaci\u00f3 de tradici\u00f3, cultura i treball feta amb goma EVA que pot visitar-se fins al 3 de gener en el Museu Comarcal de l&#8217;Horta Sud. El regidor de l&#8217;\u00c0rea de Cultura, Alfred Costa, no volgu\u00e9 faltar a este acte que inicia una setmana d&#8217;activitats entre les quals destaca la donaci\u00f3 de sang dem\u00e0 divendres de 17.00 a 21.00 hores en el casal El Xocolater.<\/p>\n<p>&nbsp;<\/p>\n","protected":false},"excerpt":{"rendered":"<p>La falla de Santa Ll\u00facia celebra esta setmana la seua setmana cultural amb multitud d&#8217;activitats. Dimarts a la vesprada es va inaugurar l&#8217;exposici\u00f3 \u201cLes Falles, el nostre patrimoni\u201d, una combinaci\u00f3 de tradici\u00f3, cultura i treball feta amb goma EVA que pot visitar-se fins al 3 de gener en el Museu Comarcal de l&#8217;Horta Sud. El [&hellip;]<\/p>\n","protected":false},"author":13,"featured_media":1137,"comment_status":"open","ping_status":"open","sticky":false,"template":"","format":"standard","meta":{"_acf_changed":false,"footnotes":""},"categories":[126,116],"tags":[],"class_list":["post-8337","post","type-post","status-publish","format-standard","has-post-thumbnail","hentry","category-cultura-es-2","category-noticies"],"acf":[],"_links":{"self":[{"href":"https:\/\/infotorrent.es\/ca\/wp-json\/wp\/v2\/posts\/8337","targetHints":{"allow":["GET"]}}],"collection":[{"href":"https:\/\/infotorrent.es\/ca\/wp-json\/wp\/v2\/posts"}],"about":[{"href":"https:\/\/infotorrent.es\/ca\/wp-json\/wp\/v2\/types\/post"}],"author":[{"embeddable":true,"href":"https:\/\/infotorrent.es\/ca\/wp-json\/wp\/v2\/users\/13"}],"replies":[{"embeddable":true,"href":"https:\/\/infotorrent.es\/ca\/wp-json\/wp\/v2\/comments?post=8337"}],"version-history":[{"count":0,"href":"https:\/\/infotorrent.es\/ca\/wp-json\/wp\/v2\/posts\/8337\/revisions"}],"wp:featuredmedia":[{"embeddable":true,"href":"https:\/\/infotorrent.es\/ca\/wp-json\/wp\/v2\/media\/1137"}],"wp:attachment":[{"href":"https:\/\/infotorrent.es\/ca\/wp-json\/wp\/v2\/media?parent=8337"}],"wp:term":[{"taxonomy":"category","embeddable":true,"href":"https:\/\/infotorrent.es\/ca\/wp-json\/wp\/v2\/categories?post=8337"},{"taxonomy":"post_tag","embeddable":true,"href":"https:\/\/infotorrent.es\/ca\/wp-json\/wp\/v2\/tags?post=8337"}],"curies":[{"name":"wp","href":"https:\/\/api.w.org\/{rel}","templated":true}]}}