{"id":83361,"date":"2025-07-04T12:43:08","date_gmt":"2025-07-04T10:43:08","guid":{"rendered":"https:\/\/infotorrent.es\/?p=83361"},"modified":"2025-07-04T12:45:37","modified_gmt":"2025-07-04T10:45:37","slug":"torrent-recupera-la-seua-principal-via-de-comunicacio-amb-valencia","status":"publish","type":"post","link":"https:\/\/infotorrent.es\/ca\/alcaldia-2\/torrent-recupera-la-seua-principal-via-de-comunicacio-amb-valencia\/","title":{"rendered":"Torrent recupera la seua principal via de comunicaci\u00f3 amb Val\u00e8ncia"},"content":{"rendered":"\n<h4 class=\"wp-block-heading\"><strong>La Generalitat Valenciana completa en temps r\u00e8cord la reconstrucci\u00f3 del pont sobre el Barranc de Poio, recuperant la mobilitat plena a Torrent i la comarca<\/strong><\/h4>\n\n\n\n<h4 class=\"wp-block-heading\"><strong>L&#8217;alcaldessa de Torrent subratlla l&#8217;esfor\u00e7 t\u00e8cnic i hum\u00e0 en la recuperaci\u00f3 de la CV-33<\/strong><\/h4>\n\n\n\n<p>La Generalitat Valenciana ha finalitzat la construcci\u00f3 del nou pont de la CV-33 sobre el barranc de Poio, una infraestructura clau que va quedar destru\u00efda per les inundacions d&#8217;octubre passat. Esta actuaci\u00f3 permetr\u00e0, en les pr\u00f2ximes setmanes, recuperar per complet la normalitat en este tram de l&#8217;autovia que connecta Torrent amb Val\u00e8ncia, facilitant el tr\u00e0nsit diari de 48.000 vehicles, inclosos 2.000 camions.<\/p>\n\n\n\n<p>El conseller de Medi Ambient, Infraestructures i Territori, Vicente Mart\u00ednez Mus, acompanyat per l&#8217;alcaldessa de Torrent, Amparo Folgado i Josep Almenar, alcalde d&#8217;Aldaia, han supervisat l&#8217;obertura del nou viaducte. Mart\u00ednez Mus ha destacat que esta reconstrucci\u00f3 s&#8217;ha realitzat en un temps r\u00e8cord de huit mesos, quan en condicions normals hauria requerit m\u00e9s de dos anys. Ha ressaltat que esta actuaci\u00f3 ha tingut un cost global de 12,5 milions d&#8217;euros i ha incorporat innovadores t\u00e8cniques constructives per a refor\u00e7ar la resili\u00e8ncia davant futurs fen\u00f2mens clim\u00e0tics extrems.<\/p>\n\n\n\n<p>El conseller ha emfatitzat que&nbsp;<strong>&#8220;esta reconstrucci\u00f3 \u00e9s un triomf col\u00b7lectiu, una mostra de la capacitat que tenim com a societat per a sobreposar-nos davant les dificultats&#8221;.<\/strong>&nbsp;Aix\u00ed mateix, ha agra\u00eft especialment l&#8217;esfor\u00e7 dels t\u00e8cnics i empreses involucrades en esta complexa obra, duta a terme en temps r\u00e8cord, treballant dia i nit per a garantir una recuperaci\u00f3 r\u00e0pida i segura.<\/p>\n\n\n\n<p>Per part seua, l&#8217;alcaldessa de Torrent, Amparo Folgado, ha manifestat que&nbsp;<strong>&#8220;hui \u00e9s un dia molt important, especialment per als torrentinos i tamb\u00e9 per a tots els municipis de l&#8217;\u00e0rea metropolitana. Una vegada m\u00e9s, gr\u00e0cies al comprom\u00eds del president Carlos Maz\u00f3n i la Conselleria de Medi Ambient, hem aconseguit recuperar una infraestructura essencial en un termini excepcionalment curt&#8221;.<\/strong><\/p>\n\n\n\n<p>L&#8217;alcaldessa ha subratllat la import\u00e0ncia d&#8217;esta obra, valorada en m\u00e9s de 12 milions d&#8217;euros, ressaltant l&#8217;esfor\u00e7 t\u00e8cnic i hum\u00e0 que ha implicat:&nbsp;<strong>&#8220;Hem sigut conscients de la gran obra d&#8217;enginyeria realitzada, amb t\u00e8cnics i treballadors compromesos dia i nit, en jornades festives i sota condicions clim\u00e0tiques molt dures. Tot aix\u00f2 amb l&#8217;objectiu ferm de retornar com m\u00e9s prompte millor la normalitat a la ciutadania&#8221;.<\/strong><\/p>\n\n\n\n<p>Folgado tamb\u00e9 ha indicat que&nbsp;<strong>&#8220;ja disposem de tres carrils plenament operatius i des de la Conselleria s&#8217;est\u00e0 treballant per a refor\u00e7ar el pont paral\u00b7lel que hem utilitzat estos mesos, amb la previsi\u00f3 d&#8217;obrir quatre carrils abans de finals de juliol o principis d&#8217;agost&#8221;. A m\u00e9s, ha volgut ressaltar la sensaci\u00f3 de satisfacci\u00f3 general entre els ve\u00efns: &#8220;Molts de nosaltres, en eixir hui de Torrent, quasi no cr\u00e9iem possible que ja no existira l&#8217;embut al qual ens hav\u00edem acostumat. Ara gaudim de dos carrils normals cap a Val\u00e8ncia, alguna cosa que ens semblava lluny\u00e0 despr\u00e9s de la dana&#8221;.<\/strong><\/p>\n\n\n\n<p>L&#8217;alcaldessa ha emfatitzat el valor afegit d&#8217;esta intervenci\u00f3, destacant que s&#8217;ha aconseguit millorar la infraestructura original:&nbsp;<strong>&#8220;No sols recuperem la normalitat, sin\u00f3 que ho fem amb infraestructures refor\u00e7ades, m\u00e9s ben dissenyades i amb una prevenci\u00f3 major per a afrontar futures emerg\u00e8ncies. Esperem que estes millores asseguren que situacions aix\u00ed no tornen a oc\u00f3rrer&#8221;.<\/strong><\/p>\n\n\n\n<p>La Generalitat continuar\u00e0 treballant intensament en altres intervencions pendents fins a finalitzar totes les obres compromeses, amb un pressupost total de 125 milions d&#8217;euros destinats a recuperar les infraestructures danyades per la DANA. El conseller Mart\u00ednez Mus ha assegurat que &#8220;en les pr\u00f2ximes setmanes quedaran completades la majoria d&#8217;estes actuacions, complint amb el nostre comprom\u00eds de retornar la normalitat i la seguretat a la ciutadania&#8221;.<\/p>\n\n\n\n<p>L&#8217;obertura del pont s&#8217;ha produ\u00eft despr\u00e9s de completar satisfact\u00f2riament la prova de c\u00e0rrega realitzada ahir, certificant aix\u00ed la total seguretat i resist\u00e8ncia de la nova estructura, que compta amb fonamentacions profundes de fins a 12 metres i una construcci\u00f3 especialment adaptada per a resistir fen\u00f2mens meteorol\u00f2gics extrems.<\/p>\n\n\n\n<p>Amb esta obra finalitzada, la Generalitat fa un pas decisiu en la recuperaci\u00f3 integral de la mobilitat a Torrent i tota la comarca de l&#8217;Horta Sud, confirmant aix\u00ed el seu comprom\u00eds ferm amb la ciutadania i la reconstrucci\u00f3.<\/p>\n\n\n\n<figure class=\"wp-block-gallery has-nested-images columns-default is-cropped wp-block-gallery-1 is-layout-flex wp-block-gallery-is-layout-flex\">\n<figure class=\"wp-block-image size-large\"><img fetchpriority=\"high\" decoding=\"async\" width=\"1024\" height=\"682\" data-id=\"83358\" src=\"https:\/\/infotorrent.es\/wp-content\/uploads\/2025\/07\/WhatsApp-Image-2025-07-04-at-12.11.25-1024x682.jpeg\" alt=\"\" class=\"wp-image-83358\" srcset=\"https:\/\/infotorrent.es\/wp-content\/uploads\/2025\/07\/WhatsApp-Image-2025-07-04-at-12.11.25-1024x682.jpeg 1024w, https:\/\/infotorrent.es\/wp-content\/uploads\/2025\/07\/WhatsApp-Image-2025-07-04-at-12.11.25-300x200.jpeg 300w, https:\/\/infotorrent.es\/wp-content\/uploads\/2025\/07\/WhatsApp-Image-2025-07-04-at-12.11.25-768x512.jpeg 768w, https:\/\/infotorrent.es\/wp-content\/uploads\/2025\/07\/WhatsApp-Image-2025-07-04-at-12.11.25-1536x1023.jpeg 1536w, https:\/\/infotorrent.es\/wp-content\/uploads\/2025\/07\/WhatsApp-Image-2025-07-04-at-12.11.25.jpeg 1600w\" sizes=\"(max-width: 1024px) 100vw, 1024px\" \/><\/figure>\n\n\n\n<figure class=\"wp-block-image size-large\"><img decoding=\"async\" width=\"1024\" height=\"682\" data-id=\"83356\" src=\"https:\/\/infotorrent.es\/wp-content\/uploads\/2025\/07\/WhatsApp-Image-2025-07-04-at-12.11.24-1024x682.jpeg\" alt=\"\" class=\"wp-image-83356\" srcset=\"https:\/\/infotorrent.es\/wp-content\/uploads\/2025\/07\/WhatsApp-Image-2025-07-04-at-12.11.24-1024x682.jpeg 1024w, https:\/\/infotorrent.es\/wp-content\/uploads\/2025\/07\/WhatsApp-Image-2025-07-04-at-12.11.24-300x200.jpeg 300w, https:\/\/infotorrent.es\/wp-content\/uploads\/2025\/07\/WhatsApp-Image-2025-07-04-at-12.11.24-768x512.jpeg 768w, https:\/\/infotorrent.es\/wp-content\/uploads\/2025\/07\/WhatsApp-Image-2025-07-04-at-12.11.24-1536x1023.jpeg 1536w, https:\/\/infotorrent.es\/wp-content\/uploads\/2025\/07\/WhatsApp-Image-2025-07-04-at-12.11.24.jpeg 1600w\" sizes=\"(max-width: 1024px) 100vw, 1024px\" \/><\/figure>\n\n\n\n<figure class=\"wp-block-image size-large\"><img decoding=\"async\" width=\"1024\" height=\"682\" data-id=\"83354\" src=\"https:\/\/infotorrent.es\/wp-content\/uploads\/2025\/07\/WhatsApp-Image-2025-07-04-at-12.11.25-1-1024x682.jpeg\" alt=\"\" class=\"wp-image-83354\" srcset=\"https:\/\/infotorrent.es\/wp-content\/uploads\/2025\/07\/WhatsApp-Image-2025-07-04-at-12.11.25-1-1024x682.jpeg 1024w, https:\/\/infotorrent.es\/wp-content\/uploads\/2025\/07\/WhatsApp-Image-2025-07-04-at-12.11.25-1-300x200.jpeg 300w, https:\/\/infotorrent.es\/wp-content\/uploads\/2025\/07\/WhatsApp-Image-2025-07-04-at-12.11.25-1-768x512.jpeg 768w, https:\/\/infotorrent.es\/wp-content\/uploads\/2025\/07\/WhatsApp-Image-2025-07-04-at-12.11.25-1-1536x1023.jpeg 1536w, https:\/\/infotorrent.es\/wp-content\/uploads\/2025\/07\/WhatsApp-Image-2025-07-04-at-12.11.25-1.jpeg 1600w\" sizes=\"(max-width: 1024px) 100vw, 1024px\" \/><\/figure>\n\n\n\n<figure class=\"wp-block-image size-large\"><img loading=\"lazy\" decoding=\"async\" width=\"1024\" height=\"682\" data-id=\"83352\" src=\"https:\/\/infotorrent.es\/wp-content\/uploads\/2025\/07\/WhatsApp-Image-2025-07-04-at-12.11.24-1-1024x682.jpeg\" alt=\"\" class=\"wp-image-83352\" srcset=\"https:\/\/infotorrent.es\/wp-content\/uploads\/2025\/07\/WhatsApp-Image-2025-07-04-at-12.11.24-1-1024x682.jpeg 1024w, https:\/\/infotorrent.es\/wp-content\/uploads\/2025\/07\/WhatsApp-Image-2025-07-04-at-12.11.24-1-300x200.jpeg 300w, https:\/\/infotorrent.es\/wp-content\/uploads\/2025\/07\/WhatsApp-Image-2025-07-04-at-12.11.24-1-768x512.jpeg 768w, https:\/\/infotorrent.es\/wp-content\/uploads\/2025\/07\/WhatsApp-Image-2025-07-04-at-12.11.24-1-1536x1023.jpeg 1536w, https:\/\/infotorrent.es\/wp-content\/uploads\/2025\/07\/WhatsApp-Image-2025-07-04-at-12.11.24-1.jpeg 1600w\" sizes=\"(max-width: 1024px) 100vw, 1024px\" \/><\/figure>\n<\/figure>\n","protected":false},"excerpt":{"rendered":"<p>La Generalitat Valenciana completa en temps r\u00e8cord la reconstrucci\u00f3 del pont sobre el Barranc de Poio, recuperant la mobilitat plena a Torrent i la comarca L&#8217;alcaldessa de Torrent subratlla l&#8217;esfor\u00e7 t\u00e8cnic i hum\u00e0 en la recuperaci\u00f3 de la CV-33 La Generalitat Valenciana ha finalitzat la construcci\u00f3 del nou pont de la CV-33 sobre el barranc [&hellip;]<\/p>\n","protected":false},"author":14,"featured_media":83358,"comment_status":"open","ping_status":"open","sticky":false,"template":"","format":"standard","meta":{"_acf_changed":false,"footnotes":""},"categories":[141,1217,1160],"tags":[],"class_list":["post-83361","post","type-post","status-publish","format-standard","has-post-thumbnail","hentry","category-alcaldia-2","category-dana-ca","category-urbanismo-noticias-ca"],"acf":[],"_links":{"self":[{"href":"https:\/\/infotorrent.es\/ca\/wp-json\/wp\/v2\/posts\/83361","targetHints":{"allow":["GET"]}}],"collection":[{"href":"https:\/\/infotorrent.es\/ca\/wp-json\/wp\/v2\/posts"}],"about":[{"href":"https:\/\/infotorrent.es\/ca\/wp-json\/wp\/v2\/types\/post"}],"author":[{"embeddable":true,"href":"https:\/\/infotorrent.es\/ca\/wp-json\/wp\/v2\/users\/14"}],"replies":[{"embeddable":true,"href":"https:\/\/infotorrent.es\/ca\/wp-json\/wp\/v2\/comments?post=83361"}],"version-history":[{"count":1,"href":"https:\/\/infotorrent.es\/ca\/wp-json\/wp\/v2\/posts\/83361\/revisions"}],"predecessor-version":[{"id":83363,"href":"https:\/\/infotorrent.es\/ca\/wp-json\/wp\/v2\/posts\/83361\/revisions\/83363"}],"wp:featuredmedia":[{"embeddable":true,"href":"https:\/\/infotorrent.es\/ca\/wp-json\/wp\/v2\/media\/83358"}],"wp:attachment":[{"href":"https:\/\/infotorrent.es\/ca\/wp-json\/wp\/v2\/media?parent=83361"}],"wp:term":[{"taxonomy":"category","embeddable":true,"href":"https:\/\/infotorrent.es\/ca\/wp-json\/wp\/v2\/categories?post=83361"},{"taxonomy":"post_tag","embeddable":true,"href":"https:\/\/infotorrent.es\/ca\/wp-json\/wp\/v2\/tags?post=83361"}],"curies":[{"name":"wp","href":"https:\/\/api.w.org\/{rel}","templated":true}]}}