{"id":83347,"date":"2025-07-04T12:20:58","date_gmt":"2025-07-04T10:20:58","guid":{"rendered":"https:\/\/infotorrent.es\/?p=83347"},"modified":"2025-07-04T12:23:47","modified_gmt":"2025-07-04T10:23:47","slug":"torrent-avanca-en-la-fase-final-de-la-reconstruccio-del-pont-cap-a-alaquas","status":"publish","type":"post","link":"https:\/\/infotorrent.es\/ca\/alcaldia-2\/torrent-avanca-en-la-fase-final-de-la-reconstruccio-del-pont-cap-a-alaquas\/","title":{"rendered":"Torrent avan\u00e7a en la fase final de la reconstrucci\u00f3 del Pont cap a Alaqu\u00e0s"},"content":{"rendered":"\n<h4 class=\"wp-block-heading\">L\u2019alcaldessa Amparo Folgado i el regidor d\u2019Urbanisme, Jos\u00e9 Francisco Gozalvo, visiten les obres mentre s\u2019instal\u00b7la el nou tauler de formig\u00f3<\/h4>\n\n\n\n<h4 class=\"wp-block-heading\">Est\u00e0 previst que el pont hist\u00f2ric cap a Alaqu\u00e0s s\u2019\u00f2briga a la circulaci\u00f3 de manera provisional a principis d\u2019agost<\/h4>\n\n\n\n<p>Torrent fa un pas decisiu en la reconstrucci\u00f3 de l\u2019emblem\u00e0tic Pont cap a Alaqu\u00e0s, situat al carrer G\u00f3mez Ferrer, una de les infraestructures m\u00e9s importants per a la connectivitat entre Torrent i les localitats ve\u00efnes d\u2019Alaqu\u00e0s, Aldaia i Xirivella. Este mat\u00ed s\u2019ha iniciat una de les fases m\u00e9s esperades del projecte, la desc\u00e0rrega i instal\u00b7laci\u00f3 de les lloses de formig\u00f3 que conformaran el nou tauler del pont, despr\u00e9s de la devastadora barrancada del passat 29 d\u2019octubre de 2024 que el va deixar greument danyat i va perdre la meitat del tauler.<\/p>\n\n\n\n<p>L\u2019alcaldessa de Torrent, Amparo Folgado, junt al regidor d\u2019Urbanisme, Jos\u00e9 Francisco Gozalvo, s\u2019ha despla\u00e7at fins al lloc per comprovar in situ l\u2019avan\u00e7 dels treballs. L\u2019expectaci\u00f3 entre els ve\u00efns ha sigut notable, i molts s\u2019han acostat en vore arribar els grans camions que transportaven les lloses del nou tauler.<br><strong>\u201cEns trobem en una fase molt important i avan\u00e7ada de l\u2019obra de reconstrucci\u00f3\u201d,<\/strong>&nbsp;ha afirmat l\u2019alcaldessa Folgado,&nbsp;<strong>\u201cja que amb la reposici\u00f3 del tauler que es va endur la barrancada del 29 d\u2019octubre, entrem en la fase final: encofrat, construcci\u00f3 de voreres, col\u00b7locaci\u00f3 de tancament, reposici\u00f3 de subministraments com la fibra \u00f2ptica, instal\u00b7laci\u00f3 d\u2019il\u00b7luminaci\u00f3 i finalment l\u2019asfaltat del pont\u201d.<\/strong><\/p>\n\n\n\n<p>Segons l\u2019empresa constructora encarregada dels treballs,&nbsp;<strong>les previsions apunten que el pont podr\u00e0 obrir-se de manera provisional a principis d\u2019agost<\/strong>, una vegada instal\u00b7lat el nou tauler, encara que encara falte l\u2019asfaltat final. El m\u00e9s important, tal com ha assenyalat el responsable de l\u2019empresa, \u00e9s que una vegada reobert no ser\u00e0 necessari tancar-lo de nou. S\u2019espera que els treballs concloguen completament al mes de setembre, amb la infraestructura ja totalment renovada i operativa.<\/p>\n\n\n\n<p><strong>Una obra complexa sobre una estructura hist\u00f3rica<\/strong><\/p>\n\n\n\n<p>El pont del carrer G\u00f3mez Ferrer no \u00e9s una infraestructura qualsevol. El seu origen es remunta a mitjan segle XIX, sent una de les construccions m\u00e9s antigues, recognoscibles de la ciutat i per on circulava el tramvia. Al llarg de la seua hist\u00f2ria ha sigut testimoni del creixement de Torrent i ha sigut refor\u00e7at i ampliat, especialment en la d\u00e8cada dels 90, quan es va ampliar el seu tauler per adaptar-se a l\u2019augment del tr\u00e0nsit.<\/p>\n\n\n\n<p>La DANA del 29 d\u2019octubre de 2024 va causar estralls a la ciutat, i el Pont cap a Alaqu\u00e0s va ser un dels elements m\u00e9s afectats: la for\u00e7a de la barrancada va arrancar m\u00e9s de la meitat del tauler, el que datava dels anys 90, i va provocar la p\u00e8rdua de gran part dels seus carreus de pedra originals. La reconstrucci\u00f3 d\u2019estos elements patrimonials ha sigut un dels majors reptes t\u00e8cnics de tot el proc\u00e9s.<\/p>\n\n\n\n<p><strong>\u201cEste pont \u00e9s el s\u00edmbol de la reconstrucci\u00f3 de Torrent\u201d,<\/strong>&nbsp;ha remarcat Amparo Folgado,&nbsp;<strong>\u201cpel seu valor hist\u00f2ric, per ser el m\u00e9s conegut de la ciutat, i perqu\u00e8 \u00e9s el que m\u00e9s preocupa als ve\u00efns. La seua reobertura \u00e9s un comprom\u00eds amb la nostra hist\u00f2ria i amb el futur de Torrent\u201d.<\/strong><\/p>\n\n\n\n<p>Des de l\u2019inici de les obres, l\u2019empresa adjudicat\u00e0ria ha hagut d\u2019afrontar diversos desafiaments, des de la cerca de picapedrers qualificats capa\u00e7os de tallar els nous carreus amb les mateixes caracter\u00edstiques que els originals, fins a l\u2019estabilitzaci\u00f3 de l\u2019entorn i la utilitzaci\u00f3 de maquin\u00e0ria especialitzada com la hidrodemolidora, que ha perm\u00e9s treballar amb precisi\u00f3 quir\u00fargica sobre la uni\u00f3 entre el tram del tauler que es conservava i el nou que ja s\u2019est\u00e0 col\u00b7locant.<\/p>\n\n\n\n<p><strong>Una actuaci\u00f3 coordinada i priorit\u00e0ria<\/strong><\/p>\n\n\n\n<p>La reconstrucci\u00f3 del pont no ha sigut possible fins a completar una s\u00e8rie d\u2019intervencions pr\u00e8vies essencials. Una d\u2019elles va ser la reparaci\u00f3 del col\u00b7lector nord d\u2019aig\u00fces residuals, el mal estat del qual provocava abocaments a la zona del pont, comprometent la seguretat estructural dels pilars. Esta actuaci\u00f3 va ser executada per Aig\u00fces de l\u2019Horta, que va instal\u00b7lar un col\u00b7lector provisional per permetre l\u2019inici de les obres estructurals.<\/p>\n\n\n\n<p>En paral\u00b7lel, es van recuperar els serveis b\u00e0sics danyats, com les connexions de fibra \u00f2ptica. Des de llavors, l\u2019obra ha avan\u00e7at per fases molt precises que han incl\u00f2s la reconstrucci\u00f3 de l\u2019entorn, el tractament del llit del barranc, la reposici\u00f3 d\u2019elements patrimonials i, actualment, la col\u00b7locaci\u00f3 del nou tauler.<\/p>\n\n\n\n<p>El regidor d\u2019Urbanisme, Jos\u00e9 Francisco Gozalvo, ha destacat la dificultat t\u00e8cnica del projecte&nbsp;<strong>\u201cEsta ha sigut una de les obres m\u00e9s complexes que ha afrontat Torrent en els \u00faltims anys. S\u2019han hagut de coordinar administracions, solucionar obstacles com l\u2019escassetat de picapedrers, treballar sobre estructures hist\u00f2riques i garantir al mateix temps el sanejament i la reposici\u00f3 de serveis. \u00c9s una actuaci\u00f3 que combina patrimoni, enginyeria moderna i comprom\u00eds institucional\u201d.<\/strong><\/p>\n\n\n\n<p><strong>Pr\u00f2ximes fases i coordinaci\u00f3 institucional<\/strong><\/p>\n\n\n\n<p>Les fases finals del projecte contemplen l\u2019execuci\u00f3 de les defenses del pont, la col\u00b7locaci\u00f3 de baranes, la instal\u00b7laci\u00f3 del nou enllumenat p\u00fablic, la senyalitzaci\u00f3 i la reposici\u00f3 de tots els serveis municipals afectats, com canalitzacions i conduccions el\u00e8ctriques. Igualment, s\u2019est\u00e0 treballant en les connexions amb les cal\u00e7ades adjacents per assegurar una integraci\u00f3 perfecta en la xarxa vi\u00e0ria.<\/p>\n\n\n\n<p>Una vegada reobert el pont provisionalment en agost, encara quedaran algunes actuacions pendents: la reposici\u00f3 definitiva del col\u00b7lector nord per part d\u2019Aig\u00fces de l\u2019Horta i la neteja del llit per part de la Confederaci\u00f3 Hidrogr\u00e0fica del X\u00faquer, fonamentals per garantir l\u2019estabilitat futura del pont davant possibles nous episodis de pluges intenses.<\/p>\n\n\n\n<p><strong>La reconstrucci\u00f3 de Torrent, en marxa<\/strong><\/p>\n\n\n\n<p>La reconstrucci\u00f3 del Pont cap a Alaqu\u00e0s forma part del conjunt d\u2019obres d\u2019emerg\u00e8ncia empreses per l\u2019Ajuntament de Torrent despr\u00e9s de la DANA en l\u2019\u00faltim trimestre de 2024, iniciades amb fons municipals, abans que es confirmara l\u2019ajuda del Ministeri, que finalment va arribar al mar\u00e7 de 2025.<\/p>\n\n\n\n<p>Este esfor\u00e7 se suma a altres importants actuacions de recuperaci\u00f3 que han marcat els \u00faltims mesos a Torrent, estes de la Generalitat Valenciana, com la reobertura total de la CV-36, l\u2019autovia que unix Torrent amb Val\u00e8ncia, els dos carrils de la qual ja estan plenament operatius des de hui, despr\u00e9s de la reconstrucci\u00f3 d\u2019un pont col\u00b7lapsat, o la recuperaci\u00f3 del servei de Metrovalencia, restablit el passat 27 de juny.<\/p>\n\n\n\n<p><strong>\u201cEl cam\u00ed de la recuperaci\u00f3 seguix avant amb pas ferm\u201d,<\/strong>&nbsp;ha concl\u00f2s l\u2019alcaldessa.&nbsp;<strong>\u201cI este pont, pel seu simbolisme, per la seua hist\u00f2ria i per tot el que representa, \u00e9s sens dubte una de les obres m\u00e9s esperades pels nostres ve\u00efns. Pront tornar\u00e0 a estar en servici, i ho far\u00e0 m\u00e9s fort que mai\u201d.<\/strong><\/p>\n\n\n\n<figure class=\"wp-block-gallery has-nested-images columns-default is-cropped wp-block-gallery-1 is-layout-flex wp-block-gallery-is-layout-flex\">\n<figure class=\"wp-block-image size-large\"><img fetchpriority=\"high\" decoding=\"async\" width=\"1024\" height=\"682\" data-id=\"83344\" src=\"https:\/\/infotorrent.es\/wp-content\/uploads\/2025\/07\/WhatsApp-Image-2025-07-04-at-12.12.50-1-1024x682.jpeg\" alt=\"\" class=\"wp-image-83344\" srcset=\"https:\/\/infotorrent.es\/wp-content\/uploads\/2025\/07\/WhatsApp-Image-2025-07-04-at-12.12.50-1-1024x682.jpeg 1024w, https:\/\/infotorrent.es\/wp-content\/uploads\/2025\/07\/WhatsApp-Image-2025-07-04-at-12.12.50-1-300x200.jpeg 300w, https:\/\/infotorrent.es\/wp-content\/uploads\/2025\/07\/WhatsApp-Image-2025-07-04-at-12.12.50-1-768x512.jpeg 768w, https:\/\/infotorrent.es\/wp-content\/uploads\/2025\/07\/WhatsApp-Image-2025-07-04-at-12.12.50-1-1536x1023.jpeg 1536w, https:\/\/infotorrent.es\/wp-content\/uploads\/2025\/07\/WhatsApp-Image-2025-07-04-at-12.12.50-1.jpeg 1600w\" sizes=\"(max-width: 1024px) 100vw, 1024px\" \/><\/figure>\n\n\n\n<figure class=\"wp-block-image size-large\"><img decoding=\"async\" width=\"1024\" height=\"682\" data-id=\"83342\" src=\"https:\/\/infotorrent.es\/wp-content\/uploads\/2025\/07\/WhatsApp-Image-2025-07-04-at-12.12.50-1024x682.jpeg\" alt=\"\" class=\"wp-image-83342\" srcset=\"https:\/\/infotorrent.es\/wp-content\/uploads\/2025\/07\/WhatsApp-Image-2025-07-04-at-12.12.50-1024x682.jpeg 1024w, https:\/\/infotorrent.es\/wp-content\/uploads\/2025\/07\/WhatsApp-Image-2025-07-04-at-12.12.50-300x200.jpeg 300w, https:\/\/infotorrent.es\/wp-content\/uploads\/2025\/07\/WhatsApp-Image-2025-07-04-at-12.12.50-768x512.jpeg 768w, https:\/\/infotorrent.es\/wp-content\/uploads\/2025\/07\/WhatsApp-Image-2025-07-04-at-12.12.50-1536x1023.jpeg 1536w, https:\/\/infotorrent.es\/wp-content\/uploads\/2025\/07\/WhatsApp-Image-2025-07-04-at-12.12.50.jpeg 1600w\" sizes=\"(max-width: 1024px) 100vw, 1024px\" \/><\/figure>\n\n\n\n<figure class=\"wp-block-image size-large\"><img decoding=\"async\" width=\"1024\" height=\"682\" data-id=\"83340\" src=\"https:\/\/infotorrent.es\/wp-content\/uploads\/2025\/07\/WhatsApp-Image-2025-07-04-at-12.12.51-1024x682.jpeg\" alt=\"\" class=\"wp-image-83340\" srcset=\"https:\/\/infotorrent.es\/wp-content\/uploads\/2025\/07\/WhatsApp-Image-2025-07-04-at-12.12.51-1024x682.jpeg 1024w, https:\/\/infotorrent.es\/wp-content\/uploads\/2025\/07\/WhatsApp-Image-2025-07-04-at-12.12.51-300x200.jpeg 300w, https:\/\/infotorrent.es\/wp-content\/uploads\/2025\/07\/WhatsApp-Image-2025-07-04-at-12.12.51-768x512.jpeg 768w, https:\/\/infotorrent.es\/wp-content\/uploads\/2025\/07\/WhatsApp-Image-2025-07-04-at-12.12.51-1536x1023.jpeg 1536w, https:\/\/infotorrent.es\/wp-content\/uploads\/2025\/07\/WhatsApp-Image-2025-07-04-at-12.12.51.jpeg 1600w\" sizes=\"(max-width: 1024px) 100vw, 1024px\" \/><\/figure>\n\n\n\n<figure class=\"wp-block-image size-large\"><img loading=\"lazy\" decoding=\"async\" width=\"1024\" height=\"682\" data-id=\"83338\" src=\"https:\/\/infotorrent.es\/wp-content\/uploads\/2025\/07\/WhatsApp-Image-2025-07-04-at-12.12.50-2-1024x682.jpeg\" alt=\"\" class=\"wp-image-83338\" srcset=\"https:\/\/infotorrent.es\/wp-content\/uploads\/2025\/07\/WhatsApp-Image-2025-07-04-at-12.12.50-2-1024x682.jpeg 1024w, https:\/\/infotorrent.es\/wp-content\/uploads\/2025\/07\/WhatsApp-Image-2025-07-04-at-12.12.50-2-300x200.jpeg 300w, https:\/\/infotorrent.es\/wp-content\/uploads\/2025\/07\/WhatsApp-Image-2025-07-04-at-12.12.50-2-768x512.jpeg 768w, https:\/\/infotorrent.es\/wp-content\/uploads\/2025\/07\/WhatsApp-Image-2025-07-04-at-12.12.50-2-1536x1023.jpeg 1536w, https:\/\/infotorrent.es\/wp-content\/uploads\/2025\/07\/WhatsApp-Image-2025-07-04-at-12.12.50-2.jpeg 1600w\" sizes=\"(max-width: 1024px) 100vw, 1024px\" \/><\/figure>\n<\/figure>\n","protected":false},"excerpt":{"rendered":"<p>L\u2019alcaldessa Amparo Folgado i el regidor d\u2019Urbanisme, Jos\u00e9 Francisco Gozalvo, visiten les obres mentre s\u2019instal\u00b7la el nou tauler de formig\u00f3 Est\u00e0 previst que el pont hist\u00f2ric cap a Alaqu\u00e0s s\u2019\u00f2briga a la circulaci\u00f3 de manera provisional a principis d\u2019agost Torrent fa un pas decisiu en la reconstrucci\u00f3 de l\u2019emblem\u00e0tic Pont cap a Alaqu\u00e0s, situat al [&hellip;]<\/p>\n","protected":false},"author":14,"featured_media":83338,"comment_status":"open","ping_status":"open","sticky":false,"template":"","format":"standard","meta":{"_acf_changed":false,"footnotes":""},"categories":[141,1217,1160],"tags":[],"class_list":["post-83347","post","type-post","status-publish","format-standard","has-post-thumbnail","hentry","category-alcaldia-2","category-dana-ca","category-urbanismo-noticias-ca"],"acf":[],"_links":{"self":[{"href":"https:\/\/infotorrent.es\/ca\/wp-json\/wp\/v2\/posts\/83347","targetHints":{"allow":["GET"]}}],"collection":[{"href":"https:\/\/infotorrent.es\/ca\/wp-json\/wp\/v2\/posts"}],"about":[{"href":"https:\/\/infotorrent.es\/ca\/wp-json\/wp\/v2\/types\/post"}],"author":[{"embeddable":true,"href":"https:\/\/infotorrent.es\/ca\/wp-json\/wp\/v2\/users\/14"}],"replies":[{"embeddable":true,"href":"https:\/\/infotorrent.es\/ca\/wp-json\/wp\/v2\/comments?post=83347"}],"version-history":[{"count":1,"href":"https:\/\/infotorrent.es\/ca\/wp-json\/wp\/v2\/posts\/83347\/revisions"}],"predecessor-version":[{"id":83349,"href":"https:\/\/infotorrent.es\/ca\/wp-json\/wp\/v2\/posts\/83347\/revisions\/83349"}],"wp:featuredmedia":[{"embeddable":true,"href":"https:\/\/infotorrent.es\/ca\/wp-json\/wp\/v2\/media\/83338"}],"wp:attachment":[{"href":"https:\/\/infotorrent.es\/ca\/wp-json\/wp\/v2\/media?parent=83347"}],"wp:term":[{"taxonomy":"category","embeddable":true,"href":"https:\/\/infotorrent.es\/ca\/wp-json\/wp\/v2\/categories?post=83347"},{"taxonomy":"post_tag","embeddable":true,"href":"https:\/\/infotorrent.es\/ca\/wp-json\/wp\/v2\/tags?post=83347"}],"curies":[{"name":"wp","href":"https:\/\/api.w.org\/{rel}","templated":true}]}}