{"id":83333,"date":"2025-07-03T14:30:12","date_gmt":"2025-07-03T12:30:12","guid":{"rendered":"https:\/\/infotorrent.es\/?p=83333"},"modified":"2025-07-03T14:34:13","modified_gmt":"2025-07-03T12:34:13","slug":"lajuntament-de-torrent-presenta-musica-festera-a-torrent-el-tercer-volum-de-la-colleccio-gran-torrent","status":"publish","type":"post","link":"https:\/\/infotorrent.es\/ca\/cultura-es-2\/lajuntament-de-torrent-presenta-musica-festera-a-torrent-el-tercer-volum-de-la-colleccio-gran-torrent\/","title":{"rendered":"L\u2019Ajuntament de Torrent presenta \u201cM\u00fasica Festera a Torrent\u201d, el tercer volum de la col\u00b7lecci\u00f3 \u201cGran Torrent\u201d"},"content":{"rendered":"\n<h4 class=\"wp-block-heading\">Dimecres 16 de juliol a la Sala C\u00edvica de l\u2019Antic Mercat<\/h4>\n\n\n\n<p>La Sala C\u00edvica de l\u2019Antic Mercat acollir\u00e0 el pr\u00f2xim dimecres 16 de juliol a les 19.30 hores la presentaci\u00f3 del llibre&nbsp;<em>M\u00fasica Festera a Torrent<\/em>, el tercer volum de la col\u00b7lecci\u00f3 editorial \u201cGran Torrent\u201d impulsada per la regidoria de Cultura de l\u2019Ajuntament de Torrent. L\u2019obra, escrita pel professor i divulgador musical Bernardo Mora-Fandos, suposa una ambiciosa recopilaci\u00f3 i an\u00e0lisi del patrimoni musical vinculat a les festes de Moros i Cristians de la ciutat.<\/p>\n\n\n\n<p>El llibre s\u2019endinsa en la hist\u00f2ria i el valor cultural de les composicions festeres a trav\u00e9s d\u2019un ampli estudi de 37 peces: 16 marxes mores, 18 marxes cristianes i tres composicions especials, totes elles creades per m\u00fasics torrentins o dedicades a c\u00e0rrecs, filaes, comparses o personalitats locals. Cada composici\u00f3 compta amb una fitxa t\u00e8cnica detallada, an\u00e0lisi musical i fotografies dels seus protagonistes.<\/p>\n\n\n\n<p>La publicaci\u00f3 s\u2019enriquix amb tres articles signats per experts en l\u2019\u00e0mbit acad\u00e8mic i musical. El pr\u00f2leg, titulat&nbsp;<em>Import\u00e0ncia i evoluci\u00f3 del llenguatge en la m\u00fasica festera<\/em>, ha sigut escrit per Juan Carlos Sempere Bombo\u00ed, president de l\u2019Associaci\u00f3 de Compositors de M\u00fasica de Moros i Cristians (ACMMIC). Tamb\u00e9 inclou l\u2019article&nbsp;<em>El batec sonor de Torrent: valor social i cultural de la m\u00fasica en les festes de Moros i Cristians<\/em>, signat per Daniel Catal\u00e0 P\u00e9rez, Blanca de Miguel Molina, Mar\u00eda de Miguel Molina i Conrado Carrascosa L\u00f3pez, del Departament d\u2019Organitzaci\u00f3 d\u2019Empreses de la Universitat Polit\u00e8cnica de Val\u00e8ncia. Tanca el bloc te\u00f2ric l\u2019aportaci\u00f3 d\u2019Ana Mar\u00eda Botella Nicol\u00e1s, professora de la Universitat de Val\u00e8ncia, amb el text&nbsp;<em>Sons de la identitat festera: la m\u00fasica de Moros i Cristians a la Comunitat Valenciana<\/em>.<\/p>\n\n\n\n<p>El regidor de Cultura, Aitor S\u00e1nchez, ha destacat que \u201ceste nou llibre de la col\u00b7lecci\u00f3 Gran Torrent posa en valor l\u2019immens llegat musical de les nostres festes i ret homenatge a generacions de compositors torrentins que, amb el seu talent, han donat identitat sonora a Torrent. \u00c9s un orgull poder presentar una obra d\u2019esta envergadura, fruit d\u2019un rigor\u00f3s treball d\u2019investigaci\u00f3 i d\u2019amor per la cultura\u201d.<\/p>\n\n\n\n<p>Per la seua banda, l\u2019alcaldessa de Torrent, Amparo Folgado, ha subratllat en el saluda que encap\u00e7ala el llibre que \u201cLa m\u00fasica festera no \u00e9s nom\u00e9s un acompanyament sonor, sin\u00f3 el fil conductor que ens uneix, que marca el ritme de les nostres emocions i que dona identitat pr\u00f2pia a cada acte, a cada moment\u201d. Folgado ha agra\u00eft especialment el treball de Bernardo Mora-Fandos i de tots els col\u00b7laboradors del llibre, destacant que \u201cGr\u00e0cies a treballs com este, continuarem transmetent amb orgull el nostre patrimoni musical a les futures generacions\u201d. Amb esta publicaci\u00f3, l\u2019Ajuntament de Torrent referma el seu comprom\u00eds amb la difusi\u00f3 i preservaci\u00f3 del patrimoni cultural local, en una col\u00b7lecci\u00f3 que va comen\u00e7ar amb el volum&nbsp;<em>Shhc\u00fachame<\/em>&nbsp;i que continua creixent amb aportacions de gran valor documental i emocional per a la ciutadania. L\u2019entrada a l\u2019acte de presentaci\u00f3 ser\u00e0 lliure fins a completar aforament. La cita \u00e9s el pr\u00f2xim 16 de juliol a les 19.30 hores.<\/p>\n\n\n\n<figure class=\"wp-block-image size-large\"><img fetchpriority=\"high\" decoding=\"async\" width=\"1024\" height=\"1024\" src=\"https:\/\/infotorrent.es\/wp-content\/uploads\/2025\/07\/Imagen-de-WhatsApp-2025-07-01-a-las-19.22.28_f27104ff-1024x1024.jpg\" alt=\"\" class=\"wp-image-83330\" srcset=\"https:\/\/infotorrent.es\/wp-content\/uploads\/2025\/07\/Imagen-de-WhatsApp-2025-07-01-a-las-19.22.28_f27104ff-1024x1024.jpg 1024w, https:\/\/infotorrent.es\/wp-content\/uploads\/2025\/07\/Imagen-de-WhatsApp-2025-07-01-a-las-19.22.28_f27104ff-300x300.jpg 300w, https:\/\/infotorrent.es\/wp-content\/uploads\/2025\/07\/Imagen-de-WhatsApp-2025-07-01-a-las-19.22.28_f27104ff-150x150.jpg 150w, https:\/\/infotorrent.es\/wp-content\/uploads\/2025\/07\/Imagen-de-WhatsApp-2025-07-01-a-las-19.22.28_f27104ff-768x768.jpg 768w, https:\/\/infotorrent.es\/wp-content\/uploads\/2025\/07\/Imagen-de-WhatsApp-2025-07-01-a-las-19.22.28_f27104ff-1536x1536.jpg 1536w, https:\/\/infotorrent.es\/wp-content\/uploads\/2025\/07\/Imagen-de-WhatsApp-2025-07-01-a-las-19.22.28_f27104ff-700x700.jpg 700w, https:\/\/infotorrent.es\/wp-content\/uploads\/2025\/07\/Imagen-de-WhatsApp-2025-07-01-a-las-19.22.28_f27104ff.jpg 1600w\" sizes=\"(max-width: 1024px) 100vw, 1024px\" \/><\/figure>\n","protected":false},"excerpt":{"rendered":"<p>Dimecres 16 de juliol a la Sala C\u00edvica de l\u2019Antic Mercat La Sala C\u00edvica de l\u2019Antic Mercat acollir\u00e0 el pr\u00f2xim dimecres 16 de juliol a les 19.30 hores la presentaci\u00f3 del llibre&nbsp;M\u00fasica Festera a Torrent, el tercer volum de la col\u00b7lecci\u00f3 editorial \u201cGran Torrent\u201d impulsada per la regidoria de Cultura de l\u2019Ajuntament de Torrent. L\u2019obra, [&hellip;]<\/p>\n","protected":false},"author":18,"featured_media":83330,"comment_status":"open","ping_status":"open","sticky":false,"template":"","format":"standard","meta":{"_acf_changed":false,"footnotes":""},"categories":[1190,126],"tags":[],"class_list":["post-83333","post","type-post","status-publish","format-standard","has-post-thumbnail","hentry","category-ayuntamiento-de-torrent-ca","category-cultura-es-2"],"acf":[],"_links":{"self":[{"href":"https:\/\/infotorrent.es\/ca\/wp-json\/wp\/v2\/posts\/83333","targetHints":{"allow":["GET"]}}],"collection":[{"href":"https:\/\/infotorrent.es\/ca\/wp-json\/wp\/v2\/posts"}],"about":[{"href":"https:\/\/infotorrent.es\/ca\/wp-json\/wp\/v2\/types\/post"}],"author":[{"embeddable":true,"href":"https:\/\/infotorrent.es\/ca\/wp-json\/wp\/v2\/users\/18"}],"replies":[{"embeddable":true,"href":"https:\/\/infotorrent.es\/ca\/wp-json\/wp\/v2\/comments?post=83333"}],"version-history":[{"count":1,"href":"https:\/\/infotorrent.es\/ca\/wp-json\/wp\/v2\/posts\/83333\/revisions"}],"predecessor-version":[{"id":83335,"href":"https:\/\/infotorrent.es\/ca\/wp-json\/wp\/v2\/posts\/83333\/revisions\/83335"}],"wp:featuredmedia":[{"embeddable":true,"href":"https:\/\/infotorrent.es\/ca\/wp-json\/wp\/v2\/media\/83330"}],"wp:attachment":[{"href":"https:\/\/infotorrent.es\/ca\/wp-json\/wp\/v2\/media?parent=83333"}],"wp:term":[{"taxonomy":"category","embeddable":true,"href":"https:\/\/infotorrent.es\/ca\/wp-json\/wp\/v2\/categories?post=83333"},{"taxonomy":"post_tag","embeddable":true,"href":"https:\/\/infotorrent.es\/ca\/wp-json\/wp\/v2\/tags?post=83333"}],"curies":[{"name":"wp","href":"https:\/\/api.w.org\/{rel}","templated":true}]}}