{"id":83222,"date":"2025-06-30T12:43:20","date_gmt":"2025-06-30T10:43:20","guid":{"rendered":"https:\/\/infotorrent.es\/?p=83222"},"modified":"2025-06-30T12:43:33","modified_gmt":"2025-06-30T10:43:33","slug":"el-prat-es-queda-a-torrent","status":"publish","type":"post","link":"https:\/\/infotorrent.es\/ca\/alcaldia-2\/el-prat-es-queda-a-torrent\/","title":{"rendered":"El Prat es queda a Torrent"},"content":{"rendered":"\n<h4 class=\"wp-block-heading\"><strong>Les tres reproduccions, de les obres mestres, cedides pel Museu del Prado despr\u00e9s de la Dana, s\u00f3n donades per a la seua exhibici\u00f3 permanent<\/strong><\/h4>\n\n\n\n<h4 class=\"wp-block-heading\"><strong>El Prat i Torrent reforcen el seu comprom\u00eds i el llegat cultural continuar\u00e0 inspirant a ve\u00efns i visitants<\/strong><\/h4>\n\n\n\n<p>L&#8217;Ajuntament de Torrent ha anunciat amb orgull que les tres reproduccions d&#8217;obres mestres del Museu Nacional del Prado, instal\u00b7lades als seus carrers des d&#8217;el mes de maig passat com a part de la iniciativa \u201cEn un lloc de\u2026\u201d, romandran de manera permanent a la ciutat. La decisi\u00f3, fruit d&#8217;un gest de generositat del Prat i de l&#8217;excel\u00b7lent recepci\u00f3 per part de la ciutadania, convertix a Torrent en un museu a l&#8217;aire lliure que recordar\u00e0 per sempre la solidaritat i el poder de l&#8217;art despr\u00e9s dels dif\u00edcils mesos que van seguir a la Dana.<\/p>\n\n\n\n<p>La proposta va ser comunicada pel mateix Museu Nacional del Prado a l&#8217;alcaldessa de Torrent, Amparo Folgado, a trav\u00e9s d&#8217;una emotiva comunicaci\u00f3 remesa per Carlos Chaguaceda, director de Comunicaci\u00f3 i Assumptes Corporatius del Museu. En l&#8217;escrit, el representant del Prat va destacar que el projecte havia superat totes les expectatives per&nbsp;<strong>\u201cl&#8217;excel\u00b7lent acolliment i el carinyo que ens vau dispensar\u201d<\/strong>&nbsp;i va explicar que, malgrat que la data inicial de retirada de les obres estava fixada per al 30 de juny,&nbsp;<strong>\u201cla Direcci\u00f3 del Museu creu que eixa manera de concloure no estaria a l&#8217;altura de la nostra voluntat ni de la repercussi\u00f3 i carinyo que este projecte ha tingut\u201d.<\/strong><\/p>\n\n\n\n<p>En eixe sentit, el Museu va proposar que les tres reproduccions \u2014que inclouen la imponent \u201cLes llances o La rendici\u00f3 de Breda\u201d de Vel\u00e1zquez, l&#8217;exquisida natura morta de Clara Peeters i la intimista escena de Fortuny\u2014 es queden de manera indefinida a Torrent, sempre que se situen en espais d&#8217;acc\u00e9s p\u00fablic com a centres c\u00edvics, biblioteques, col\u00b7legis o edificis municipals, i que es mantinguen les cartel\u00b7les explicatives al costat d&#8217;un nou text que evoque el sentit solidari de la iniciativa.<\/p>\n\n\n\n<p>L&#8217;alcaldessa de Torrent, Amparo Folgado, ha respost amb un missatge ple de gratitud: \u201c<strong>Vull fer-li arribar com a alcaldessa, i en nom de la ciutat de Torrent i els torrentinos, el nostre m\u00e9s sincer agra\u00efment per la magn\u00edfica iniciativa d&#8217;exposar de manera permanent les excelses obres del Museu del Prado en la nostra localitat\u201d.<\/strong><\/p>\n\n\n\n<p>En la missiva, Folgado va subratllar la rellev\u00e0ncia que este projecte ha tingut per a la recuperaci\u00f3 emocional de la ciutat despr\u00e9s de la Dana, afirmant que:&nbsp;<strong>\u201cGr\u00e0cies a un projecte de suport a les poblacions afectades per la Dana, traslladant algunes de les obres m\u00e9s famoses de la millor pinacoteca del m\u00f3n als nostres carrers, la ciutadania ha pogut gaudir de la forma m\u00e9s pr\u00f2xima el patrimoni cultural del qual ens enorgullim. Alguna cosa que ara podran tindre a la seua disposici\u00f3 tamb\u00e9 sense l\u00edmit en el temps\u201d.<\/strong><\/p>\n\n\n\n<p>Finalment, l&#8217;alcaldessa va reafirmar el comprom\u00eds del consistori per a garantir que les obres queden situades en espais accessibles per a tots els torrentinos i visitants, respectant les condicions plantejades pel Prat perqu\u00e8 continuen complint el seu prop\u00f2sit d&#8217;acostar l&#8217;art a la ciutadania i recordar la for\u00e7a de la uni\u00f3 en els pitjors moments.<\/p>\n\n\n\n<p><strong>Context: \u201cEn un lloc de\u2026\u201d i la mem\u00f2ria de la Dana<\/strong><\/p>\n\n\n\n<p>Les tres reproduccions van arribar a Torrent el passat 13 de maig dins de la iniciativa solid\u00e0ria \u201cEn un lloc de\u2026\u201d, amb la qual el Museu del Prado i la Fundaci\u00f3 Amics del Museu del Prado van traslladar 20 obres mestres a 13 municipis valencians afectats per la Dana del 29 d&#8217;octubre de 2024.<\/p>\n\n\n\n<p>Les obres exposades a Torrent, han sigut:<\/p>\n\n\n\n<p>\u2022&nbsp;&nbsp;&nbsp;&nbsp;&nbsp;&nbsp;&nbsp; \u201cLes llances o La rendici\u00f3 de Breda\u201d de Vel\u00e1zquez, col\u00b7locada en la fa\u00e7ana de l&#8217;EMAT, un edifici emblem\u00e0tic de l&#8217;avinguda al Vedat, on es va convertir en un s\u00edmbol de dignitat i resili\u00e8ncia col\u00b7lectiva.<\/p>\n\n\n\n<p>\u2022&nbsp;&nbsp;&nbsp;&nbsp;&nbsp;&nbsp;&nbsp; \u201c&#8217;Natura morta amb flors, copa de plata daurada, ametles, fruita seca, dol\u00e7os, panets, vi i pitxer de peltre\u201d de Clara Peeters, en la fa\u00e7ana de l&#8217;Antic Mercat, un espai que simbolitza la conviv\u00e8ncia i el batec social del centre hist\u00f2ric de Torrent.<\/p>\n\n\n\n<p>\u2022&nbsp;&nbsp;&nbsp;&nbsp;&nbsp;&nbsp;&nbsp; \u201cEls fills del pintor en el sal\u00f3 japon\u00e9s\u201d de Fortuny, sota l&#8217;hist\u00f2ric ficus de la pla\u00e7a Bisbe Benlloch enfront de l&#8217;Ajuntament, lloc de trobada per a generacions de torrentinos.<\/p>\n\n\n\n<p>Durant m\u00e9s de mes i mig, estes obres van transformar els carrers en un museu viu, refor\u00e7ant l&#8217;esperit de recuperaci\u00f3 d&#8217;una ciutat que va patir durament els efectes de la Dana i que, gr\u00e0cies a la cultura, ha trobat un cam\u00ed per a mirar al futur amb esperan\u00e7a.<\/p>\n\n\n\n<p><strong>El Prat refor\u00e7a el seu comprom\u00eds cultural amb Torrent<\/strong><\/p>\n\n\n\n<p>En paraules de l&#8217;alcaldessa, Amparo Folgado:&nbsp;<strong>\u201cEl comprom\u00eds d&#8217;entitats com el Museu Nacional del Prado amb la democratitzaci\u00f3 de la cultura \u00e9s digne de lloa, permetent a la ciutadania al complet con\u00e9ixer el llegat art\u00edstic i hist\u00f2ric de la nostra naci\u00f3, un dels m\u00e9s destacats de la humanitat\u201d.<\/strong><\/p>\n\n\n\n<p><strong>\u201cAgra\u00efsc profundament al Museu del Prado, a la Fundaci\u00f3 Amics del Museu del Prado i a tot el seu equip per haver confiat en Torrent per a custodiar i ara finalment poder compartir estes joies per sempre. Este acte de generositat enfortix els lla\u00e7os entre la nostra ciutat i una de les institucions culturals m\u00e9s prestigioses del m\u00f3n\u201d<\/strong>, ha destacat l&#8217;alcaldessa.<\/p>\n\n\n\n<p><strong>\u201cQue estes obres mestres del Museu del Prado romanguen a Torrent per sempre \u00e9s un orgull immens per a la nostra ciutat. \u00c9s un gest que transcendix el cultural: simbolitza el cam\u00ed de recuperaci\u00f3 que hem recorregut junts despr\u00e9s de la Dana i reflectix la fortalesa i resili\u00e8ncia dels nostres ve\u00efns\u201d<\/strong>, ha subratllat Folgado.<\/p>\n\n\n\n<p><strong>\u201cConvide a tots els torrentinos i torrentinas a sentir-se orgullosos d&#8217;este patrimoni que ja \u00e9s part de la nostra hist\u00f2ria. Continuem cuidant i valorant estes obres que representen no sols el llegat art\u00edstic d&#8217;Espanya, sin\u00f3 tamb\u00e9 la solidaritat que ens va ajudar a al\u00e7ar-nos com a comunitat\u201d<\/strong>, ha concl\u00f2s la primera edil.<\/p>\n\n\n\n<p>L&#8217;Ajuntament informar\u00e0 pr\u00f2ximament sobre la nova ubicaci\u00f3 definitiva de les obres, que seguir\u00e0 els criteris d&#8217;accessibilitat i aflu\u00e8ncia perqu\u00e8 continuen complint el seu objectiu: ser un recordatori permanent de la capacitat de superaci\u00f3 de Torrent i del poder transformador de l&#8217;art.<\/p>\n\n\n\n<figure class=\"wp-block-gallery has-nested-images columns-default is-cropped wp-block-gallery-1 is-layout-flex wp-block-gallery-is-layout-flex\">\n<figure class=\"wp-block-image size-large\"><img fetchpriority=\"high\" decoding=\"async\" width=\"1024\" height=\"682\" data-id=\"83219\" src=\"https:\/\/infotorrent.es\/wp-content\/uploads\/2025\/06\/7-5-1-1024x682.jpg\" alt=\"\" class=\"wp-image-83219\" srcset=\"https:\/\/infotorrent.es\/wp-content\/uploads\/2025\/06\/7-5-1-1024x682.jpg 1024w, https:\/\/infotorrent.es\/wp-content\/uploads\/2025\/06\/7-5-1-300x200.jpg 300w, https:\/\/infotorrent.es\/wp-content\/uploads\/2025\/06\/7-5-1-768x512.jpg 768w, https:\/\/infotorrent.es\/wp-content\/uploads\/2025\/06\/7-5-1-1536x1023.jpg 1536w, https:\/\/infotorrent.es\/wp-content\/uploads\/2025\/06\/7-5-1.jpg 1600w\" sizes=\"(max-width: 1024px) 100vw, 1024px\" \/><\/figure>\n\n\n\n<figure class=\"wp-block-image size-large\"><img decoding=\"async\" width=\"1024\" height=\"682\" data-id=\"83217\" src=\"https:\/\/infotorrent.es\/wp-content\/uploads\/2025\/06\/8-1-1-1024x682.jpg\" alt=\"\" class=\"wp-image-83217\" srcset=\"https:\/\/infotorrent.es\/wp-content\/uploads\/2025\/06\/8-1-1-1024x682.jpg 1024w, https:\/\/infotorrent.es\/wp-content\/uploads\/2025\/06\/8-1-1-300x200.jpg 300w, https:\/\/infotorrent.es\/wp-content\/uploads\/2025\/06\/8-1-1-768x512.jpg 768w, https:\/\/infotorrent.es\/wp-content\/uploads\/2025\/06\/8-1-1-1536x1023.jpg 1536w, https:\/\/infotorrent.es\/wp-content\/uploads\/2025\/06\/8-1-1.jpg 1600w\" sizes=\"(max-width: 1024px) 100vw, 1024px\" \/><\/figure>\n\n\n\n<figure class=\"wp-block-image size-large\"><img decoding=\"async\" width=\"1024\" height=\"682\" data-id=\"83215\" src=\"https:\/\/infotorrent.es\/wp-content\/uploads\/2025\/06\/2-7-1-1024x682.jpg\" alt=\"\" class=\"wp-image-83215\" srcset=\"https:\/\/infotorrent.es\/wp-content\/uploads\/2025\/06\/2-7-1-1024x682.jpg 1024w, https:\/\/infotorrent.es\/wp-content\/uploads\/2025\/06\/2-7-1-300x200.jpg 300w, https:\/\/infotorrent.es\/wp-content\/uploads\/2025\/06\/2-7-1-768x512.jpg 768w, https:\/\/infotorrent.es\/wp-content\/uploads\/2025\/06\/2-7-1-1536x1023.jpg 1536w, https:\/\/infotorrent.es\/wp-content\/uploads\/2025\/06\/2-7-1.jpg 1600w\" sizes=\"(max-width: 1024px) 100vw, 1024px\" \/><\/figure>\n<\/figure>\n","protected":false},"excerpt":{"rendered":"<p>Les tres reproduccions, de les obres mestres, cedides pel Museu del Prado despr\u00e9s de la Dana, s\u00f3n donades per a la seua exhibici\u00f3 permanent El Prat i Torrent reforcen el seu comprom\u00eds i el llegat cultural continuar\u00e0 inspirant a ve\u00efns i visitants L&#8217;Ajuntament de Torrent ha anunciat amb orgull que les tres reproduccions d&#8217;obres mestres [&hellip;]<\/p>\n","protected":false},"author":14,"featured_media":83217,"comment_status":"open","ping_status":"open","sticky":false,"template":"","format":"standard","meta":{"_acf_changed":false,"footnotes":""},"categories":[141,1219,126],"tags":[],"class_list":["post-83222","post","type-post","status-publish","format-standard","has-post-thumbnail","hentry","category-alcaldia-2","category-ajuntament-de-torrent","category-cultura-es-2"],"acf":[],"_links":{"self":[{"href":"https:\/\/infotorrent.es\/ca\/wp-json\/wp\/v2\/posts\/83222","targetHints":{"allow":["GET"]}}],"collection":[{"href":"https:\/\/infotorrent.es\/ca\/wp-json\/wp\/v2\/posts"}],"about":[{"href":"https:\/\/infotorrent.es\/ca\/wp-json\/wp\/v2\/types\/post"}],"author":[{"embeddable":true,"href":"https:\/\/infotorrent.es\/ca\/wp-json\/wp\/v2\/users\/14"}],"replies":[{"embeddable":true,"href":"https:\/\/infotorrent.es\/ca\/wp-json\/wp\/v2\/comments?post=83222"}],"version-history":[{"count":1,"href":"https:\/\/infotorrent.es\/ca\/wp-json\/wp\/v2\/posts\/83222\/revisions"}],"predecessor-version":[{"id":83224,"href":"https:\/\/infotorrent.es\/ca\/wp-json\/wp\/v2\/posts\/83222\/revisions\/83224"}],"wp:featuredmedia":[{"embeddable":true,"href":"https:\/\/infotorrent.es\/ca\/wp-json\/wp\/v2\/media\/83217"}],"wp:attachment":[{"href":"https:\/\/infotorrent.es\/ca\/wp-json\/wp\/v2\/media?parent=83222"}],"wp:term":[{"taxonomy":"category","embeddable":true,"href":"https:\/\/infotorrent.es\/ca\/wp-json\/wp\/v2\/categories?post=83222"},{"taxonomy":"post_tag","embeddable":true,"href":"https:\/\/infotorrent.es\/ca\/wp-json\/wp\/v2\/tags?post=83222"}],"curies":[{"name":"wp","href":"https:\/\/api.w.org\/{rel}","templated":true}]}}