{"id":8321,"date":"2016-12-27T08:44:57","date_gmt":"2016-12-27T08:44:57","guid":{"rendered":"https:\/\/infotorrent.es\/uncategorized\/les-associacions-de-torrent-es-reunixen-en-lajuntament-per-a-celebrar-el-nadal\/"},"modified":"2016-12-27T08:44:57","modified_gmt":"2016-12-27T08:44:57","slug":"les-associacions-de-torrent-es-reunixen-en-lajuntament-per-a-celebrar-el-nadal","status":"publish","type":"post","link":"https:\/\/infotorrent.es\/ca\/noticies\/les-associacions-de-torrent-es-reunixen-en-lajuntament-per-a-celebrar-el-nadal\/","title":{"rendered":"Les associacions de Torrent es reunixen en l&#8217;ajuntament per a celebrar el Nadal"},"content":{"rendered":"<div style=\"text-align: justify;\">Ahir a la vesprada els representants de les associacions i col\u00b7lectius de Torrent, van acudir a l&#8217;ajuntament per a celebrar l&#8217;inici de les festes nadalenques. L&#8217;acte es va iniciar amb unes nadales cantades pels xiquets i xiquetes pertanyents a un dels cors de l&#8217;Associaci\u00f3 d&#8217;Andalusos de Torrent, que donaren un ambient nadalenc a l&#8217;acte. A continuaci\u00f3 l&#8217;alcalde Jes\u00fas Ros, acompanyat pels membres de corporaci\u00f3 municipal, va agrair als assistents la labor i l\u2019esfor\u00e7 que duen a terme al llarg de l&#8217;any, i manifest\u00e0 els seus bons desitjos per a estes dates nadalenques, aix\u00ed com per a l&#8217;any nou.<\/div>\n","protected":false},"excerpt":{"rendered":"<p>Ahir a la vesprada els representants de les associacions i col\u00b7lectius de Torrent, van acudir a l&#8217;ajuntament per a celebrar l&#8217;inici de les festes nadalenques. L&#8217;acte es va iniciar amb unes nadales cantades pels xiquets i xiquetes pertanyents a un dels cors de l&#8217;Associaci\u00f3 d&#8217;Andalusos de Torrent, que donaren un ambient nadalenc a l&#8217;acte. A [&hellip;]<\/p>\n","protected":false},"author":13,"featured_media":1137,"comment_status":"open","ping_status":"open","sticky":false,"template":"","format":"standard","meta":{"_acf_changed":false,"footnotes":""},"categories":[126,116],"tags":[723],"class_list":["post-8321","post","type-post","status-publish","format-standard","has-post-thumbnail","hentry","category-cultura-es-2","category-noticies","tag-nadal"],"acf":[],"_links":{"self":[{"href":"https:\/\/infotorrent.es\/ca\/wp-json\/wp\/v2\/posts\/8321","targetHints":{"allow":["GET"]}}],"collection":[{"href":"https:\/\/infotorrent.es\/ca\/wp-json\/wp\/v2\/posts"}],"about":[{"href":"https:\/\/infotorrent.es\/ca\/wp-json\/wp\/v2\/types\/post"}],"author":[{"embeddable":true,"href":"https:\/\/infotorrent.es\/ca\/wp-json\/wp\/v2\/users\/13"}],"replies":[{"embeddable":true,"href":"https:\/\/infotorrent.es\/ca\/wp-json\/wp\/v2\/comments?post=8321"}],"version-history":[{"count":0,"href":"https:\/\/infotorrent.es\/ca\/wp-json\/wp\/v2\/posts\/8321\/revisions"}],"wp:featuredmedia":[{"embeddable":true,"href":"https:\/\/infotorrent.es\/ca\/wp-json\/wp\/v2\/media\/1137"}],"wp:attachment":[{"href":"https:\/\/infotorrent.es\/ca\/wp-json\/wp\/v2\/media?parent=8321"}],"wp:term":[{"taxonomy":"category","embeddable":true,"href":"https:\/\/infotorrent.es\/ca\/wp-json\/wp\/v2\/categories?post=8321"},{"taxonomy":"post_tag","embeddable":true,"href":"https:\/\/infotorrent.es\/ca\/wp-json\/wp\/v2\/tags?post=8321"}],"curies":[{"name":"wp","href":"https:\/\/api.w.org\/{rel}","templated":true}]}}